{"id":850567,"date":"2026-05-01T18:07:03","date_gmt":"2026-05-01T14:07:03","guid":{"rendered":"https:\/\/arantv.az\/?p=850567"},"modified":"2026-05-01T18:07:03","modified_gmt":"2026-05-01T14:07:03","slug":"hikm%c9%99t-haciyev-avroparlamentin-az%c9%99rbaycanla-bagli-q%c9%99tnam%c9%99si-diplomatik-rusvayciliqdir","status":"publish","type":"post","link":"https:\/\/arantv.az\/?p=850567","title":{"rendered":"Hikm\u0259t Hac\u0131yev: Avroparlamentin Az\u0259rbaycanla ba\u011fl\u0131 q\u0259tnam\u0259si diplomatik r\u00fcsvay\u00e7\u0131l\u0131qd\u0131r"},"content":{"rendered":"<p><strong>Avropa Parlamentinin Az\u0259rbaycanla ba\u011fl\u0131 q\u0259tnam\u0259sini diplomatik r\u00fcsvay\u00e7\u0131l\u0131q adland\u0131rmaq olar.<\/strong><\/p>\n<p>Bunu Az\u0259rbaycan Prezidentinin k\u00f6m\u0259k\u00e7isi &#8211; Prezident Administrasiyas\u0131n\u0131n xarici siyas\u0259t m\u0259s\u0259l\u0259l\u0259ri \u015f\u00f6b\u0259sinin m\u00fcdiri Hikm\u0259t Hac\u0131yev jurnalistl\u0259rl\u0259 s\u00f6hb\u0259tind\u0259 deyib.<\/p>\n<p><strong>O, Avropa Parlamenti t\u0259r\u0259find\u0259n bel\u0259 bir siyas\u0259tin y\u00fcr\u00fcd\u00fclm\u0259sinin t\u0259\u0259ss\u00fcf do\u011furdu\u011funu bildirib:<\/strong><\/p>\n<p>&#8220;Avropa Parlamentinin q\u0259bul etdiyi q\u0259rarlar\u0131n Az\u0259rbaycan Respublikas\u0131 \u00fc\u00e7\u00fcn he\u00e7 bir \u0259h\u0259miyy\u0259ti yoxdur. Az\u0259rbaycan\u0131n bu t\u0259sisat qar\u015f\u0131s\u0131nda he\u00e7 bir \u00f6hd\u0259liyi yoxdur. Avropa Parlamentinin bu tip m\u0259s\u0259l\u0259l\u0259r\u0259 m\u00fcnasib\u0259t bildirm\u0259yin\u0259 mandat\u0131 da yoxdur&#8221;.<\/p>\n<p><strong>Hikm\u0259t Hac\u0131yevin fikrinc\u0259, bu, Az\u0259rbaycanla Erm\u0259nistan aras\u0131nda s\u00fclh prosesin\u0259 \u0259ng\u0259l yaratmaqd\u0131r:<\/strong><\/p>\n<p>&#8220;Az\u0259rbaycanla Erm\u0259nistan aras\u0131nda s\u00fclh\u00fcn formala\u015fmas\u0131 istiqam\u0259tind\u0259 iqtisadi add\u0131mlar\u0131n at\u0131ld\u0131\u011f\u0131 bir d\u00f6vrd\u0259, Az\u0259rbaycan\u0131n ba\u015f nazirinin m\u00fcavininin Erm\u0259nistana s\u0259f\u0259r etm\u0259sind\u0259n bir g\u00fcn sonra bel\u0259 bir q\u0259rar\u0131n olmas\u0131 ancaq diplomatik r\u00fcsvay\u00e7\u0131l\u0131qd\u0131r&#8221;.<\/p>\n<p>H.Hac\u0131yev deyib ki, onlar\u0131n bu add\u0131mlar\u0131n\u0131 pozuculuq, provokasiya v\u0259 regionu yenid\u0259n m\u00fcharib\u0259y\u0259 s\u00fcr\u00fckl\u0259m\u0259k add\u0131m\u0131 kimi qiym\u0259tl\u0259ndirm\u0259k olar. (Report)<\/p>\n","protected":false},"excerpt":{"rendered":"<p>Avropa Parlamentinin Az\u0259rbaycanla ba\u011fl\u0131 q\u0259tnam\u0259sini diplomatik r\u00fcsvay\u00e7\u0131l\u0131q adland\u0131rmaq olar. Bunu Az\u0259rbaycan Prezidentinin k\u00f6m\u0259k\u00e7isi &#8211; Prezident Administrasiyas\u0131n\u0131n xarici siyas\u0259t m\u0259s\u0259l\u0259l\u0259ri \u015f\u00f6b\u0259sinin m\u00fcdiri Hikm\u0259t Hac\u0131yev jurnalistl\u0259rl\u0259 s\u00f6hb\u0259tind\u0259 deyib. O, Avropa Parlamenti t\u0259r\u0259find\u0259n bel\u0259 bir siyas\u0259tin y\u00fcr\u00fcd\u00fclm\u0259sinin t\u0259\u0259ss\u00fcf do\u011furdu\u011funu bildirib: &#8220;Avropa Parlamentinin q\u0259bul etdiyi q\u0259rarlar\u0131n Az\u0259rbaycan Respublikas\u0131 \u00fc\u00e7\u00fcn he\u00e7 bir \u0259h\u0259miyy\u0259ti yoxdur. Az\u0259rbaycan\u0131n bu t\u0259sisat qar\u015f\u0131s\u0131nda he\u00e7 bir \u00f6hd\u0259liyi yoxdur. Avropa Parlamentinin bu tip m\u0259s\u0259l\u0259l\u0259r\u0259 m\u00fcnasib\u0259t bildirm\u0259yin\u0259 mandat\u0131 da yoxdur&#8221;. Hikm\u0259t Hac\u0131yevin fikrinc\u0259, bu, Az\u0259rbaycanla Erm\u0259nistan aras\u0131nda s\u00fclh prosesin\u0259 \u0259ng\u0259l yaratmaqd\u0131r: &#8220;Az\u0259rbaycanla Erm\u0259nistan aras\u0131nda s\u00fclh\u00fcn formala\u015fmas\u0131 istiqam\u0259tind\u0259 iqtisadi add\u0131mlar\u0131n at\u0131ld\u0131\u011f\u0131 bir d\u00f6vrd\u0259, Az\u0259rbaycan\u0131n&hellip;<\/p>\n","protected":false},"author":2,"featured_media":850568,"comment_status":"closed","ping_status":"closed","sticky":false,"template":"","format":"standard","meta":{"om_disable_all_campaigns":false,"_monsterinsights_skip_tracking":false,"_monsterinsights_sitenote_active":false,"_monsterinsights_sitenote_note":"","_monsterinsights_sitenote_category":0},"categories":[4],"tags":[],"aioseo_notices":[],"gutentor_comment":0,"rttpg_featured_image_url":{"full":["https:\/\/arantv.az\/wp-content\/uploads\/2026\/05\/dffd00b1c3e93f17595ac94ed6ffbda4.jpg",830,500,false],"landscape":["https:\/\/arantv.az\/wp-content\/uploads\/2026\/05\/dffd00b1c3e93f17595ac94ed6ffbda4.jpg",830,500,false],"portraits":["https:\/\/arantv.az\/wp-content\/uploads\/2026\/05\/dffd00b1c3e93f17595ac94ed6ffbda4.jpg",830,500,false],"thumbnail":["https:\/\/arantv.az\/wp-content\/uploads\/2026\/05\/dffd00b1c3e93f17595ac94ed6ffbda4-500x280.jpg",500,280,true],"medium":["https:\/\/arantv.az\/wp-content\/uploads\/2026\/05\/dffd00b1c3e93f17595ac94ed6ffbda4-606x365.jpg",606,365,true],"large":["https:\/\/arantv.az\/wp-content\/uploads\/2026\/05\/dffd00b1c3e93f17595ac94ed6ffbda4.jpg",640,386,false],"1536x1536":["https:\/\/arantv.az\/wp-content\/uploads\/2026\/05\/dffd00b1c3e93f17595ac94ed6ffbda4.jpg",830,500,false],"2048x2048":["https:\/\/arantv.az\/wp-content\/uploads\/2026\/05\/dffd00b1c3e93f17595ac94ed6ffbda4.jpg",830,500,false],"post-thumbnail":["https:\/\/arantv.az\/wp-content\/uploads\/2026\/05\/dffd00b1c3e93f17595ac94ed6ffbda4-240x172.jpg",240,172,true],"advps-thumb-one":["https:\/\/arantv.az\/wp-content\/uploads\/2026\/05\/dffd00b1c3e93f17595ac94ed6ffbda4.jpg",830,500,false]},"rttpg_author":{"display_name":"V\u00fcsal Rafiqo\u011flu","author_link":"https:\/\/arantv.az\/?author=2"},"rttpg_comment":0,"rttpg_category":"<a href=\"https:\/\/arantv.az\/?cat=4\" rel=\"category\">Siyas\u0259t<\/a>","rttpg_excerpt":"Avropa Parlamentinin Az\u0259rbaycanla ba\u011fl\u0131 q\u0259tnam\u0259sini diplomatik r\u00fcsvay\u00e7\u0131l\u0131q adland\u0131rmaq olar. Bunu Az\u0259rbaycan Prezidentinin k\u00f6m\u0259k\u00e7isi &#8211; Prezident Administrasiyas\u0131n\u0131n xarici siyas\u0259t m\u0259s\u0259l\u0259l\u0259ri \u015f\u00f6b\u0259sinin m\u00fcdiri Hikm\u0259t Hac\u0131yev jurnalistl\u0259rl\u0259 s\u00f6hb\u0259tind\u0259 deyib. O, Avropa Parlamenti t\u0259r\u0259find\u0259n bel\u0259 bir siyas\u0259tin y\u00fcr\u00fcd\u00fclm\u0259sinin t\u0259\u0259ss\u00fcf do\u011furdu\u011funu bildirib: &#8220;Avropa Parlamentinin q\u0259bul etdiyi q\u0259rarlar\u0131n Az\u0259rbaycan Respublikas\u0131 \u00fc\u00e7\u00fcn he\u00e7 bir \u0259h\u0259miyy\u0259ti yoxdur. Az\u0259rbaycan\u0131n bu t\u0259sisat qar\u015f\u0131s\u0131nda he\u00e7 bir&hellip;","_links":{"self":[{"href":"https:\/\/arantv.az\/index.php?rest_route=\/wp\/v2\/posts\/850567"}],"collection":[{"href":"https:\/\/arantv.az\/index.php?rest_route=\/wp\/v2\/posts"}],"about":[{"href":"https:\/\/arantv.az\/index.php?rest_route=\/wp\/v2\/types\/post"}],"author":[{"embeddable":true,"href":"https:\/\/arantv.az\/index.php?rest_route=\/wp\/v2\/users\/2"}],"replies":[{"embeddable":true,"href":"https:\/\/arantv.az\/index.php?rest_route=%2Fwp%2Fv2%2Fcomments&post=850567"}],"version-history":[{"count":2,"href":"https:\/\/arantv.az\/index.php?rest_route=\/wp\/v2\/posts\/850567\/revisions"}],"predecessor-version":[{"id":850570,"href":"https:\/\/arantv.az\/index.php?rest_route=\/wp\/v2\/posts\/850567\/revisions\/850570"}],"wp:featuredmedia":[{"embeddable":true,"href":"https:\/\/arantv.az\/index.php?rest_route=\/wp\/v2\/media\/850568"}],"wp:attachment":[{"href":"https:\/\/arantv.az\/index.php?rest_route=%2Fwp%2Fv2%2Fmedia&parent=850567"}],"wp:term":[{"taxonomy":"category","embeddable":true,"href":"https:\/\/arantv.az\/index.php?rest_route=%2Fwp%2Fv2%2Fcategories&post=850567"},{"taxonomy":"post_tag","embeddable":true,"href":"https:\/\/arantv.az\/index.php?rest_route=%2Fwp%2Fv2%2Ftags&post=850567"}],"curies":[{"name":"wp","href":"https:\/\/api.w.org\/{rel}","templated":true}]}}