{"id":850571,"date":"2026-05-01T18:08:07","date_gmt":"2026-05-01T14:08:07","guid":{"rendered":"https:\/\/arantv.az\/?p=850571"},"modified":"2026-05-01T18:08:07","modified_gmt":"2026-05-01T14:08:07","slug":"mehriban-%c9%99liyeva-acilisdan-video-paylasdi","status":"publish","type":"post","link":"https:\/\/arantv.az\/?p=850571","title":{"rendered":"Mehriban \u018fliyeva a\u00e7\u0131l\u0131\u015fdan V\u0130DEO payla\u015fd\u0131"},"content":{"rendered":"<p><strong>Az\u0259rbaycan\u0131n Birinci vitse-prezidenti Mehriban \u018fliyeva sosial \u015f\u0259b\u0259k\u0259 hesablar\u0131nda Bak\u0131 \u015f\u0259h\u0259rinin S\u0259bail v\u0259 Yasamal rayonlar\u0131n\u0131 \u0259hat\u0259 ed\u0259n \u0130slam S\u0259f\u0259rli k\u00fc\u00e7\u0259sinin yenid\u0259nqurmadan sonra a\u00e7\u0131l\u0131\u015f\u0131 il\u0259 ba\u011fl\u0131 video payla\u015f\u0131b.<\/strong><\/p>\n<p><strong>Musavat.com<\/strong>\u00a0payla\u015f\u0131m\u0131 t\u0259qdim edir:<\/p>\n<p><iframe loading=\"lazy\" id=\"instagram-embed-0\" class=\"instagram-media instagram-media-rendered\" src=\"https:\/\/www.instagram.com\/reel\/DXzAEBKMqU4\/embed\/captioned\/?cr=1&amp;v=14&amp;wp=1012&amp;rd=https%3A%2F%2Freport.az&amp;rp=%2Fdaxili-siyaset%2Fmehriban-eliyeva-islam-seferli-kucesinin-yenidenqurmadan-sonra-acilisi-ile-bagli-video-paylasib#%7B%22ci%22%3A0%2C%22os%22%3A616.6999998092651%2C%22ls%22%3A441.19999980926514%2C%22le%22%3A454.19999980926514%7D\" width=\"300\" height=\"1042\" frameborder=\"0\" scrolling=\"no\" allowfullscreen=\"allowfullscreen\" data-instgrm-payload-id=\"instagram-media-payload-0\" data-mce-fragment=\"1\"><\/iframe><\/p>\n","protected":false},"excerpt":{"rendered":"<p>Az\u0259rbaycan\u0131n Birinci vitse-prezidenti Mehriban \u018fliyeva sosial \u015f\u0259b\u0259k\u0259 hesablar\u0131nda Bak\u0131 \u015f\u0259h\u0259rinin S\u0259bail v\u0259 Yasamal rayonlar\u0131n\u0131 \u0259hat\u0259 ed\u0259n \u0130slam S\u0259f\u0259rli k\u00fc\u00e7\u0259sinin yenid\u0259nqurmadan sonra a\u00e7\u0131l\u0131\u015f\u0131 il\u0259 ba\u011fl\u0131 video payla\u015f\u0131b. Musavat.com\u00a0payla\u015f\u0131m\u0131 t\u0259qdim edir:<\/p>\n","protected":false},"author":2,"featured_media":850572,"comment_status":"closed","ping_status":"closed","sticky":false,"template":"","format":"standard","meta":{"om_disable_all_campaigns":false,"_monsterinsights_skip_tracking":false,"_monsterinsights_sitenote_active":false,"_monsterinsights_sitenote_note":"","_monsterinsights_sitenote_category":0},"categories":[4],"tags":[],"aioseo_notices":[],"gutentor_comment":0,"rttpg_featured_image_url":{"full":["https:\/\/arantv.az\/wp-content\/uploads\/2026\/05\/8b920122664164cb106faec0a01265ca.jpg",870,500,false],"landscape":["https:\/\/arantv.az\/wp-content\/uploads\/2026\/05\/8b920122664164cb106faec0a01265ca.jpg",870,500,false],"portraits":["https:\/\/arantv.az\/wp-content\/uploads\/2026\/05\/8b920122664164cb106faec0a01265ca.jpg",870,500,false],"thumbnail":["https:\/\/arantv.az\/wp-content\/uploads\/2026\/05\/8b920122664164cb106faec0a01265ca-500x280.jpg",500,280,true],"medium":["https:\/\/arantv.az\/wp-content\/uploads\/2026\/05\/8b920122664164cb106faec0a01265ca-635x365.jpg",635,365,true],"large":["https:\/\/arantv.az\/wp-content\/uploads\/2026\/05\/8b920122664164cb106faec0a01265ca-840x483.jpg",640,368,true],"1536x1536":["https:\/\/arantv.az\/wp-content\/uploads\/2026\/05\/8b920122664164cb106faec0a01265ca.jpg",870,500,false],"2048x2048":["https:\/\/arantv.az\/wp-content\/uploads\/2026\/05\/8b920122664164cb106faec0a01265ca.jpg",870,500,false],"post-thumbnail":["https:\/\/arantv.az\/wp-content\/uploads\/2026\/05\/8b920122664164cb106faec0a01265ca-240x172.jpg",240,172,true],"advps-thumb-one":["https:\/\/arantv.az\/wp-content\/uploads\/2026\/05\/8b920122664164cb106faec0a01265ca.jpg",870,500,false]},"rttpg_author":{"display_name":"V\u00fcsal Rafiqo\u011flu","author_link":"https:\/\/arantv.az\/?author=2"},"rttpg_comment":0,"rttpg_category":"<a href=\"https:\/\/arantv.az\/?cat=4\" rel=\"category\">Siyas\u0259t<\/a>","rttpg_excerpt":"Az\u0259rbaycan\u0131n Birinci vitse-prezidenti Mehriban \u018fliyeva sosial \u015f\u0259b\u0259k\u0259 hesablar\u0131nda Bak\u0131 \u015f\u0259h\u0259rinin S\u0259bail v\u0259 Yasamal rayonlar\u0131n\u0131 \u0259hat\u0259 ed\u0259n \u0130slam S\u0259f\u0259rli k\u00fc\u00e7\u0259sinin yenid\u0259nqurmadan sonra a\u00e7\u0131l\u0131\u015f\u0131 il\u0259 ba\u011fl\u0131 video payla\u015f\u0131b. Musavat.com\u00a0payla\u015f\u0131m\u0131 t\u0259qdim edir:","_links":{"self":[{"href":"https:\/\/arantv.az\/index.php?rest_route=\/wp\/v2\/posts\/850571"}],"collection":[{"href":"https:\/\/arantv.az\/index.php?rest_route=\/wp\/v2\/posts"}],"about":[{"href":"https:\/\/arantv.az\/index.php?rest_route=\/wp\/v2\/types\/post"}],"author":[{"embeddable":true,"href":"https:\/\/arantv.az\/index.php?rest_route=\/wp\/v2\/users\/2"}],"replies":[{"embeddable":true,"href":"https:\/\/arantv.az\/index.php?rest_route=%2Fwp%2Fv2%2Fcomments&post=850571"}],"version-history":[{"count":2,"href":"https:\/\/arantv.az\/index.php?rest_route=\/wp\/v2\/posts\/850571\/revisions"}],"predecessor-version":[{"id":850574,"href":"https:\/\/arantv.az\/index.php?rest_route=\/wp\/v2\/posts\/850571\/revisions\/850574"}],"wp:featuredmedia":[{"embeddable":true,"href":"https:\/\/arantv.az\/index.php?rest_route=\/wp\/v2\/media\/850572"}],"wp:attachment":[{"href":"https:\/\/arantv.az\/index.php?rest_route=%2Fwp%2Fv2%2Fmedia&parent=850571"}],"wp:term":[{"taxonomy":"category","embeddable":true,"href":"https:\/\/arantv.az\/index.php?rest_route=%2Fwp%2Fv2%2Fcategories&post=850571"},{"taxonomy":"post_tag","embeddable":true,"href":"https:\/\/arantv.az\/index.php?rest_route=%2Fwp%2Fv2%2Ftags&post=850571"}],"curies":[{"name":"wp","href":"https:\/\/api.w.org\/{rel}","templated":true}]}}