{"id":850575,"date":"2026-05-01T18:17:08","date_gmt":"2026-05-01T14:17:08","guid":{"rendered":"https:\/\/arantv.az\/?p=850575"},"modified":"2026-05-01T18:17:08","modified_gmt":"2026-05-01T14:17:08","slug":"prezident-bakida-acilisda-istirak-etdi-fotolar","status":"publish","type":"post","link":"https:\/\/arantv.az\/?p=850575","title":{"rendered":"Prezident Bak\u0131da a\u00e7\u0131l\u0131\u015fda \u0130\u015eT\u0130RAK ETD\u0130 &#8211; FOTOLAR"},"content":{"rendered":"<p><strong>Az\u0259rbaycan Respublikas\u0131n\u0131n Prezidenti \u0130lham \u018fliyev, birinci xan\u0131m Mehriban \u018fliyeva v\u0259 ail\u0259 \u00fczvl\u0259ri may\u0131n 1-d\u0259 Bak\u0131 \u015f\u0259h\u0259rinin S\u0259bail v\u0259 Yasamal rayonlar\u0131n\u0131 \u0259hat\u0259 ed\u0259n \u0130slam S\u0259f\u0259rli k\u00fc\u00e7\u0259sinin yenid\u0259nqurmadan sonra a\u00e7\u0131l\u0131\u015f\u0131nda i\u015ftirak edibl\u0259r.<\/strong><\/p>\n<p><strong>Musavat.com<\/strong>\u00a0x\u0259b\u0259r verir ki, Bak\u0131 \u015e\u0259h\u0259r \u0130cra Hakimiyy\u0259tinin ba\u015f\u00e7\u0131s\u0131 Eldar \u018fzizov d\u00f6vl\u0259t ba\u015f\u00e7\u0131s\u0131na v\u0259 birinci xan\u0131ma g\u00f6r\u00fclm\u00fc\u015f i\u015fl\u0259r bar\u0259d\u0259 m\u0259lumat verib.<\/p>\n<div id=\"AinsyndicationPlayerId1777639841\" class=\"inpage\" data-viewable=\"1\">Bildirilib ki, Az\u0259rbaycan prospektind\u0259n ba\u015flayaraq Nigar R\u0259fib\u0259yli k\u00fc\u00e7\u0259sinin bir hiss\u0259si d\u0259 daxil olmaqla, \u0130slam S\u0259f\u0259rli k\u00fc\u00e7\u0259si boyunca Mirz\u0259a\u011fa \u018fliyev k\u00fc\u00e7\u0259sin\u0259d\u0259k olan \u0259razi tam \u015f\u0259kild\u0259 abadla\u015fd\u0131r\u0131l\u0131b. Bu \u0259razid\u0259n M\u0259rk\u0259zi Parka piyadalar\u0131n rahat h\u0259r\u0259k\u0259ti \u00fc\u00e7\u00fcn ke\u00e7id t\u0259min olunub.<\/div>\n<p>\u0130slam S\u0259f\u0259rli k\u00fc\u00e7\u0259si il\u0259 k\u0259si\u015f\u0259n 8 k\u00fc\u00e7\u0259d\u0259, eyni zamanda, T\u0259briz X\u0259lilb\u0259yli v\u0259 Mirz\u0259 \u0130brahimov k\u00fc\u00e7\u0259l\u0259rin\u0259 q\u0259d\u0259r olan hiss\u0259d\u0259 abadl\u0131q i\u015fl\u0259ri yerin\u0259 yetirilib. Abadla\u015fd\u0131r\u0131lan k\u00fc\u00e7\u0259l\u0259rin \u00fcmumi uzunlu\u011fu 1350 metrdir. Bu k\u00fc\u00e7\u0259l\u0259rd\u0259 su v\u0259 \u00e7irkab sular\u0131n\u0131n ax\u0131d\u0131lmas\u0131 x\u0259tl\u0259ri tamamil\u0259 yenil\u0259nib, qaz x\u0259tl\u0259ri yeralt\u0131 sisteml\u0259 \u0259v\u0259zl\u0259nib. Bundan ba\u015fqa, k\u00fc\u00e7\u0259l\u0259rd\u0259 yerl\u0259\u015f\u0259n m\u00fcxt\u0259lif t\u0259yinatl\u0131 binalarda yenid\u0259nqurma v\u0259 b\u0259rpa i\u015fl\u0259ri g\u00f6r\u00fcl\u00fcb, sakinl\u0259rin v\u0259 \u015f\u0259h\u0259rimizin qonaqlar\u0131n\u0131n istirah\u0259ti \u00fc\u00e7\u00fcn laz\u0131mi \u015f\u0259rait yarad\u0131l\u0131b, oturacaqlar qoyulub, geni\u015f ya\u015f\u0131lla\u015fd\u0131rma i\u015fl\u0259ri h\u0259yata ke\u00e7irilib.<\/p>\n<p>Layih\u0259nin icras\u0131 piyadalar \u00fc\u00e7\u00fcn F\u0259vvar\u0259l\u0259r meydan\u0131ndan birba\u015fa Q\u0131\u015f park\u0131na \u00e7\u0131x\u0131\u015f imkan\u0131 yarad\u0131r. Burada XIX \u0259srin sonu-XX \u0259srin \u0259vv\u0259ll\u0259rind\u0259 in\u015fa edilmi\u015f yerli \u0259h\u0259miyy\u0259tli memarl\u0131q abid\u0259l\u0259ri d\u0259 m\u00f6vcuddur. Bu is\u0259 \u0259razinin ist\u0259r yerli sakinl\u0259r, ist\u0259rs\u0259 d\u0259 qonaqlar \u00fc\u00e7\u00fcn c\u0259lbediciliyini daha da art\u0131r\u0131r.<\/p>\n<p>Avtomobil yollar\u0131n\u0131n piyada yollar\u0131 il\u0259 \u0259v\u0259zl\u0259nm\u0259si \u0259razid\u0259ki ma\u011faza, kafe v\u0259 restoranlar\u0131n f\u0259aliyy\u0259tin\u0259 m\u00fcsb\u0259t t\u0259sir ed\u0259c\u0259k, ki\u00e7ik biznesl\u0259r \u00fc\u00e7\u00fcn yeni imkanlar yaradacaq.<\/p>\n<p>Qeyd ed\u0259k ki, bu g\u00fcn paytaxt\u0131m\u0131z d\u00fcnyan\u0131n \u0259n g\u00f6z\u0259l \u015f\u0259h\u0259rl\u0259rind\u0259n birin\u0259 \u00e7evrilib. Bak\u0131n\u0131n sosial infrastrukturunun m\u00fcasirl\u0259\u015fdirilm\u0259si, sakinl\u0259rin v\u0259 \u015f\u0259h\u0259r\u0259 g\u0259l\u0259n qonaqlar\u0131n rahatl\u0131\u011f\u0131n\u0131n t\u0259min edilm\u0259si istiqam\u0259tind\u0259 indiy\u0259d\u0259k ard\u0131c\u0131l t\u0259dbirl\u0259r g\u00f6r\u00fcl\u00fcb v\u0259 bu layih\u0259l\u0259r haz\u0131rda da davam etdirilir. T\u0259sad\u00fcfi deyil ki, paytaxt\u0131m\u0131za g\u0259l\u0259n qonaqlar \u015f\u0259h\u0259rin g\u00f6z\u0259lliyin\u0259, t\u0259mizliyin\u0259 valeh olduqlar\u0131n\u0131 h\u0259mi\u015f\u0259 vur\u011fulay\u0131rlar. Bak\u0131da m\u00fcasir \u015f\u0259h\u0259rsalma tendensiyalar\u0131na uy\u011fun at\u0131lan add\u0131mlar\u0131n t\u0259rkib hiss\u0259si olan mikromobillik h\u0259ll\u0259rinin u\u011furla icras\u0131, avtomobil yollar\u0131n\u0131n piyada yollar\u0131 il\u0259 \u0259v\u0259zl\u0259nm\u0259si h\u0259m sakinl\u0259rin, h\u0259m d\u0259 turistl\u0259rin rahatl\u0131\u011f\u0131na xidm\u0259t edir. \u0130nsanlar\u0131n s\u0131x oldu\u011fu yerl\u0259rd\u0259 bel\u0259 layih\u0259l\u0259rin icras\u0131, eyni zamanda, son d\u00f6vrl\u0259rd\u0259 h\u0259yata ke\u00e7iril\u0259n \u015f\u0259h\u0259rsalmay\u00f6n\u00fcml\u00fc planla\u015fd\u0131rmaya da t\u00f6hf\u0259 verir. Bel\u0259likl\u0259, paytaxt\u0131n davaml\u0131 inki\u015faf strategiyas\u0131n\u0131n m\u00fch\u00fcm elementi olan bu add\u0131mlar Bak\u0131n\u0131n h\u0259m m\u00fcasir, h\u0259m d\u0259 piyadalar \u00fc\u00e7\u00fcn rahat \u015f\u0259h\u0259r kimi inki\u015faf\u0131nda x\u00fcsusi rol oynay\u0131r.<\/p>\n<div class=\"panel-body news_text\">\n<div><img class=\"img-responsive\" title=\"\" src=\"https:\/\/qafqazinfo.az\/uploads\/1777640062\/2.jpg\" alt=\"\" \/><br \/>\n<img class=\"img-responsive\" title=\"\" src=\"https:\/\/qafqazinfo.az\/uploads\/1777640062\/3.jpg\" alt=\"\" \/><br \/>\n<img class=\"img-responsive\" title=\"\" src=\"https:\/\/qafqazinfo.az\/uploads\/1777640062\/5.jpg\" alt=\"\" \/><br \/>\n<img class=\"img-responsive\" title=\"\" src=\"https:\/\/qafqazinfo.az\/uploads\/1777640062\/6.jpg\" alt=\"\" \/><br \/>\n<img class=\"img-responsive\" title=\"\" src=\"https:\/\/qafqazinfo.az\/uploads\/1777640062\/7.jpg\" alt=\"\" \/><br \/>\n<img class=\"img-responsive\" title=\"\" src=\"https:\/\/qafqazinfo.az\/uploads\/1777640062\/8.jpg\" alt=\"\" \/><br \/>\n<img class=\"img-responsive\" title=\"\" src=\"https:\/\/qafqazinfo.az\/uploads\/1777640062\/9.jpg\" alt=\"\" \/><br \/>\n<img class=\"img-responsive\" title=\"\" src=\"https:\/\/qafqazinfo.az\/uploads\/1777640062\/1.jpg\" alt=\"\" \/><br \/>\n<img class=\"img-responsive\" title=\"\" src=\"https:\/\/qafqazinfo.az\/uploads\/1777640062\/10.jpg\" alt=\"\" \/><br \/>\n<img class=\"img-responsive\" title=\"\" src=\"https:\/\/qafqazinfo.az\/uploads\/1777640062\/11.jpg\" alt=\"\" \/><br \/>\n<img class=\"img-responsive\" title=\"\" src=\"https:\/\/qafqazinfo.az\/uploads\/1777640062\/12.jpg\" alt=\"\" \/><br \/>\n<img class=\"img-responsive\" title=\"\" src=\"https:\/\/qafqazinfo.az\/uploads\/1777640062\/13.jpg\" alt=\"\" \/><br \/>\n<img class=\"img-responsive\" title=\"\" src=\"https:\/\/qafqazinfo.az\/uploads\/1777640062\/14.jpg\" alt=\"\" \/><br \/>\n<img class=\"img-responsive\" title=\"\" src=\"https:\/\/qafqazinfo.az\/uploads\/1777640062\/15.jpg\" alt=\"\" \/><br \/>\n<img class=\"img-responsive\" title=\"\" src=\"https:\/\/qafqazinfo.az\/uploads\/1777640062\/16.jpg\" alt=\"\" \/><br \/>\n<img class=\"img-responsive\" title=\"\" src=\"https:\/\/qafqazinfo.az\/uploads\/1777640062\/17.jpg\" alt=\"\" \/><br \/>\n<img class=\"img-responsive\" title=\"\" src=\"https:\/\/qafqazinfo.az\/uploads\/1777640062\/18.jpg\" alt=\"\" \/><br \/>\n<img class=\"img-responsive\" title=\"\" src=\"https:\/\/qafqazinfo.az\/uploads\/1777640062\/19.jpg\" alt=\"\" \/><br \/>\n<img class=\"img-responsive\" title=\"\" src=\"https:\/\/qafqazinfo.az\/uploads\/1777640062\/20.jpg\" alt=\"\" \/><br \/>\n<img class=\"img-responsive\" title=\"\" src=\"https:\/\/qafqazinfo.az\/uploads\/1777640062\/21.jpg\" alt=\"\" \/><br \/>\n<img class=\"img-responsive\" title=\"\" src=\"https:\/\/qafqazinfo.az\/uploads\/1777640062\/22.jpg\" alt=\"\" \/><br \/>\n<img class=\"img-responsive\" title=\"\" src=\"https:\/\/qafqazinfo.az\/uploads\/1777640062\/23.jpg\" alt=\"\" \/><br \/>\n<img class=\"img-responsive\" title=\"\" src=\"https:\/\/qafqazinfo.az\/uploads\/1777640184\/24.jpg\" alt=\"\" \/><br \/>\n<img class=\"img-responsive\" title=\"\" src=\"https:\/\/qafqazinfo.az\/uploads\/1777640184\/25.jpg\" alt=\"\" \/><br \/>\n<img class=\"img-responsive\" title=\"\" src=\"https:\/\/qafqazinfo.az\/uploads\/1777640184\/26.jpg\" alt=\"\" \/><br \/>\n<img class=\"img-responsive\" title=\"\" src=\"https:\/\/qafqazinfo.az\/uploads\/1777640184\/27.jpg\" alt=\"\" \/><br \/>\n<img class=\"img-responsive\" title=\"\" src=\"https:\/\/qafqazinfo.az\/uploads\/1777640184\/28.jpg\" alt=\"\" \/><br \/>\n<img class=\"img-responsive\" title=\"\" src=\"https:\/\/qafqazinfo.az\/uploads\/1777640184\/29.jpg\" alt=\"\" \/><br \/>\n<img class=\"img-responsive\" title=\"\" src=\"https:\/\/qafqazinfo.az\/uploads\/1777640184\/30.jpg\" alt=\"\" \/><br \/>\n<img class=\"img-responsive\" title=\"\" src=\"https:\/\/qafqazinfo.az\/uploads\/1777640184\/31.jpg\" alt=\"\" \/><br \/>\n<img class=\"img-responsive\" title=\"\" src=\"https:\/\/qafqazinfo.az\/uploads\/1777640184\/32.jpg\" alt=\"\" \/><br \/>\n<img class=\"img-responsive\" title=\"\" src=\"https:\/\/qafqazinfo.az\/uploads\/1777640184\/33.jpg\" alt=\"\" \/><br \/>\n<img class=\"img-responsive\" title=\"\" src=\"https:\/\/qafqazinfo.az\/uploads\/1777640184\/34.jpg\" alt=\"\" \/><br \/>\n<img class=\"img-responsive\" title=\"\" src=\"https:\/\/qafqazinfo.az\/uploads\/1777640184\/35.jpg\" alt=\"\" \/><br \/>\n<img class=\"img-responsive\" title=\"\" src=\"https:\/\/qafqazinfo.az\/uploads\/1777640184\/36.jpg\" alt=\"\" \/><br \/>\n<img class=\"img-responsive\" title=\"\" src=\"https:\/\/qafqazinfo.az\/uploads\/1777640184\/37.jpg\" alt=\"\" \/><br \/>\n<img class=\"img-responsive\" title=\"\" src=\"https:\/\/qafqazinfo.az\/uploads\/1777640184\/38.jpg\" alt=\"\" \/><br \/>\n<img class=\"img-responsive\" title=\"\" src=\"https:\/\/qafqazinfo.az\/uploads\/1777640184\/39.jpg\" alt=\"\" \/><br \/>\n<img class=\"img-responsive\" title=\"\" src=\"https:\/\/qafqazinfo.az\/uploads\/1777640184\/40.jpg\" alt=\"\" \/><br \/>\n<img class=\"img-responsive\" title=\"\" src=\"https:\/\/qafqazinfo.az\/uploads\/1777640184\/41.jpg\" alt=\"\" \/><br \/>\n<img class=\"img-responsive\" title=\"\" src=\"https:\/\/qafqazinfo.az\/uploads\/1777640184\/42.jpg\" alt=\"\" \/><br \/>\n<img class=\"img-responsive\" title=\"\" src=\"https:\/\/qafqazinfo.az\/uploads\/1777640184\/43.jpg\" alt=\"\" \/><br \/>\n<img class=\"img-responsive\" title=\"\" src=\"https:\/\/qafqazinfo.az\/uploads\/1777640217\/44.jpg\" alt=\"\" \/><br \/>\n<img class=\"img-responsive\" title=\"\" src=\"https:\/\/qafqazinfo.az\/uploads\/1777640217\/45.jpg\" alt=\"\" \/><br \/>\n<img class=\"img-responsive\" title=\"\" src=\"https:\/\/qafqazinfo.az\/uploads\/1777640217\/46.jpg\" alt=\"\" \/><br \/>\n<img class=\"img-responsive\" title=\"\" src=\"https:\/\/qafqazinfo.az\/uploads\/1777640217\/47.jpg\" alt=\"\" \/><br \/>\n<img class=\"img-responsive\" title=\"\" src=\"https:\/\/qafqazinfo.az\/uploads\/1777640217\/48.jpg\" alt=\"\" \/><\/div>\n<div><\/div>\n<\/div>\n","protected":false},"excerpt":{"rendered":"<p>Az\u0259rbaycan Respublikas\u0131n\u0131n Prezidenti \u0130lham \u018fliyev, birinci xan\u0131m Mehriban \u018fliyeva v\u0259 ail\u0259 \u00fczvl\u0259ri may\u0131n 1-d\u0259 Bak\u0131 \u015f\u0259h\u0259rinin S\u0259bail v\u0259 Yasamal rayonlar\u0131n\u0131 \u0259hat\u0259 ed\u0259n \u0130slam S\u0259f\u0259rli k\u00fc\u00e7\u0259sinin yenid\u0259nqurmadan sonra a\u00e7\u0131l\u0131\u015f\u0131nda i\u015ftirak edibl\u0259r. Musavat.com\u00a0x\u0259b\u0259r verir ki, Bak\u0131 \u015e\u0259h\u0259r \u0130cra Hakimiyy\u0259tinin ba\u015f\u00e7\u0131s\u0131 Eldar \u018fzizov d\u00f6vl\u0259t ba\u015f\u00e7\u0131s\u0131na v\u0259 birinci xan\u0131ma g\u00f6r\u00fclm\u00fc\u015f i\u015fl\u0259r bar\u0259d\u0259 m\u0259lumat verib. Bildirilib ki, Az\u0259rbaycan prospektind\u0259n ba\u015flayaraq Nigar R\u0259fib\u0259yli k\u00fc\u00e7\u0259sinin bir hiss\u0259si d\u0259 daxil olmaqla, \u0130slam S\u0259f\u0259rli k\u00fc\u00e7\u0259si boyunca Mirz\u0259a\u011fa \u018fliyev k\u00fc\u00e7\u0259sin\u0259d\u0259k olan \u0259razi tam \u015f\u0259kild\u0259 abadla\u015fd\u0131r\u0131l\u0131b. Bu \u0259razid\u0259n M\u0259rk\u0259zi Parka piyadalar\u0131n rahat h\u0259r\u0259k\u0259ti \u00fc\u00e7\u00fcn ke\u00e7id t\u0259min olunub. \u0130slam S\u0259f\u0259rli k\u00fc\u00e7\u0259si il\u0259&hellip;<\/p>\n","protected":false},"author":2,"featured_media":850576,"comment_status":"closed","ping_status":"closed","sticky":false,"template":"","format":"standard","meta":{"om_disable_all_campaigns":false,"_monsterinsights_skip_tracking":false,"_monsterinsights_sitenote_active":false,"_monsterinsights_sitenote_note":"","_monsterinsights_sitenote_category":0},"categories":[4],"tags":[],"aioseo_notices":[],"gutentor_comment":0,"rttpg_featured_image_url":{"full":["https:\/\/arantv.az\/wp-content\/uploads\/2026\/05\/6671c7611b748226762d887369305961.jpg",870,500,false],"landscape":["https:\/\/arantv.az\/wp-content\/uploads\/2026\/05\/6671c7611b748226762d887369305961.jpg",870,500,false],"portraits":["https:\/\/arantv.az\/wp-content\/uploads\/2026\/05\/6671c7611b748226762d887369305961.jpg",870,500,false],"thumbnail":["https:\/\/arantv.az\/wp-content\/uploads\/2026\/05\/6671c7611b748226762d887369305961-500x280.jpg",500,280,true],"medium":["https:\/\/arantv.az\/wp-content\/uploads\/2026\/05\/6671c7611b748226762d887369305961-635x365.jpg",635,365,true],"large":["https:\/\/arantv.az\/wp-content\/uploads\/2026\/05\/6671c7611b748226762d887369305961-840x483.jpg",640,368,true],"1536x1536":["https:\/\/arantv.az\/wp-content\/uploads\/2026\/05\/6671c7611b748226762d887369305961.jpg",870,500,false],"2048x2048":["https:\/\/arantv.az\/wp-content\/uploads\/2026\/05\/6671c7611b748226762d887369305961.jpg",870,500,false],"post-thumbnail":["https:\/\/arantv.az\/wp-content\/uploads\/2026\/05\/6671c7611b748226762d887369305961-240x172.jpg",240,172,true],"advps-thumb-one":["https:\/\/arantv.az\/wp-content\/uploads\/2026\/05\/6671c7611b748226762d887369305961.jpg",870,500,false]},"rttpg_author":{"display_name":"V\u00fcsal Rafiqo\u011flu","author_link":"https:\/\/arantv.az\/?author=2"},"rttpg_comment":0,"rttpg_category":"<a href=\"https:\/\/arantv.az\/?cat=4\" rel=\"category\">Siyas\u0259t<\/a>","rttpg_excerpt":"Az\u0259rbaycan Respublikas\u0131n\u0131n Prezidenti \u0130lham \u018fliyev, birinci xan\u0131m Mehriban \u018fliyeva v\u0259 ail\u0259 \u00fczvl\u0259ri may\u0131n 1-d\u0259 Bak\u0131 \u015f\u0259h\u0259rinin S\u0259bail v\u0259 Yasamal rayonlar\u0131n\u0131 \u0259hat\u0259 ed\u0259n \u0130slam S\u0259f\u0259rli k\u00fc\u00e7\u0259sinin yenid\u0259nqurmadan sonra a\u00e7\u0131l\u0131\u015f\u0131nda i\u015ftirak edibl\u0259r. Musavat.com\u00a0x\u0259b\u0259r verir ki, Bak\u0131 \u015e\u0259h\u0259r \u0130cra Hakimiyy\u0259tinin ba\u015f\u00e7\u0131s\u0131 Eldar \u018fzizov d\u00f6vl\u0259t ba\u015f\u00e7\u0131s\u0131na v\u0259 birinci xan\u0131ma g\u00f6r\u00fclm\u00fc\u015f i\u015fl\u0259r bar\u0259d\u0259 m\u0259lumat verib. Bildirilib ki, Az\u0259rbaycan prospektind\u0259n ba\u015flayaraq&hellip;","_links":{"self":[{"href":"https:\/\/arantv.az\/index.php?rest_route=\/wp\/v2\/posts\/850575"}],"collection":[{"href":"https:\/\/arantv.az\/index.php?rest_route=\/wp\/v2\/posts"}],"about":[{"href":"https:\/\/arantv.az\/index.php?rest_route=\/wp\/v2\/types\/post"}],"author":[{"embeddable":true,"href":"https:\/\/arantv.az\/index.php?rest_route=\/wp\/v2\/users\/2"}],"replies":[{"embeddable":true,"href":"https:\/\/arantv.az\/index.php?rest_route=%2Fwp%2Fv2%2Fcomments&post=850575"}],"version-history":[{"count":1,"href":"https:\/\/arantv.az\/index.php?rest_route=\/wp\/v2\/posts\/850575\/revisions"}],"predecessor-version":[{"id":850577,"href":"https:\/\/arantv.az\/index.php?rest_route=\/wp\/v2\/posts\/850575\/revisions\/850577"}],"wp:featuredmedia":[{"embeddable":true,"href":"https:\/\/arantv.az\/index.php?rest_route=\/wp\/v2\/media\/850576"}],"wp:attachment":[{"href":"https:\/\/arantv.az\/index.php?rest_route=%2Fwp%2Fv2%2Fmedia&parent=850575"}],"wp:term":[{"taxonomy":"category","embeddable":true,"href":"https:\/\/arantv.az\/index.php?rest_route=%2Fwp%2Fv2%2Fcategories&post=850575"},{"taxonomy":"post_tag","embeddable":true,"href":"https:\/\/arantv.az\/index.php?rest_route=%2Fwp%2Fv2%2Ftags&post=850575"}],"curies":[{"name":"wp","href":"https:\/\/api.w.org\/{rel}","templated":true}]}}