{"id":850580,"date":"2026-05-01T19:09:03","date_gmt":"2026-05-01T15:09:03","guid":{"rendered":"https:\/\/arantv.az\/?p=850580"},"modified":"2026-05-01T19:09:03","modified_gmt":"2026-05-01T15:09:03","slug":"turkiy%c9%99y%c9%99-ged%c9%99nl%c9%99r-ucun-sad-x%c9%99b%c9%99r-%c9%99rdogan-q%c9%99rar-imzaladi","status":"publish","type":"post","link":"https:\/\/arantv.az\/?p=850580","title":{"rendered":"T\u00fcrkiy\u0259y\u0259 ged\u0259nl\u0259r \u00fc\u00e7\u00fcn \u015fad x\u0259b\u0259r: \u018frdo\u011fan q\u0259rar imzalad\u0131"},"content":{"rendered":"<p><strong>T\u00fcrkiy\u0259 Prezidenti R\u0259c\u0259b Tayyib \u018frdo\u011fan cari ilin 31 dekabr\u0131nad\u0259k yerl\u0259\u015fm\u0259 (ya\u015fay\u0131\u015f) vergisinin m\u00f6vcud olan 2 faizd\u0259n 1 faiz\u0259 sal\u0131nmas\u0131 haqq\u0131nda s\u0259r\u0259ncam imzalay\u0131b.<\/strong><\/p>\n<p>M\u00fcvafiq s\u0259n\u0259d 1 may c\u00fcm\u0259 g\u00fcn\u00fc h\u00f6kum\u0259tin r\u0259smi m\u0259tbuat orqan\u0131 say\u0131lan &#8220;Resmi Gazete&#8221;d\u0259 yay\u0131mlan\u0131b v\u0259 elan edildiyi andan etibar\u0259n q\u00fcvv\u0259y\u0259 minib.<\/p>\n<div class=\"AdviadNativeVideo\">\u0130ctimaiyy\u0259t aras\u0131nda &#8220;turist vergisi&#8221; adland\u0131r\u0131lan ya\u015fay\u0131\u015f r\u00fcsumu T\u00fcrkiy\u0259 \u0259razisind\u0259 2023-c\u00fc ilin 1 yanvar tarixind\u0259n etibar\u0259n t\u0259tbiq olunur. Bu v\u0259sait mehmanxana, motel, kempinq v\u0259 dig\u0259r m\u00fcv\u0259qq\u0259ti ya\u015fay\u0131\u015f obyektl\u0259rind\u0259 tutulur. Vergi r\u0259smi qaydada obyekt sahibi t\u0259r\u0259find\u0259n \u00f6d\u0259nils\u0259 d\u0259, reall\u0131qda h\u0259min m\u0259bl\u0259\u011f turun d\u0259y\u0259rind\u0259 v\u0259 ya m\u00fc\u015ft\u0259rinin yekun \u00e7ekind\u0259 \u00f6z \u0259ksini tap\u0131r. Pansionat, yataqxana v\u0259 d\u00fc\u015f\u0259rg\u0259l\u0259rd\u0259 qalan t\u0259l\u0259b\u0259l\u0259r, o c\u00fcml\u0259d\u0259n T\u00fcrkiy\u0259d\u0259 diplomatik statusla f\u0259aliyy\u0259t g\u00f6st\u0259r\u0259n n\u00fcmay\u0259nd\u0259likl\u0259rin v\u0259 beyn\u0259lxalq qurumlar\u0131n akkreditasiyadan ke\u00e7mi\u015f i\u015f\u00e7il\u0259ri bu \u00f6d\u0259ni\u015fd\u0259n azad edilibl\u0259r.\/\/Oxu.az<\/div>\n","protected":false},"excerpt":{"rendered":"<p>T\u00fcrkiy\u0259 Prezidenti R\u0259c\u0259b Tayyib \u018frdo\u011fan cari ilin 31 dekabr\u0131nad\u0259k yerl\u0259\u015fm\u0259 (ya\u015fay\u0131\u015f) vergisinin m\u00f6vcud olan 2 faizd\u0259n 1 faiz\u0259 sal\u0131nmas\u0131 haqq\u0131nda s\u0259r\u0259ncam imzalay\u0131b. M\u00fcvafiq s\u0259n\u0259d 1 may c\u00fcm\u0259 g\u00fcn\u00fc h\u00f6kum\u0259tin r\u0259smi m\u0259tbuat orqan\u0131 say\u0131lan &#8220;Resmi Gazete&#8221;d\u0259 yay\u0131mlan\u0131b v\u0259 elan edildiyi andan etibar\u0259n q\u00fcvv\u0259y\u0259 minib. \u0130ctimaiyy\u0259t aras\u0131nda &#8220;turist vergisi&#8221; adland\u0131r\u0131lan ya\u015fay\u0131\u015f r\u00fcsumu T\u00fcrkiy\u0259 \u0259razisind\u0259 2023-c\u00fc ilin 1 yanvar tarixind\u0259n etibar\u0259n t\u0259tbiq olunur. Bu v\u0259sait mehmanxana, motel, kempinq v\u0259 dig\u0259r m\u00fcv\u0259qq\u0259ti ya\u015fay\u0131\u015f obyektl\u0259rind\u0259 tutulur. Vergi r\u0259smi qaydada obyekt sahibi t\u0259r\u0259find\u0259n \u00f6d\u0259nils\u0259 d\u0259, reall\u0131qda h\u0259min m\u0259bl\u0259\u011f turun d\u0259y\u0259rind\u0259 v\u0259 ya m\u00fc\u015ft\u0259rinin yekun \u00e7ekind\u0259 \u00f6z&hellip;<\/p>\n","protected":false},"author":2,"featured_media":850581,"comment_status":"closed","ping_status":"closed","sticky":false,"template":"","format":"standard","meta":{"om_disable_all_campaigns":false,"_monsterinsights_skip_tracking":false,"_monsterinsights_sitenote_active":false,"_monsterinsights_sitenote_note":"","_monsterinsights_sitenote_category":0},"categories":[7],"tags":[],"aioseo_notices":[],"gutentor_comment":0,"rttpg_featured_image_url":{"full":["https:\/\/arantv.az\/wp-content\/uploads\/2026\/05\/78130b7b16a48a9d6681a63228c43c78.jpg",850,500,false],"landscape":["https:\/\/arantv.az\/wp-content\/uploads\/2026\/05\/78130b7b16a48a9d6681a63228c43c78.jpg",850,500,false],"portraits":["https:\/\/arantv.az\/wp-content\/uploads\/2026\/05\/78130b7b16a48a9d6681a63228c43c78.jpg",850,500,false],"thumbnail":["https:\/\/arantv.az\/wp-content\/uploads\/2026\/05\/78130b7b16a48a9d6681a63228c43c78-500x280.jpg",500,280,true],"medium":["https:\/\/arantv.az\/wp-content\/uploads\/2026\/05\/78130b7b16a48a9d6681a63228c43c78-621x365.jpg",621,365,true],"large":["https:\/\/arantv.az\/wp-content\/uploads\/2026\/05\/78130b7b16a48a9d6681a63228c43c78-840x494.jpg",640,376,true],"1536x1536":["https:\/\/arantv.az\/wp-content\/uploads\/2026\/05\/78130b7b16a48a9d6681a63228c43c78.jpg",850,500,false],"2048x2048":["https:\/\/arantv.az\/wp-content\/uploads\/2026\/05\/78130b7b16a48a9d6681a63228c43c78.jpg",850,500,false],"post-thumbnail":["https:\/\/arantv.az\/wp-content\/uploads\/2026\/05\/78130b7b16a48a9d6681a63228c43c78-240x172.jpg",240,172,true],"advps-thumb-one":["https:\/\/arantv.az\/wp-content\/uploads\/2026\/05\/78130b7b16a48a9d6681a63228c43c78.jpg",850,500,false]},"rttpg_author":{"display_name":"V\u00fcsal Rafiqo\u011flu","author_link":"https:\/\/arantv.az\/?author=2"},"rttpg_comment":0,"rttpg_category":"<a href=\"https:\/\/arantv.az\/?cat=7\" rel=\"category\">D\u00fcnya<\/a>","rttpg_excerpt":"T\u00fcrkiy\u0259 Prezidenti R\u0259c\u0259b Tayyib \u018frdo\u011fan cari ilin 31 dekabr\u0131nad\u0259k yerl\u0259\u015fm\u0259 (ya\u015fay\u0131\u015f) vergisinin m\u00f6vcud olan 2 faizd\u0259n 1 faiz\u0259 sal\u0131nmas\u0131 haqq\u0131nda s\u0259r\u0259ncam imzalay\u0131b. M\u00fcvafiq s\u0259n\u0259d 1 may c\u00fcm\u0259 g\u00fcn\u00fc h\u00f6kum\u0259tin r\u0259smi m\u0259tbuat orqan\u0131 say\u0131lan &#8220;Resmi Gazete&#8221;d\u0259 yay\u0131mlan\u0131b v\u0259 elan edildiyi andan etibar\u0259n q\u00fcvv\u0259y\u0259 minib. \u0130ctimaiyy\u0259t aras\u0131nda &#8220;turist vergisi&#8221; adland\u0131r\u0131lan ya\u015fay\u0131\u015f r\u00fcsumu T\u00fcrkiy\u0259 \u0259razisind\u0259 2023-c\u00fc ilin 1&hellip;","_links":{"self":[{"href":"https:\/\/arantv.az\/index.php?rest_route=\/wp\/v2\/posts\/850580"}],"collection":[{"href":"https:\/\/arantv.az\/index.php?rest_route=\/wp\/v2\/posts"}],"about":[{"href":"https:\/\/arantv.az\/index.php?rest_route=\/wp\/v2\/types\/post"}],"author":[{"embeddable":true,"href":"https:\/\/arantv.az\/index.php?rest_route=\/wp\/v2\/users\/2"}],"replies":[{"embeddable":true,"href":"https:\/\/arantv.az\/index.php?rest_route=%2Fwp%2Fv2%2Fcomments&post=850580"}],"version-history":[{"count":1,"href":"https:\/\/arantv.az\/index.php?rest_route=\/wp\/v2\/posts\/850580\/revisions"}],"predecessor-version":[{"id":850582,"href":"https:\/\/arantv.az\/index.php?rest_route=\/wp\/v2\/posts\/850580\/revisions\/850582"}],"wp:featuredmedia":[{"embeddable":true,"href":"https:\/\/arantv.az\/index.php?rest_route=\/wp\/v2\/media\/850581"}],"wp:attachment":[{"href":"https:\/\/arantv.az\/index.php?rest_route=%2Fwp%2Fv2%2Fmedia&parent=850580"}],"wp:term":[{"taxonomy":"category","embeddable":true,"href":"https:\/\/arantv.az\/index.php?rest_route=%2Fwp%2Fv2%2Fcategories&post=850580"},{"taxonomy":"post_tag","embeddable":true,"href":"https:\/\/arantv.az\/index.php?rest_route=%2Fwp%2Fv2%2Ftags&post=850580"}],"curies":[{"name":"wp","href":"https:\/\/api.w.org\/{rel}","templated":true}]}}