{"id":850586,"date":"2026-05-01T19:10:52","date_gmt":"2026-05-01T15:10:52","guid":{"rendered":"https:\/\/arantv.az\/?p=850586"},"modified":"2026-05-01T19:10:52","modified_gmt":"2026-05-01T15:10:52","slug":"diplomatik-korpusun-numay%c9%99nd%c9%99l%c9%99ri-susa-qalasini-ziyar%c9%99t-edibl%c9%99rfoto","status":"publish","type":"post","link":"https:\/\/arantv.az\/?p=850586","title":{"rendered":"Diplomatik korpusun n\u00fcmay\u0259nd\u0259l\u0259ri \u015eu\u015fa qalas\u0131n\u0131 ziyar\u0259t edibl\u0259rFOTO"},"content":{"rendered":"<p><strong>Az\u0259rbaycanda akkredit\u0259 olunmu\u015f diplomatik korpusun n\u00fcmay\u0259nd\u0259l\u0259ri \u015eu\u015fa qalas\u0131n\u0131 ziyar\u0259t edibl\u0259r.<\/strong><\/p>\n<p><strong>Musavat.com<\/strong>\u00a0&#8220;Report&#8221;a istinadla x\u0259b\u0259r verir ki, n\u00fcmay\u0259nd\u0259 hey\u0259ti \u015eu\u015fa \u015f\u0259h\u0259rinin tarixi m\u0259kan\u0131 il\u0259 tan\u0131\u015f olub.<\/p>\n<p>Qeyd ed\u0259k ki, Qaraba\u011fa v\u0259 \u015e\u0259rqi Z\u0259ng\u0259zura ikig\u00fcnl\u00fck s\u0259f\u0259rd\u0259 \u00fcmumilikd\u0259 62 \u00f6lk\u0259nin v\u0259 beyn\u0259lxalq t\u0259\u015fkilat\u0131n 150-d\u0259n \u00e7ox s\u0259firi, diplomat\u0131, h\u0259rbi atta\u015fesi v\u0259 dig\u0259r n\u00fcmay\u0259nd\u0259si i\u015ftirak edir.<\/p>\n","protected":false},"excerpt":{"rendered":"<p>Az\u0259rbaycanda akkredit\u0259 olunmu\u015f diplomatik korpusun n\u00fcmay\u0259nd\u0259l\u0259ri \u015eu\u015fa qalas\u0131n\u0131 ziyar\u0259t edibl\u0259r. Musavat.com\u00a0&#8220;Report&#8221;a istinadla x\u0259b\u0259r verir ki, n\u00fcmay\u0259nd\u0259 hey\u0259ti \u015eu\u015fa \u015f\u0259h\u0259rinin tarixi m\u0259kan\u0131 il\u0259 tan\u0131\u015f olub. Qeyd ed\u0259k ki, Qaraba\u011fa v\u0259 \u015e\u0259rqi Z\u0259ng\u0259zura ikig\u00fcnl\u00fck s\u0259f\u0259rd\u0259 \u00fcmumilikd\u0259 62 \u00f6lk\u0259nin v\u0259 beyn\u0259lxalq t\u0259\u015fkilat\u0131n 150-d\u0259n \u00e7ox s\u0259firi, diplomat\u0131, h\u0259rbi atta\u015fesi v\u0259 dig\u0259r n\u00fcmay\u0259nd\u0259si i\u015ftirak edir.<\/p>\n","protected":false},"author":2,"featured_media":850587,"comment_status":"closed","ping_status":"closed","sticky":false,"template":"","format":"standard","meta":{"om_disable_all_campaigns":false,"_monsterinsights_skip_tracking":false,"_monsterinsights_sitenote_active":false,"_monsterinsights_sitenote_note":"","_monsterinsights_sitenote_category":0},"categories":[1],"tags":[],"aioseo_notices":[],"gutentor_comment":0,"rttpg_featured_image_url":{"full":["https:\/\/arantv.az\/wp-content\/uploads\/2026\/05\/d7fcfce8280389f8ea90e4dc1e8cdb64.jpg",870,500,false],"landscape":["https:\/\/arantv.az\/wp-content\/uploads\/2026\/05\/d7fcfce8280389f8ea90e4dc1e8cdb64.jpg",870,500,false],"portraits":["https:\/\/arantv.az\/wp-content\/uploads\/2026\/05\/d7fcfce8280389f8ea90e4dc1e8cdb64.jpg",870,500,false],"thumbnail":["https:\/\/arantv.az\/wp-content\/uploads\/2026\/05\/d7fcfce8280389f8ea90e4dc1e8cdb64-500x280.jpg",500,280,true],"medium":["https:\/\/arantv.az\/wp-content\/uploads\/2026\/05\/d7fcfce8280389f8ea90e4dc1e8cdb64-635x365.jpg",635,365,true],"large":["https:\/\/arantv.az\/wp-content\/uploads\/2026\/05\/d7fcfce8280389f8ea90e4dc1e8cdb64-840x483.jpg",640,368,true],"1536x1536":["https:\/\/arantv.az\/wp-content\/uploads\/2026\/05\/d7fcfce8280389f8ea90e4dc1e8cdb64.jpg",870,500,false],"2048x2048":["https:\/\/arantv.az\/wp-content\/uploads\/2026\/05\/d7fcfce8280389f8ea90e4dc1e8cdb64.jpg",870,500,false],"post-thumbnail":["https:\/\/arantv.az\/wp-content\/uploads\/2026\/05\/d7fcfce8280389f8ea90e4dc1e8cdb64-240x172.jpg",240,172,true],"advps-thumb-one":["https:\/\/arantv.az\/wp-content\/uploads\/2026\/05\/d7fcfce8280389f8ea90e4dc1e8cdb64.jpg",870,500,false]},"rttpg_author":{"display_name":"V\u00fcsal Rafiqo\u011flu","author_link":"https:\/\/arantv.az\/?author=2"},"rttpg_comment":0,"rttpg_category":"<a href=\"https:\/\/arantv.az\/?cat=1\" rel=\"category\">C\u0259miyy\u0259t<\/a>","rttpg_excerpt":"Az\u0259rbaycanda akkredit\u0259 olunmu\u015f diplomatik korpusun n\u00fcmay\u0259nd\u0259l\u0259ri \u015eu\u015fa qalas\u0131n\u0131 ziyar\u0259t edibl\u0259r. Musavat.com\u00a0&#8220;Report&#8221;a istinadla x\u0259b\u0259r verir ki, n\u00fcmay\u0259nd\u0259 hey\u0259ti \u015eu\u015fa \u015f\u0259h\u0259rinin tarixi m\u0259kan\u0131 il\u0259 tan\u0131\u015f olub. Qeyd ed\u0259k ki, Qaraba\u011fa v\u0259 \u015e\u0259rqi Z\u0259ng\u0259zura ikig\u00fcnl\u00fck s\u0259f\u0259rd\u0259 \u00fcmumilikd\u0259 62 \u00f6lk\u0259nin v\u0259 beyn\u0259lxalq t\u0259\u015fkilat\u0131n 150-d\u0259n \u00e7ox s\u0259firi, diplomat\u0131, h\u0259rbi atta\u015fesi v\u0259 dig\u0259r n\u00fcmay\u0259nd\u0259si i\u015ftirak edir.","_links":{"self":[{"href":"https:\/\/arantv.az\/index.php?rest_route=\/wp\/v2\/posts\/850586"}],"collection":[{"href":"https:\/\/arantv.az\/index.php?rest_route=\/wp\/v2\/posts"}],"about":[{"href":"https:\/\/arantv.az\/index.php?rest_route=\/wp\/v2\/types\/post"}],"author":[{"embeddable":true,"href":"https:\/\/arantv.az\/index.php?rest_route=\/wp\/v2\/users\/2"}],"replies":[{"embeddable":true,"href":"https:\/\/arantv.az\/index.php?rest_route=%2Fwp%2Fv2%2Fcomments&post=850586"}],"version-history":[{"count":1,"href":"https:\/\/arantv.az\/index.php?rest_route=\/wp\/v2\/posts\/850586\/revisions"}],"predecessor-version":[{"id":850588,"href":"https:\/\/arantv.az\/index.php?rest_route=\/wp\/v2\/posts\/850586\/revisions\/850588"}],"wp:featuredmedia":[{"embeddable":true,"href":"https:\/\/arantv.az\/index.php?rest_route=\/wp\/v2\/media\/850587"}],"wp:attachment":[{"href":"https:\/\/arantv.az\/index.php?rest_route=%2Fwp%2Fv2%2Fmedia&parent=850586"}],"wp:term":[{"taxonomy":"category","embeddable":true,"href":"https:\/\/arantv.az\/index.php?rest_route=%2Fwp%2Fv2%2Fcategories&post=850586"},{"taxonomy":"post_tag","embeddable":true,"href":"https:\/\/arantv.az\/index.php?rest_route=%2Fwp%2Fv2%2Ftags&post=850586"}],"curies":[{"name":"wp","href":"https:\/\/api.w.org\/{rel}","templated":true}]}}