{"id":850614,"date":"2026-05-02T11:21:34","date_gmt":"2026-05-02T07:21:34","guid":{"rendered":"https:\/\/arantv.az\/?p=850614"},"modified":"2026-05-02T11:21:34","modified_gmt":"2026-05-02T07:21:34","slug":"xarici-diplomatlar-susada-yeni-insa-edil%c9%99n-m%c9%99scidd%c9%99-olub","status":"publish","type":"post","link":"https:\/\/arantv.az\/?p=850614","title":{"rendered":"Xarici diplomatlar \u015eu\u015fada yeni in\u015fa edil\u0259n m\u0259scidd\u0259 olub"},"content":{"rendered":"<p>Az\u0259rbaycanda akkredit\u0259 olunmu\u015f diplomatik korpusun n\u00fcmay\u0259nd\u0259l\u0259ri bu g\u00fcn s\u0259h\u0259r saatlar\u0131nda \u015eu\u015fada in\u015fa edil\u0259n m\u0259scidi (Yeni \u015eu\u015fa) ziyar\u0259t edibl\u0259r.<\/p>\n<p>&#8220;Report&#8221;un \u015eu\u015faya ezam olunmu\u015f \u0259m\u0259kda\u015f\u0131 x\u0259b\u0259r verir ki, n\u00fcmay\u0259nd\u0259 hey\u0259ti \u015f\u0259h\u0259rin s\u0259rv\u0259tin\u0259 \u00e7evrilm\u0259si n\u0259z\u0259rd\u0259 tutulan yeni obyektin in\u015fas\u0131n\u0131n gedi\u015fat\u0131 il\u0259 tan\u0131\u015f olub.<\/p>\n<p>Qeyd ed\u0259k ki, Yeni \u015eu\u015fa m\u0259scidinin t\u0259m\u0259li 2021-ci ild\u0259 qoyulub.<\/p>\n<p>Xat\u0131rladaq ki, Qaraba\u011fa v\u0259 \u015e\u0259rqi Z\u0259ng\u0259zura ikig\u00fcnl\u00fck s\u0259f\u0259rd\u0259 \u00fcmumilikd\u0259 62 \u00f6lk\u0259nin v\u0259 beyn\u0259lxalq t\u0259\u015fkilat\u0131n 150-d\u0259n \u00e7ox s\u0259firi, diplomat\u0131, h\u0259rbi atta\u015fesi v\u0259 dig\u0259r n\u00fcmay\u0259nd\u0259si i\u015ftirak edir.<\/p>\n<p>Diplomatik korpusu Az\u0259rbaycan Prezidentinin k\u00f6m\u0259k\u00e7isi \u2013 Prezident Administrasiyas\u0131n\u0131n Xarici siyas\u0259t m\u0259s\u0259l\u0259l\u0259ri \u015f\u00f6b\u0259sinin m\u00fcdiri Hikm\u0259t Hac\u0131yev m\u00fc\u015fayi\u0259t edir.<\/p>\n","protected":false},"excerpt":{"rendered":"<p>Az\u0259rbaycanda akkredit\u0259 olunmu\u015f diplomatik korpusun n\u00fcmay\u0259nd\u0259l\u0259ri bu g\u00fcn s\u0259h\u0259r saatlar\u0131nda \u015eu\u015fada in\u015fa edil\u0259n m\u0259scidi (Yeni \u015eu\u015fa) ziyar\u0259t edibl\u0259r. &#8220;Report&#8221;un \u015eu\u015faya ezam olunmu\u015f \u0259m\u0259kda\u015f\u0131 x\u0259b\u0259r verir ki, n\u00fcmay\u0259nd\u0259 hey\u0259ti \u015f\u0259h\u0259rin s\u0259rv\u0259tin\u0259 \u00e7evrilm\u0259si n\u0259z\u0259rd\u0259 tutulan yeni obyektin in\u015fas\u0131n\u0131n gedi\u015fat\u0131 il\u0259 tan\u0131\u015f olub. Qeyd ed\u0259k ki, Yeni \u015eu\u015fa m\u0259scidinin t\u0259m\u0259li 2021-ci ild\u0259 qoyulub. Xat\u0131rladaq ki, Qaraba\u011fa v\u0259 \u015e\u0259rqi Z\u0259ng\u0259zura ikig\u00fcnl\u00fck s\u0259f\u0259rd\u0259 \u00fcmumilikd\u0259 62 \u00f6lk\u0259nin v\u0259 beyn\u0259lxalq t\u0259\u015fkilat\u0131n 150-d\u0259n \u00e7ox s\u0259firi, diplomat\u0131, h\u0259rbi atta\u015fesi v\u0259 dig\u0259r n\u00fcmay\u0259nd\u0259si i\u015ftirak edir. Diplomatik korpusu Az\u0259rbaycan Prezidentinin k\u00f6m\u0259k\u00e7isi \u2013 Prezident Administrasiyas\u0131n\u0131n Xarici siyas\u0259t m\u0259s\u0259l\u0259l\u0259ri \u015f\u00f6b\u0259sinin m\u00fcdiri Hikm\u0259t Hac\u0131yev&hellip;<\/p>\n","protected":false},"author":2,"featured_media":850615,"comment_status":"closed","ping_status":"closed","sticky":false,"template":"","format":"standard","meta":{"om_disable_all_campaigns":false,"_monsterinsights_skip_tracking":false,"_monsterinsights_sitenote_active":false,"_monsterinsights_sitenote_note":"","_monsterinsights_sitenote_category":0},"categories":[1],"tags":[],"aioseo_notices":[],"gutentor_comment":0,"rttpg_featured_image_url":{"full":["https:\/\/arantv.az\/wp-content\/uploads\/2026\/05\/cd3ca5efff105d78c4684eb2bba5f0e1.jpg",870,500,false],"landscape":["https:\/\/arantv.az\/wp-content\/uploads\/2026\/05\/cd3ca5efff105d78c4684eb2bba5f0e1.jpg",870,500,false],"portraits":["https:\/\/arantv.az\/wp-content\/uploads\/2026\/05\/cd3ca5efff105d78c4684eb2bba5f0e1.jpg",870,500,false],"thumbnail":["https:\/\/arantv.az\/wp-content\/uploads\/2026\/05\/cd3ca5efff105d78c4684eb2bba5f0e1-500x280.jpg",500,280,true],"medium":["https:\/\/arantv.az\/wp-content\/uploads\/2026\/05\/cd3ca5efff105d78c4684eb2bba5f0e1-635x365.jpg",635,365,true],"large":["https:\/\/arantv.az\/wp-content\/uploads\/2026\/05\/cd3ca5efff105d78c4684eb2bba5f0e1-840x483.jpg",640,368,true],"1536x1536":["https:\/\/arantv.az\/wp-content\/uploads\/2026\/05\/cd3ca5efff105d78c4684eb2bba5f0e1.jpg",870,500,false],"2048x2048":["https:\/\/arantv.az\/wp-content\/uploads\/2026\/05\/cd3ca5efff105d78c4684eb2bba5f0e1.jpg",870,500,false],"post-thumbnail":["https:\/\/arantv.az\/wp-content\/uploads\/2026\/05\/cd3ca5efff105d78c4684eb2bba5f0e1-240x172.jpg",240,172,true],"advps-thumb-one":["https:\/\/arantv.az\/wp-content\/uploads\/2026\/05\/cd3ca5efff105d78c4684eb2bba5f0e1.jpg",870,500,false]},"rttpg_author":{"display_name":"V\u00fcsal Rafiqo\u011flu","author_link":"https:\/\/arantv.az\/?author=2"},"rttpg_comment":0,"rttpg_category":"<a href=\"https:\/\/arantv.az\/?cat=1\" rel=\"category\">C\u0259miyy\u0259t<\/a>","rttpg_excerpt":"Az\u0259rbaycanda akkredit\u0259 olunmu\u015f diplomatik korpusun n\u00fcmay\u0259nd\u0259l\u0259ri bu g\u00fcn s\u0259h\u0259r saatlar\u0131nda \u015eu\u015fada in\u015fa edil\u0259n m\u0259scidi (Yeni \u015eu\u015fa) ziyar\u0259t edibl\u0259r. &#8220;Report&#8221;un \u015eu\u015faya ezam olunmu\u015f \u0259m\u0259kda\u015f\u0131 x\u0259b\u0259r verir ki, n\u00fcmay\u0259nd\u0259 hey\u0259ti \u015f\u0259h\u0259rin s\u0259rv\u0259tin\u0259 \u00e7evrilm\u0259si n\u0259z\u0259rd\u0259 tutulan yeni obyektin in\u015fas\u0131n\u0131n gedi\u015fat\u0131 il\u0259 tan\u0131\u015f olub. Qeyd ed\u0259k ki, Yeni \u015eu\u015fa m\u0259scidinin t\u0259m\u0259li 2021-ci ild\u0259 qoyulub. Xat\u0131rladaq ki, Qaraba\u011fa v\u0259 \u015e\u0259rqi&hellip;","_links":{"self":[{"href":"https:\/\/arantv.az\/index.php?rest_route=\/wp\/v2\/posts\/850614"}],"collection":[{"href":"https:\/\/arantv.az\/index.php?rest_route=\/wp\/v2\/posts"}],"about":[{"href":"https:\/\/arantv.az\/index.php?rest_route=\/wp\/v2\/types\/post"}],"author":[{"embeddable":true,"href":"https:\/\/arantv.az\/index.php?rest_route=\/wp\/v2\/users\/2"}],"replies":[{"embeddable":true,"href":"https:\/\/arantv.az\/index.php?rest_route=%2Fwp%2Fv2%2Fcomments&post=850614"}],"version-history":[{"count":1,"href":"https:\/\/arantv.az\/index.php?rest_route=\/wp\/v2\/posts\/850614\/revisions"}],"predecessor-version":[{"id":850616,"href":"https:\/\/arantv.az\/index.php?rest_route=\/wp\/v2\/posts\/850614\/revisions\/850616"}],"wp:featuredmedia":[{"embeddable":true,"href":"https:\/\/arantv.az\/index.php?rest_route=\/wp\/v2\/media\/850615"}],"wp:attachment":[{"href":"https:\/\/arantv.az\/index.php?rest_route=%2Fwp%2Fv2%2Fmedia&parent=850614"}],"wp:term":[{"taxonomy":"category","embeddable":true,"href":"https:\/\/arantv.az\/index.php?rest_route=%2Fwp%2Fv2%2Fcategories&post=850614"},{"taxonomy":"post_tag","embeddable":true,"href":"https:\/\/arantv.az\/index.php?rest_route=%2Fwp%2Fv2%2Ftags&post=850614"}],"curies":[{"name":"wp","href":"https:\/\/api.w.org\/{rel}","templated":true}]}}