{"id":850623,"date":"2026-05-02T11:25:50","date_gmt":"2026-05-02T07:25:50","guid":{"rendered":"https:\/\/arantv.az\/?p=850623"},"modified":"2026-05-02T11:25:50","modified_gmt":"2026-05-02T07:25:50","slug":"az%c9%99rbaycan-regionda-%c9%99razi-butovluyunu-b%c9%99rpa-etmis-yegan%c9%99-olk%c9%99dir-moldova-s%c9%99firi","status":"publish","type":"post","link":"https:\/\/arantv.az\/?p=850623","title":{"rendered":"Az\u0259rbaycan regionda \u0259razi b\u00fct\u00f6vl\u00fcy\u00fcn\u00fc b\u0259rpa etmi\u015f yegan\u0259 \u00f6lk\u0259dir &#8211; Moldova s\u0259firi"},"content":{"rendered":"<p>Az\u0259rbaycan postsovet m\u0259kan\u0131nda suverenliyini v\u0259 \u0259razi b\u00fct\u00f6vl\u00fcy\u00fcn\u00fc \u00f6z g\u00fcc\u00fc il\u0259 b\u0259rpa etm\u0259yi bacarm\u0131\u015f yegan\u0259 \u00f6lk\u0259dir.<\/p>\n<p><strong>\u201c\u0130ki sahil\u201d x\u0259b\u0259r verir ki,<\/strong>\u00a0bunu jurnalistl\u0259r\u0259 a\u00e7\u0131qlamas\u0131nda Moldovan\u0131n Az\u0259rbaycandak\u0131 s\u0259firi Aleksandr Esaulenko deyib.<\/p>\n<p>&#8220;T\u0259\u0259ss\u00fcf ki, Moldova h\u0259l\u0259 d\u0259 \u0259razi suverenliyinin b\u0259rpas\u0131 m\u0259rh\u0259l\u0259sind\u0259dir. SSR\u0130-nin da\u011f\u0131lmas\u0131ndan sonra h\u0259m Az\u0259rbaycan\u0131n, h\u0259m d\u0259 Moldovan\u0131n \u0259razi m\u00fcnaqi\u015f\u0259l\u0259ri il\u0259 ba\u011fl\u0131 eyni problemi var idi&#8221;, &#8211; o bildirib.<\/p>\n<p>A.Esaulenko h\u0259m\u00e7inin onillikl\u0259r boyu davam ed\u0259n i\u015f\u011faldan sonra Qaraba\u011f v\u0259 \u015e\u0259rqi Z\u0259ng\u0259zur \u00fcz\u0259rind\u0259 n\u0259zar\u0259tin tam qaytar\u0131lmas\u0131 m\u00fcnasib\u0259til\u0259 Az\u0259rbaycan\u0131 t\u0259brik edib:<\/p>\n<p>&#8220;M\u0259n, \u0259lb\u0259tt\u0259 ki, Az\u0259rbaycan\u0131 t\u0259brik etm\u0259k ist\u0259yir\u0259m, \u00e7\u00fcnki bu, postsovet m\u0259kan\u0131nda \u00f6z \u0259razil\u0259rini \u00f6z g\u00fcc\u00fc il\u0259 qaytaran ilk \u00f6lk\u0259dir. M\u0259n Moldovan\u0131n s\u0259firi olaraq, buna x\u00fcsusi diqq\u0259t yetirir\u0259m&#8221;.<\/p>\n","protected":false},"excerpt":{"rendered":"<p>Az\u0259rbaycan postsovet m\u0259kan\u0131nda suverenliyini v\u0259 \u0259razi b\u00fct\u00f6vl\u00fcy\u00fcn\u00fc \u00f6z g\u00fcc\u00fc il\u0259 b\u0259rpa etm\u0259yi bacarm\u0131\u015f yegan\u0259 \u00f6lk\u0259dir. \u201c\u0130ki sahil\u201d x\u0259b\u0259r verir ki,\u00a0bunu jurnalistl\u0259r\u0259 a\u00e7\u0131qlamas\u0131nda Moldovan\u0131n Az\u0259rbaycandak\u0131 s\u0259firi Aleksandr Esaulenko deyib. &#8220;T\u0259\u0259ss\u00fcf ki, Moldova h\u0259l\u0259 d\u0259 \u0259razi suverenliyinin b\u0259rpas\u0131 m\u0259rh\u0259l\u0259sind\u0259dir. SSR\u0130-nin da\u011f\u0131lmas\u0131ndan sonra h\u0259m Az\u0259rbaycan\u0131n, h\u0259m d\u0259 Moldovan\u0131n \u0259razi m\u00fcnaqi\u015f\u0259l\u0259ri il\u0259 ba\u011fl\u0131 eyni problemi var idi&#8221;, &#8211; o bildirib. A.Esaulenko h\u0259m\u00e7inin onillikl\u0259r boyu davam ed\u0259n i\u015f\u011faldan sonra Qaraba\u011f v\u0259 \u015e\u0259rqi Z\u0259ng\u0259zur \u00fcz\u0259rind\u0259 n\u0259zar\u0259tin tam qaytar\u0131lmas\u0131 m\u00fcnasib\u0259til\u0259 Az\u0259rbaycan\u0131 t\u0259brik edib: &#8220;M\u0259n, \u0259lb\u0259tt\u0259 ki, Az\u0259rbaycan\u0131 t\u0259brik etm\u0259k ist\u0259yir\u0259m, \u00e7\u00fcnki bu, postsovet m\u0259kan\u0131nda \u00f6z \u0259razil\u0259rini \u00f6z&hellip;<\/p>\n","protected":false},"author":2,"featured_media":850624,"comment_status":"closed","ping_status":"closed","sticky":false,"template":"","format":"standard","meta":{"om_disable_all_campaigns":false,"_monsterinsights_skip_tracking":false,"_monsterinsights_sitenote_active":false,"_monsterinsights_sitenote_note":"","_monsterinsights_sitenote_category":0},"categories":[4],"tags":[],"aioseo_notices":[],"gutentor_comment":0,"rttpg_featured_image_url":{"full":["https:\/\/arantv.az\/wp-content\/uploads\/2026\/05\/6e3adb1a166479298224109955410913324.jpg",975,540,false],"landscape":["https:\/\/arantv.az\/wp-content\/uploads\/2026\/05\/6e3adb1a166479298224109955410913324.jpg",975,540,false],"portraits":["https:\/\/arantv.az\/wp-content\/uploads\/2026\/05\/6e3adb1a166479298224109955410913324.jpg",975,540,false],"thumbnail":["https:\/\/arantv.az\/wp-content\/uploads\/2026\/05\/6e3adb1a166479298224109955410913324-500x280.jpg",500,280,true],"medium":["https:\/\/arantv.az\/wp-content\/uploads\/2026\/05\/6e3adb1a166479298224109955410913324-660x365.jpg",660,365,true],"large":["https:\/\/arantv.az\/wp-content\/uploads\/2026\/05\/6e3adb1a166479298224109955410913324-840x465.jpg",640,354,true],"1536x1536":["https:\/\/arantv.az\/wp-content\/uploads\/2026\/05\/6e3adb1a166479298224109955410913324.jpg",975,540,false],"2048x2048":["https:\/\/arantv.az\/wp-content\/uploads\/2026\/05\/6e3adb1a166479298224109955410913324.jpg",975,540,false],"post-thumbnail":["https:\/\/arantv.az\/wp-content\/uploads\/2026\/05\/6e3adb1a166479298224109955410913324-240x172.jpg",240,172,true],"advps-thumb-one":["https:\/\/arantv.az\/wp-content\/uploads\/2026\/05\/6e3adb1a166479298224109955410913324.jpg",975,540,false]},"rttpg_author":{"display_name":"V\u00fcsal Rafiqo\u011flu","author_link":"https:\/\/arantv.az\/?author=2"},"rttpg_comment":0,"rttpg_category":"<a href=\"https:\/\/arantv.az\/?cat=4\" rel=\"category\">Siyas\u0259t<\/a>","rttpg_excerpt":"Az\u0259rbaycan postsovet m\u0259kan\u0131nda suverenliyini v\u0259 \u0259razi b\u00fct\u00f6vl\u00fcy\u00fcn\u00fc \u00f6z g\u00fcc\u00fc il\u0259 b\u0259rpa etm\u0259yi bacarm\u0131\u015f yegan\u0259 \u00f6lk\u0259dir. \u201c\u0130ki sahil\u201d x\u0259b\u0259r verir ki,\u00a0bunu jurnalistl\u0259r\u0259 a\u00e7\u0131qlamas\u0131nda Moldovan\u0131n Az\u0259rbaycandak\u0131 s\u0259firi Aleksandr Esaulenko deyib. &#8220;T\u0259\u0259ss\u00fcf ki, Moldova h\u0259l\u0259 d\u0259 \u0259razi suverenliyinin b\u0259rpas\u0131 m\u0259rh\u0259l\u0259sind\u0259dir. SSR\u0130-nin da\u011f\u0131lmas\u0131ndan sonra h\u0259m Az\u0259rbaycan\u0131n, h\u0259m d\u0259 Moldovan\u0131n \u0259razi m\u00fcnaqi\u015f\u0259l\u0259ri il\u0259 ba\u011fl\u0131 eyni problemi var idi&#8221;, &#8211; o&hellip;","_links":{"self":[{"href":"https:\/\/arantv.az\/index.php?rest_route=\/wp\/v2\/posts\/850623"}],"collection":[{"href":"https:\/\/arantv.az\/index.php?rest_route=\/wp\/v2\/posts"}],"about":[{"href":"https:\/\/arantv.az\/index.php?rest_route=\/wp\/v2\/types\/post"}],"author":[{"embeddable":true,"href":"https:\/\/arantv.az\/index.php?rest_route=\/wp\/v2\/users\/2"}],"replies":[{"embeddable":true,"href":"https:\/\/arantv.az\/index.php?rest_route=%2Fwp%2Fv2%2Fcomments&post=850623"}],"version-history":[{"count":1,"href":"https:\/\/arantv.az\/index.php?rest_route=\/wp\/v2\/posts\/850623\/revisions"}],"predecessor-version":[{"id":850625,"href":"https:\/\/arantv.az\/index.php?rest_route=\/wp\/v2\/posts\/850623\/revisions\/850625"}],"wp:featuredmedia":[{"embeddable":true,"href":"https:\/\/arantv.az\/index.php?rest_route=\/wp\/v2\/media\/850624"}],"wp:attachment":[{"href":"https:\/\/arantv.az\/index.php?rest_route=%2Fwp%2Fv2%2Fmedia&parent=850623"}],"wp:term":[{"taxonomy":"category","embeddable":true,"href":"https:\/\/arantv.az\/index.php?rest_route=%2Fwp%2Fv2%2Fcategories&post=850623"},{"taxonomy":"post_tag","embeddable":true,"href":"https:\/\/arantv.az\/index.php?rest_route=%2Fwp%2Fv2%2Ftags&post=850623"}],"curies":[{"name":"wp","href":"https:\/\/api.w.org\/{rel}","templated":true}]}}