{"id":850641,"date":"2026-05-02T13:47:13","date_gmt":"2026-05-02T09:47:13","guid":{"rendered":"https:\/\/arantv.az\/?p=850641"},"modified":"2026-05-02T13:47:13","modified_gmt":"2026-05-02T09:47:13","slug":"hikm%c9%99t-haciyev-susada-h%c9%99rbi-attasel%c9%99rl%c9%99","status":"publish","type":"post","link":"https:\/\/arantv.az\/?p=850641","title":{"rendered":"Hikm\u0259t Hac\u0131yev \u015eu\u015fada h\u0259rbi atta\u015fel\u0259rl\u0259"},"content":{"rendered":"<p>Az\u0259rbaycan Prezidentinin k\u00f6m\u0259k\u00e7isi &#8211; Prezident Administrasiyas\u0131n\u0131n Xarici siyas\u0259t m\u0259s\u0259l\u0259l\u0259ri \u015f\u00f6b\u0259sinin m\u00fcdiri Hikm\u0259t Hac\u0131yev \u015eu\u015fadan h\u0259rbi atta\u015fel\u0259rl\u0259 foto payla\u015f\u0131b.<\/p>\n<p><strong>\u201c\u0130ki sahil\u201d x\u0259b\u0259r verir ki,<\/strong>\u00a0o, bu payla\u015f\u0131m\u0131 \u201cX\u201d hesab\u0131nda edib.<\/p>\n<p>\u201cAz\u0259rbaycanda akkredit\u0259 olunmu\u015f h\u0259rbi atta\u015fel\u0259rl\u0259 \u015eu\u015fada. Arxa planda &#8211; haz\u0131rda tikintisi davam ed\u0259n \u015eu\u015fa M\u0259scidi\u201d, &#8211; H.Hac\u0131yev yaz\u0131b.<\/p>\n","protected":false},"excerpt":{"rendered":"<p>Az\u0259rbaycan Prezidentinin k\u00f6m\u0259k\u00e7isi &#8211; Prezident Administrasiyas\u0131n\u0131n Xarici siyas\u0259t m\u0259s\u0259l\u0259l\u0259ri \u015f\u00f6b\u0259sinin m\u00fcdiri Hikm\u0259t Hac\u0131yev \u015eu\u015fadan h\u0259rbi atta\u015fel\u0259rl\u0259 foto payla\u015f\u0131b. \u201c\u0130ki sahil\u201d x\u0259b\u0259r verir ki,\u00a0o, bu payla\u015f\u0131m\u0131 \u201cX\u201d hesab\u0131nda edib. \u201cAz\u0259rbaycanda akkredit\u0259 olunmu\u015f h\u0259rbi atta\u015fel\u0259rl\u0259 \u015eu\u015fada. Arxa planda &#8211; haz\u0131rda tikintisi davam ed\u0259n \u015eu\u015fa M\u0259scidi\u201d, &#8211; H.Hac\u0131yev yaz\u0131b.<\/p>\n","protected":false},"author":2,"featured_media":850642,"comment_status":"closed","ping_status":"closed","sticky":false,"template":"","format":"standard","meta":{"om_disable_all_campaigns":false,"_monsterinsights_skip_tracking":false,"_monsterinsights_sitenote_active":false,"_monsterinsights_sitenote_note":"","_monsterinsights_sitenote_category":0},"categories":[4],"tags":[],"aioseo_notices":[],"gutentor_comment":0,"rttpg_featured_image_url":{"full":["https:\/\/arantv.az\/wp-content\/uploads\/2026\/05\/961f1e75177771457948007847410717888.jpg",975,540,false],"landscape":["https:\/\/arantv.az\/wp-content\/uploads\/2026\/05\/961f1e75177771457948007847410717888.jpg",975,540,false],"portraits":["https:\/\/arantv.az\/wp-content\/uploads\/2026\/05\/961f1e75177771457948007847410717888.jpg",975,540,false],"thumbnail":["https:\/\/arantv.az\/wp-content\/uploads\/2026\/05\/961f1e75177771457948007847410717888-500x280.jpg",500,280,true],"medium":["https:\/\/arantv.az\/wp-content\/uploads\/2026\/05\/961f1e75177771457948007847410717888-660x365.jpg",660,365,true],"large":["https:\/\/arantv.az\/wp-content\/uploads\/2026\/05\/961f1e75177771457948007847410717888-840x465.jpg",640,354,true],"1536x1536":["https:\/\/arantv.az\/wp-content\/uploads\/2026\/05\/961f1e75177771457948007847410717888.jpg",975,540,false],"2048x2048":["https:\/\/arantv.az\/wp-content\/uploads\/2026\/05\/961f1e75177771457948007847410717888.jpg",975,540,false],"post-thumbnail":["https:\/\/arantv.az\/wp-content\/uploads\/2026\/05\/961f1e75177771457948007847410717888-240x172.jpg",240,172,true],"advps-thumb-one":["https:\/\/arantv.az\/wp-content\/uploads\/2026\/05\/961f1e75177771457948007847410717888.jpg",975,540,false]},"rttpg_author":{"display_name":"V\u00fcsal Rafiqo\u011flu","author_link":"https:\/\/arantv.az\/?author=2"},"rttpg_comment":0,"rttpg_category":"<a href=\"https:\/\/arantv.az\/?cat=4\" rel=\"category\">Siyas\u0259t<\/a>","rttpg_excerpt":"Az\u0259rbaycan Prezidentinin k\u00f6m\u0259k\u00e7isi &#8211; Prezident Administrasiyas\u0131n\u0131n Xarici siyas\u0259t m\u0259s\u0259l\u0259l\u0259ri \u015f\u00f6b\u0259sinin m\u00fcdiri Hikm\u0259t Hac\u0131yev \u015eu\u015fadan h\u0259rbi atta\u015fel\u0259rl\u0259 foto payla\u015f\u0131b. \u201c\u0130ki sahil\u201d x\u0259b\u0259r verir ki,\u00a0o, bu payla\u015f\u0131m\u0131 \u201cX\u201d hesab\u0131nda edib. \u201cAz\u0259rbaycanda akkredit\u0259 olunmu\u015f h\u0259rbi atta\u015fel\u0259rl\u0259 \u015eu\u015fada. Arxa planda &#8211; haz\u0131rda tikintisi davam ed\u0259n \u015eu\u015fa M\u0259scidi\u201d, &#8211; H.Hac\u0131yev yaz\u0131b.","_links":{"self":[{"href":"https:\/\/arantv.az\/index.php?rest_route=\/wp\/v2\/posts\/850641"}],"collection":[{"href":"https:\/\/arantv.az\/index.php?rest_route=\/wp\/v2\/posts"}],"about":[{"href":"https:\/\/arantv.az\/index.php?rest_route=\/wp\/v2\/types\/post"}],"author":[{"embeddable":true,"href":"https:\/\/arantv.az\/index.php?rest_route=\/wp\/v2\/users\/2"}],"replies":[{"embeddable":true,"href":"https:\/\/arantv.az\/index.php?rest_route=%2Fwp%2Fv2%2Fcomments&post=850641"}],"version-history":[{"count":2,"href":"https:\/\/arantv.az\/index.php?rest_route=\/wp\/v2\/posts\/850641\/revisions"}],"predecessor-version":[{"id":850644,"href":"https:\/\/arantv.az\/index.php?rest_route=\/wp\/v2\/posts\/850641\/revisions\/850644"}],"wp:featuredmedia":[{"embeddable":true,"href":"https:\/\/arantv.az\/index.php?rest_route=\/wp\/v2\/media\/850642"}],"wp:attachment":[{"href":"https:\/\/arantv.az\/index.php?rest_route=%2Fwp%2Fv2%2Fmedia&parent=850641"}],"wp:term":[{"taxonomy":"category","embeddable":true,"href":"https:\/\/arantv.az\/index.php?rest_route=%2Fwp%2Fv2%2Fcategories&post=850641"},{"taxonomy":"post_tag","embeddable":true,"href":"https:\/\/arantv.az\/index.php?rest_route=%2Fwp%2Fv2%2Ftags&post=850641"}],"curies":[{"name":"wp","href":"https:\/\/api.w.org\/{rel}","templated":true}]}}