{"id":850648,"date":"2026-05-02T13:49:48","date_gmt":"2026-05-02T09:49:48","guid":{"rendered":"https:\/\/arantv.az\/?p=850648"},"modified":"2026-05-02T13:49:48","modified_gmt":"2026-05-02T09:49:48","slug":"susani-bel%c9%99-g%c9%99zdil%c9%99r-video","status":"publish","type":"post","link":"https:\/\/arantv.az\/?p=850648","title":{"rendered":"\u015eu\u015fan\u0131 bel\u0259 g\u0259zdil\u0259r &#8211; Video"},"content":{"rendered":"<p>Az\u0259rbaycanda akkredit\u0259 olunmu\u015f diplomatik korpusun n\u00fcmay\u0259nd\u0259l\u0259ri Qaraba\u011fa s\u0259f\u0259rl\u0259rinin 2-ci g\u00fcn\u00fcnd\u0259 \u015eu\u015fada tikil\u0259n yeni m\u0259scid\u0259 bax\u0131\u015f ke\u00e7iribl\u0259r.<\/p>\n<p>&#8220;Qafqazinfo&#8221;\u00a0<a title=\"xeberler son xeberler 2026\" href=\"https:\/\/big.az\/\" target=\"_blank\" rel=\"noopener\">x\u0259b\u0259r<\/a>\u00a0verir ki, m\u0259scidin formas\u0131 8 r\u0259q\u0259mini, y\u0259ni \u015eu\u015fan\u0131n i\u015f\u011faldan azad olundu\u011fu g\u00fcn\u00fc, iki minar\u0259si is\u0259 11 r\u0259q\u0259mini &#8211; \u015f\u0259h\u0259rin i\u015f\u011faldan azad edildiyi 11-ci ay\u0131 simvoliz\u0259 ed\u0259c\u0259k.<\/p>\n<p>Diplomatik korpusun n\u00fcmay\u0259nd\u0259l\u0259ri h\u0259m\u00e7inin \u015eu\u015fada xal\u00e7a muzeyind\u0259 d\u0259 olublar.<\/p>\n<p>S\u00f6z\u00fcged\u0259n g\u00f6r\u00fcnt\u00fcl\u0259ri t\u0259qdim edirik:<\/p>\n<div class=\"embed-responsive embed-responsive-16by9\"><iframe loading=\"lazy\" id=\"nmqembedid\" class=\"embed-responsive-item\" title=\"video player\" src=\"https:\/\/qafqazinfo.bax.tv\/embed\/222314.html?utm_source=playerden&amp;utm_medium=paylasim&amp;utm_campaign=sosial-xeberler\" width=\"600\" height=\"340\" frameborder=\"0\" scrolling=\"no\" allowfullscreen=\"allowfullscreen\" data-mce-fragment=\"1\"><\/iframe><\/div>\n","protected":false},"excerpt":{"rendered":"<p>Az\u0259rbaycanda akkredit\u0259 olunmu\u015f diplomatik korpusun n\u00fcmay\u0259nd\u0259l\u0259ri Qaraba\u011fa s\u0259f\u0259rl\u0259rinin 2-ci g\u00fcn\u00fcnd\u0259 \u015eu\u015fada tikil\u0259n yeni m\u0259scid\u0259 bax\u0131\u015f ke\u00e7iribl\u0259r. &#8220;Qafqazinfo&#8221;\u00a0x\u0259b\u0259r\u00a0verir ki, m\u0259scidin formas\u0131 8 r\u0259q\u0259mini, y\u0259ni \u015eu\u015fan\u0131n i\u015f\u011faldan azad olundu\u011fu g\u00fcn\u00fc, iki minar\u0259si is\u0259 11 r\u0259q\u0259mini &#8211; \u015f\u0259h\u0259rin i\u015f\u011faldan azad edildiyi 11-ci ay\u0131 simvoliz\u0259 ed\u0259c\u0259k. Diplomatik korpusun n\u00fcmay\u0259nd\u0259l\u0259ri h\u0259m\u00e7inin \u015eu\u015fada xal\u00e7a muzeyind\u0259 d\u0259 olublar. S\u00f6z\u00fcged\u0259n g\u00f6r\u00fcnt\u00fcl\u0259ri t\u0259qdim edirik:<\/p>\n","protected":false},"author":2,"featured_media":850649,"comment_status":"closed","ping_status":"closed","sticky":false,"template":"","format":"standard","meta":{"om_disable_all_campaigns":false,"_monsterinsights_skip_tracking":false,"_monsterinsights_sitenote_active":false,"_monsterinsights_sitenote_note":"","_monsterinsights_sitenote_category":0},"categories":[1],"tags":[],"aioseo_notices":[],"gutentor_comment":0,"rttpg_featured_image_url":{"full":["https:\/\/arantv.az\/wp-content\/uploads\/2026\/05\/susa_51777706273.jpg",650,408,false],"landscape":["https:\/\/arantv.az\/wp-content\/uploads\/2026\/05\/susa_51777706273.jpg",650,408,false],"portraits":["https:\/\/arantv.az\/wp-content\/uploads\/2026\/05\/susa_51777706273.jpg",650,408,false],"thumbnail":["https:\/\/arantv.az\/wp-content\/uploads\/2026\/05\/susa_51777706273-500x280.jpg",500,280,true],"medium":["https:\/\/arantv.az\/wp-content\/uploads\/2026\/05\/susa_51777706273-581x365.jpg",581,365,true],"large":["https:\/\/arantv.az\/wp-content\/uploads\/2026\/05\/susa_51777706273.jpg",640,402,false],"1536x1536":["https:\/\/arantv.az\/wp-content\/uploads\/2026\/05\/susa_51777706273.jpg",650,408,false],"2048x2048":["https:\/\/arantv.az\/wp-content\/uploads\/2026\/05\/susa_51777706273.jpg",650,408,false],"post-thumbnail":["https:\/\/arantv.az\/wp-content\/uploads\/2026\/05\/susa_51777706273-240x172.jpg",240,172,true],"advps-thumb-one":["https:\/\/arantv.az\/wp-content\/uploads\/2026\/05\/susa_51777706273.jpg",650,408,false]},"rttpg_author":{"display_name":"V\u00fcsal Rafiqo\u011flu","author_link":"https:\/\/arantv.az\/?author=2"},"rttpg_comment":0,"rttpg_category":"<a href=\"https:\/\/arantv.az\/?cat=1\" rel=\"category\">C\u0259miyy\u0259t<\/a>","rttpg_excerpt":"Az\u0259rbaycanda akkredit\u0259 olunmu\u015f diplomatik korpusun n\u00fcmay\u0259nd\u0259l\u0259ri Qaraba\u011fa s\u0259f\u0259rl\u0259rinin 2-ci g\u00fcn\u00fcnd\u0259 \u015eu\u015fada tikil\u0259n yeni m\u0259scid\u0259 bax\u0131\u015f ke\u00e7iribl\u0259r. &#8220;Qafqazinfo&#8221;\u00a0x\u0259b\u0259r\u00a0verir ki, m\u0259scidin formas\u0131 8 r\u0259q\u0259mini, y\u0259ni \u015eu\u015fan\u0131n i\u015f\u011faldan azad olundu\u011fu g\u00fcn\u00fc, iki minar\u0259si is\u0259 11 r\u0259q\u0259mini &#8211; \u015f\u0259h\u0259rin i\u015f\u011faldan azad edildiyi 11-ci ay\u0131 simvoliz\u0259 ed\u0259c\u0259k. Diplomatik korpusun n\u00fcmay\u0259nd\u0259l\u0259ri h\u0259m\u00e7inin \u015eu\u015fada xal\u00e7a muzeyind\u0259 d\u0259 olublar. S\u00f6z\u00fcged\u0259n g\u00f6r\u00fcnt\u00fcl\u0259ri t\u0259qdim edirik:","_links":{"self":[{"href":"https:\/\/arantv.az\/index.php?rest_route=\/wp\/v2\/posts\/850648"}],"collection":[{"href":"https:\/\/arantv.az\/index.php?rest_route=\/wp\/v2\/posts"}],"about":[{"href":"https:\/\/arantv.az\/index.php?rest_route=\/wp\/v2\/types\/post"}],"author":[{"embeddable":true,"href":"https:\/\/arantv.az\/index.php?rest_route=\/wp\/v2\/users\/2"}],"replies":[{"embeddable":true,"href":"https:\/\/arantv.az\/index.php?rest_route=%2Fwp%2Fv2%2Fcomments&post=850648"}],"version-history":[{"count":1,"href":"https:\/\/arantv.az\/index.php?rest_route=\/wp\/v2\/posts\/850648\/revisions"}],"predecessor-version":[{"id":850650,"href":"https:\/\/arantv.az\/index.php?rest_route=\/wp\/v2\/posts\/850648\/revisions\/850650"}],"wp:featuredmedia":[{"embeddable":true,"href":"https:\/\/arantv.az\/index.php?rest_route=\/wp\/v2\/media\/850649"}],"wp:attachment":[{"href":"https:\/\/arantv.az\/index.php?rest_route=%2Fwp%2Fv2%2Fmedia&parent=850648"}],"wp:term":[{"taxonomy":"category","embeddable":true,"href":"https:\/\/arantv.az\/index.php?rest_route=%2Fwp%2Fv2%2Fcategories&post=850648"},{"taxonomy":"post_tag","embeddable":true,"href":"https:\/\/arantv.az\/index.php?rest_route=%2Fwp%2Fv2%2Ftags&post=850648"}],"curies":[{"name":"wp","href":"https:\/\/api.w.org\/{rel}","templated":true}]}}