{"id":850654,"date":"2026-05-02T13:51:50","date_gmt":"2026-05-02T09:51:50","guid":{"rendered":"https:\/\/arantv.az\/?p=850654"},"modified":"2026-05-02T13:51:50","modified_gmt":"2026-05-02T09:51:50","slug":"t%c9%99rt%c9%99rd%c9%99-faci%c9%99-qonaq-getdiyi-evd%c9%99-ari-sancmasindan-oldu","status":"publish","type":"post","link":"https:\/\/arantv.az\/?p=850654","title":{"rendered":"T\u0259rt\u0259rd\u0259 faci\u0259 &#8211; Qonaq getdiyi evd\u0259 ar\u0131 sancmas\u0131ndan \u00f6ld\u00fc"},"content":{"rendered":"<p><strong>T\u0259rt\u0259r rayonunda ki\u015fi ar\u0131 sancmas\u0131 n\u0259tic\u0259sind\u0259 \u00f6l\u00fcb.<\/strong><\/p>\n<p><strong><a href=\"https:\/\/publika.az\/\" target=\"_blank\" rel=\"noopener\">Publika.az<\/a>\u00a0<\/strong>Oxu.Az-a istinad\u0259n x\u0259b\u0259r verir ki, hadis\u0259 may\u0131n 1-i D\u00fcy\u0259rli k\u0259ndind\u0259 qeyd\u0259 al\u0131n\u0131b.<\/p>\n<p>Bel\u0259 ki, Bak\u0131 \u015f\u0259h\u0259r sakini, 1978-ci il t\u0259v\u0259ll\u00fcdl\u00fc Nazim \u018fmrahov qonaq g\u0259ldiyi qohumunun h\u0259y\u0259tyan\u0131 sah\u0259sind\u0259n ar\u0131 sancmas\u0131 il\u0259 x\u0259st\u0259xanaya yerl\u0259\u015fdirilib v\u0259 orada \u00f6l\u00fcb.<\/p>\n<p>Faktla ba\u011fl\u0131 ara\u015fd\u0131rma apar\u0131l\u0131r.<\/p>\n","protected":false},"excerpt":{"rendered":"<p>T\u0259rt\u0259r rayonunda ki\u015fi ar\u0131 sancmas\u0131 n\u0259tic\u0259sind\u0259 \u00f6l\u00fcb. Publika.az\u00a0Oxu.Az-a istinad\u0259n x\u0259b\u0259r verir ki, hadis\u0259 may\u0131n 1-i D\u00fcy\u0259rli k\u0259ndind\u0259 qeyd\u0259 al\u0131n\u0131b. Bel\u0259 ki, Bak\u0131 \u015f\u0259h\u0259r sakini, 1978-ci il t\u0259v\u0259ll\u00fcdl\u00fc Nazim \u018fmrahov qonaq g\u0259ldiyi qohumunun h\u0259y\u0259tyan\u0131 sah\u0259sind\u0259n ar\u0131 sancmas\u0131 il\u0259 x\u0259st\u0259xanaya yerl\u0259\u015fdirilib v\u0259 orada \u00f6l\u00fcb. Faktla ba\u011fl\u0131 ara\u015fd\u0131rma apar\u0131l\u0131r.<\/p>\n","protected":false},"author":2,"featured_media":850655,"comment_status":"closed","ping_status":"closed","sticky":false,"template":"","format":"standard","meta":{"om_disable_all_campaigns":false,"_monsterinsights_skip_tracking":false,"_monsterinsights_sitenote_active":false,"_monsterinsights_sitenote_note":"","_monsterinsights_sitenote_category":0},"categories":[5],"tags":[],"aioseo_notices":[],"gutentor_comment":0,"rttpg_featured_image_url":{"full":["https:\/\/arantv.az\/wp-content\/uploads\/2026\/05\/ari.jpg",637,400,false],"landscape":["https:\/\/arantv.az\/wp-content\/uploads\/2026\/05\/ari.jpg",637,400,false],"portraits":["https:\/\/arantv.az\/wp-content\/uploads\/2026\/05\/ari.jpg",637,400,false],"thumbnail":["https:\/\/arantv.az\/wp-content\/uploads\/2026\/05\/ari-500x280.jpg",500,280,true],"medium":["https:\/\/arantv.az\/wp-content\/uploads\/2026\/05\/ari-581x365.jpg",581,365,true],"large":["https:\/\/arantv.az\/wp-content\/uploads\/2026\/05\/ari.jpg",637,400,false],"1536x1536":["https:\/\/arantv.az\/wp-content\/uploads\/2026\/05\/ari.jpg",637,400,false],"2048x2048":["https:\/\/arantv.az\/wp-content\/uploads\/2026\/05\/ari.jpg",637,400,false],"post-thumbnail":["https:\/\/arantv.az\/wp-content\/uploads\/2026\/05\/ari-240x172.jpg",240,172,true],"advps-thumb-one":["https:\/\/arantv.az\/wp-content\/uploads\/2026\/05\/ari.jpg",637,400,false]},"rttpg_author":{"display_name":"V\u00fcsal Rafiqo\u011flu","author_link":"https:\/\/arantv.az\/?author=2"},"rttpg_comment":0,"rttpg_category":"<a href=\"https:\/\/arantv.az\/?cat=5\" rel=\"category\">Hadis\u0259<\/a>","rttpg_excerpt":"T\u0259rt\u0259r rayonunda ki\u015fi ar\u0131 sancmas\u0131 n\u0259tic\u0259sind\u0259 \u00f6l\u00fcb. Publika.az\u00a0Oxu.Az-a istinad\u0259n x\u0259b\u0259r verir ki, hadis\u0259 may\u0131n 1-i D\u00fcy\u0259rli k\u0259ndind\u0259 qeyd\u0259 al\u0131n\u0131b. Bel\u0259 ki, Bak\u0131 \u015f\u0259h\u0259r sakini, 1978-ci il t\u0259v\u0259ll\u00fcdl\u00fc Nazim \u018fmrahov qonaq g\u0259ldiyi qohumunun h\u0259y\u0259tyan\u0131 sah\u0259sind\u0259n ar\u0131 sancmas\u0131 il\u0259 x\u0259st\u0259xanaya yerl\u0259\u015fdirilib v\u0259 orada \u00f6l\u00fcb. Faktla ba\u011fl\u0131 ara\u015fd\u0131rma apar\u0131l\u0131r.","_links":{"self":[{"href":"https:\/\/arantv.az\/index.php?rest_route=\/wp\/v2\/posts\/850654"}],"collection":[{"href":"https:\/\/arantv.az\/index.php?rest_route=\/wp\/v2\/posts"}],"about":[{"href":"https:\/\/arantv.az\/index.php?rest_route=\/wp\/v2\/types\/post"}],"author":[{"embeddable":true,"href":"https:\/\/arantv.az\/index.php?rest_route=\/wp\/v2\/users\/2"}],"replies":[{"embeddable":true,"href":"https:\/\/arantv.az\/index.php?rest_route=%2Fwp%2Fv2%2Fcomments&post=850654"}],"version-history":[{"count":1,"href":"https:\/\/arantv.az\/index.php?rest_route=\/wp\/v2\/posts\/850654\/revisions"}],"predecessor-version":[{"id":850656,"href":"https:\/\/arantv.az\/index.php?rest_route=\/wp\/v2\/posts\/850654\/revisions\/850656"}],"wp:featuredmedia":[{"embeddable":true,"href":"https:\/\/arantv.az\/index.php?rest_route=\/wp\/v2\/media\/850655"}],"wp:attachment":[{"href":"https:\/\/arantv.az\/index.php?rest_route=%2Fwp%2Fv2%2Fmedia&parent=850654"}],"wp:term":[{"taxonomy":"category","embeddable":true,"href":"https:\/\/arantv.az\/index.php?rest_route=%2Fwp%2Fv2%2Fcategories&post=850654"},{"taxonomy":"post_tag","embeddable":true,"href":"https:\/\/arantv.az\/index.php?rest_route=%2Fwp%2Fv2%2Ftags&post=850654"}],"curies":[{"name":"wp","href":"https:\/\/api.w.org\/{rel}","templated":true}]}}