{"id":850720,"date":"2026-05-03T14:56:31","date_gmt":"2026-05-03T10:56:31","guid":{"rendered":"https:\/\/arantv.az\/?p=850720"},"modified":"2026-05-03T14:56:31","modified_gmt":"2026-05-03T10:56:31","slug":"prezident-ilham-%c9%99liyev-polsali-h%c9%99mkarini-t%c9%99brik-edib-3","status":"publish","type":"post","link":"https:\/\/arantv.az\/?p=850720","title":{"rendered":"Prezident \u0130lham \u018fliyev pol\u015fal\u0131 h\u0259mkar\u0131n\u0131 t\u0259brik edib"},"content":{"rendered":"<p><strong>Az\u0259rbaycan Respublikas\u0131n\u0131n Prezidenti \u0130lham \u018fliyev Pol\u015fa Prezidenti Karol Navrotskini Konstitusiya G\u00fcn\u00fc m\u00fcnasib\u0259til\u0259 t\u0259brik edib.<\/strong><\/p>\n<p><strong>Musavat.com<\/strong>\u00a0x\u0259b\u0259r verir ki, t\u0259brikd\u0259 deyilir:<\/p>\n<p>&#8220;3 May &#8211; Konstitusiya G\u00fcn\u00fc m\u00fcnasib\u0259til\u0259 Sizi v\u0259 Sizin siman\u0131zda b\u00fct\u00fcn xalq\u0131n\u0131z\u0131 \u00f6z ad\u0131mdan v\u0259 Az\u0259rbaycan xalq\u0131 ad\u0131ndan s\u0259mimi-q\u0259lbd\u0259n t\u0259brik edir\u0259m.<\/p>\n<p>Az\u0259rbaycan il\u0259 Pol\u015fa aras\u0131nda \u0259laq\u0259l\u0259r d\u0259rin tarixi k\u00f6kl\u0259r\u0259 v\u0259 xo\u015f \u0259n\u0259n\u0259l\u0259r\u0259 \u0259saslan\u0131r. Biz b\u00f6y\u00fck potensiala malik d\u00f6vl\u0259tl\u0259raras\u0131 \u0259laq\u0259l\u0259rimizin v\u0259 s\u0259m\u0259r\u0259li \u0259m\u0259kda\u015fl\u0131\u011f\u0131m\u0131z\u0131n inki\u015faf\u0131na x\u00fcsusi \u0259h\u0259miyy\u0259t veririk.<\/p>\n<p>\u0130nan\u0131ram ki, \u00f6lk\u0259l\u0259rimiz aras\u0131nda dostluq m\u00fcnasib\u0259tl\u0259rinin geni\u015fl\u0259nm\u0259si, strateji t\u0259r\u0259fda\u015fl\u0131\u011f\u0131m\u0131z\u0131n m\u00f6hk\u0259ml\u0259nm\u0259si, qar\u015f\u0131l\u0131ql\u0131 f\u0259aliyy\u0259timizin h\u0259m ikit\u0259r\u0259fli \u0259sasda, h\u0259m d\u0259 Avropa \u0130ttifaq\u0131 \u00e7\u0259r\u00e7iv\u0259sind\u0259 inki\u015faf\u0131 yolunda birg\u0259 s\u0259yl\u0259rimizi bundan sonra da u\u011furla davam etdir\u0259c\u0259yik.<\/p>\n<p>Bel\u0259 bir xo\u015f g\u00fcnd\u0259 Siz\u0259 m\u00f6hk\u0259m cansa\u011fl\u0131\u011f\u0131, xo\u015fb\u0259xtlik, i\u015fl\u0259rinizd\u0259 u\u011furlar, dost Pol\u015fa xalq\u0131na daim \u0259min-amanl\u0131q v\u0259 firavanl\u0131q dil\u0259yir\u0259m&#8221;.<\/p>\n<p>&nbsp;<\/p>\n","protected":false},"excerpt":{"rendered":"<p>Az\u0259rbaycan Respublikas\u0131n\u0131n Prezidenti \u0130lham \u018fliyev Pol\u015fa Prezidenti Karol Navrotskini Konstitusiya G\u00fcn\u00fc m\u00fcnasib\u0259til\u0259 t\u0259brik edib. Musavat.com\u00a0x\u0259b\u0259r verir ki, t\u0259brikd\u0259 deyilir: &#8220;3 May &#8211; Konstitusiya G\u00fcn\u00fc m\u00fcnasib\u0259til\u0259 Sizi v\u0259 Sizin siman\u0131zda b\u00fct\u00fcn xalq\u0131n\u0131z\u0131 \u00f6z ad\u0131mdan v\u0259 Az\u0259rbaycan xalq\u0131 ad\u0131ndan s\u0259mimi-q\u0259lbd\u0259n t\u0259brik edir\u0259m. Az\u0259rbaycan il\u0259 Pol\u015fa aras\u0131nda \u0259laq\u0259l\u0259r d\u0259rin tarixi k\u00f6kl\u0259r\u0259 v\u0259 xo\u015f \u0259n\u0259n\u0259l\u0259r\u0259 \u0259saslan\u0131r. Biz b\u00f6y\u00fck potensiala malik d\u00f6vl\u0259tl\u0259raras\u0131 \u0259laq\u0259l\u0259rimizin v\u0259 s\u0259m\u0259r\u0259li \u0259m\u0259kda\u015fl\u0131\u011f\u0131m\u0131z\u0131n inki\u015faf\u0131na x\u00fcsusi \u0259h\u0259miyy\u0259t veririk. \u0130nan\u0131ram ki, \u00f6lk\u0259l\u0259rimiz aras\u0131nda dostluq m\u00fcnasib\u0259tl\u0259rinin geni\u015fl\u0259nm\u0259si, strateji t\u0259r\u0259fda\u015fl\u0131\u011f\u0131m\u0131z\u0131n m\u00f6hk\u0259ml\u0259nm\u0259si, qar\u015f\u0131l\u0131ql\u0131 f\u0259aliyy\u0259timizin h\u0259m ikit\u0259r\u0259fli \u0259sasda, h\u0259m d\u0259 Avropa \u0130ttifaq\u0131 \u00e7\u0259r\u00e7iv\u0259sind\u0259 inki\u015faf\u0131 yolunda birg\u0259 s\u0259yl\u0259rimizi bundan&hellip;<\/p>\n","protected":false},"author":2,"featured_media":850721,"comment_status":"closed","ping_status":"closed","sticky":false,"template":"","format":"standard","meta":{"om_disable_all_campaigns":false,"_monsterinsights_skip_tracking":false,"_monsterinsights_sitenote_active":false,"_monsterinsights_sitenote_note":"","_monsterinsights_sitenote_category":0},"categories":[4],"tags":[],"aioseo_notices":[],"gutentor_comment":0,"rttpg_featured_image_url":{"full":["https:\/\/arantv.az\/wp-content\/uploads\/2026\/05\/384350136d4e541d5cc8cbea16832218.jpg",870,500,false],"landscape":["https:\/\/arantv.az\/wp-content\/uploads\/2026\/05\/384350136d4e541d5cc8cbea16832218.jpg",870,500,false],"portraits":["https:\/\/arantv.az\/wp-content\/uploads\/2026\/05\/384350136d4e541d5cc8cbea16832218.jpg",870,500,false],"thumbnail":["https:\/\/arantv.az\/wp-content\/uploads\/2026\/05\/384350136d4e541d5cc8cbea16832218-500x280.jpg",500,280,true],"medium":["https:\/\/arantv.az\/wp-content\/uploads\/2026\/05\/384350136d4e541d5cc8cbea16832218-635x365.jpg",635,365,true],"large":["https:\/\/arantv.az\/wp-content\/uploads\/2026\/05\/384350136d4e541d5cc8cbea16832218-840x483.jpg",640,368,true],"1536x1536":["https:\/\/arantv.az\/wp-content\/uploads\/2026\/05\/384350136d4e541d5cc8cbea16832218.jpg",870,500,false],"2048x2048":["https:\/\/arantv.az\/wp-content\/uploads\/2026\/05\/384350136d4e541d5cc8cbea16832218.jpg",870,500,false],"post-thumbnail":["https:\/\/arantv.az\/wp-content\/uploads\/2026\/05\/384350136d4e541d5cc8cbea16832218-240x172.jpg",240,172,true],"advps-thumb-one":["https:\/\/arantv.az\/wp-content\/uploads\/2026\/05\/384350136d4e541d5cc8cbea16832218.jpg",870,500,false]},"rttpg_author":{"display_name":"V\u00fcsal Rafiqo\u011flu","author_link":"https:\/\/arantv.az\/?author=2"},"rttpg_comment":0,"rttpg_category":"<a href=\"https:\/\/arantv.az\/?cat=4\" rel=\"category\">Siyas\u0259t<\/a>","rttpg_excerpt":"Az\u0259rbaycan Respublikas\u0131n\u0131n Prezidenti \u0130lham \u018fliyev Pol\u015fa Prezidenti Karol Navrotskini Konstitusiya G\u00fcn\u00fc m\u00fcnasib\u0259til\u0259 t\u0259brik edib. Musavat.com\u00a0x\u0259b\u0259r verir ki, t\u0259brikd\u0259 deyilir: &#8220;3 May &#8211; Konstitusiya G\u00fcn\u00fc m\u00fcnasib\u0259til\u0259 Sizi v\u0259 Sizin siman\u0131zda b\u00fct\u00fcn xalq\u0131n\u0131z\u0131 \u00f6z ad\u0131mdan v\u0259 Az\u0259rbaycan xalq\u0131 ad\u0131ndan s\u0259mimi-q\u0259lbd\u0259n t\u0259brik edir\u0259m. Az\u0259rbaycan il\u0259 Pol\u015fa aras\u0131nda \u0259laq\u0259l\u0259r d\u0259rin tarixi k\u00f6kl\u0259r\u0259 v\u0259 xo\u015f \u0259n\u0259n\u0259l\u0259r\u0259 \u0259saslan\u0131r. Biz b\u00f6y\u00fck potensiala&hellip;","_links":{"self":[{"href":"https:\/\/arantv.az\/index.php?rest_route=\/wp\/v2\/posts\/850720"}],"collection":[{"href":"https:\/\/arantv.az\/index.php?rest_route=\/wp\/v2\/posts"}],"about":[{"href":"https:\/\/arantv.az\/index.php?rest_route=\/wp\/v2\/types\/post"}],"author":[{"embeddable":true,"href":"https:\/\/arantv.az\/index.php?rest_route=\/wp\/v2\/users\/2"}],"replies":[{"embeddable":true,"href":"https:\/\/arantv.az\/index.php?rest_route=%2Fwp%2Fv2%2Fcomments&post=850720"}],"version-history":[{"count":1,"href":"https:\/\/arantv.az\/index.php?rest_route=\/wp\/v2\/posts\/850720\/revisions"}],"predecessor-version":[{"id":850723,"href":"https:\/\/arantv.az\/index.php?rest_route=\/wp\/v2\/posts\/850720\/revisions\/850723"}],"wp:featuredmedia":[{"embeddable":true,"href":"https:\/\/arantv.az\/index.php?rest_route=\/wp\/v2\/media\/850721"}],"wp:attachment":[{"href":"https:\/\/arantv.az\/index.php?rest_route=%2Fwp%2Fv2%2Fmedia&parent=850720"}],"wp:term":[{"taxonomy":"category","embeddable":true,"href":"https:\/\/arantv.az\/index.php?rest_route=%2Fwp%2Fv2%2Fcategories&post=850720"},{"taxonomy":"post_tag","embeddable":true,"href":"https:\/\/arantv.az\/index.php?rest_route=%2Fwp%2Fv2%2Ftags&post=850720"}],"curies":[{"name":"wp","href":"https:\/\/api.w.org\/{rel}","templated":true}]}}