{"id":850727,"date":"2026-05-03T15:00:46","date_gmt":"2026-05-03T11:00:46","guid":{"rendered":"https:\/\/arantv.az\/?p=850727"},"modified":"2026-05-03T15:00:46","modified_gmt":"2026-05-03T11:00:46","slug":"dogmalarini-q%c9%99tl%c9%99-yetir%c9%99n-%c9%99hm%c9%99d-mualic%c9%99-aldigi-mu%c9%99ssis%c9%99d%c9%99n-qacib-video","status":"publish","type":"post","link":"https:\/\/arantv.az\/?p=850727","title":{"rendered":"Do\u011fmalar\u0131n\u0131 q\u0259tl\u0259 yetir\u0259n \u018fhm\u0259d m\u00fcalic\u0259 ald\u0131\u011f\u0131 m\u00fc\u0259ssis\u0259d\u0259n qa\u00e7\u0131b? &#8211; V\u0130DEO"},"content":{"rendered":"<div id=\"mvp-site\" class=\"left relative\">\n<div id=\"mvp-site-wall\" class=\"left relative\">\n<div id=\"mvp-site-main\" class=\"left relative\">\n<div id=\"mvp-main-body-wrap\" class=\"left relative\">\n<article id=\"mvp-article-wrap\">\n<div id=\"mvp-article-cont\" class=\"left relative\">\n<div class=\"mvp-main-box\">\n<div id=\"mvp-post-main\" class=\"left relative\">\n<div class=\"mvp-post-main-out left relative\">\n<div class=\"mvp-post-main-in\">\n<div id=\"mvp-post-content\" class=\"left relative\">\n<div id=\"mvp-content-wrap\" class=\"left relative\">\n<div class=\"mvp-post-soc-out right relative\">\n<div class=\"mvp-post-soc-in\">\n<div id=\"mvp-content-body\" class=\"left relative\">\n<div id=\"mvp-content-body-top\" class=\"left relative\">\n<div id=\"mvp-content-main\" class=\"left relative\">\n<p><strong>Sosial \u015f\u0259b\u0259k\u0259l\u0259rd\u0259 Bak\u0131da be\u015f ail\u0259 \u00fczv\u00fcn\u00fc q\u0259tl\u0259 yetir\u0259n \u018fhm\u0259d \u018fhm\u0259dovun m\u00fcalic\u0259 ald\u0131\u011f\u0131 m\u00fc\u0259ssis\u0259d\u0259n qa\u00e7d\u0131\u011f\u0131na dair m\u0259lumatlar payla\u015f\u0131l\u0131b.<\/strong><\/p>\n<p><strong><a href=\"https:\/\/publika.az\/\" target=\"_blank\" rel=\"noopener\">Publika.az<\/a>\u00a0<\/strong>x\u0259b\u0259r verir ki, payla\u015f\u0131lan s\u0259s yaz\u0131s\u0131nda bir qad\u0131n iddia edib ki, guya \u018fhm\u0259d \u018fhm\u0259dov saxlan\u0131ld\u0131\u011f\u0131 tibb m\u00fc\u0259ssis\u0259sind\u0259n qa\u00e7araq iki n\u0259f\u0259ri b\u0131\u00e7aqlay\u0131b. H\u0259tta h\u0259min \u015f\u0259xs \u00fcmumilikd\u0259 10 n\u0259f\u0259rin m\u00fc\u0259ssis\u0259d\u0259n qa\u00e7d\u0131\u011f\u0131n\u0131 da bildirib. Bu m\u0259lumatlar ictimaiyy\u0259t aras\u0131nda ciddi m\u00fczakir\u0259l\u0259r\u0259 s\u0259b\u0259b olub.<\/p>\n<p>M\u0259s\u0259l\u0259 il\u0259 ba\u011fl\u0131 Daxili \u0130\u015fl\u0259r Nazirliyind\u0259n &#8220;Baku&#8221; TV-y\u0259 bildirilib ki, sosial \u015f\u0259b\u0259k\u0259l\u0259rd\u0259 Sabun\u00e7u rayonunda yerl\u0259\u015f\u0259n m\u00fcalic\u0259 m\u00fc\u0259ssis\u0259sind\u0259n x\u0259st\u0259l\u0259rin qa\u00e7mas\u0131 il\u0259 ba\u011fl\u0131 yay\u0131lan m\u0259lumatlar h\u0259qiq\u0259ti \u0259ks etdirmir v\u0259 dezinformasiyad\u0131r.<\/p>\n<p>Xat\u0131rladaq ki, \u018fhm\u0259d \u018fhm\u0259dov 2024-c\u00fc il fevral\u0131n 13-d\u0259 X\u0259tai rayonunda be\u015f ail\u0259 \u00fczv\u00fcn\u00fc q\u0259tl\u0259 yetirib. M\u0259hk\u0259m\u0259nin q\u0259rar\u0131 il\u0259 o, x\u00fcsusi tipli psixiatriya m\u00fc\u0259ssis\u0259sin\u0259 yerl\u0259\u015fdirilib.<\/p>\n<p><iframe loading=\"lazy\" title=\"Ail\u0259sini amans\u0131zl\u0131qla q\u0259tl\u0259 yetir\u0259n \u018fhm\u0259dl\u0259 ba\u011fl\u0131 yeni x\u0259b\u0259rl\u0259r yay\u0131l\u0131b - Baku TV\" src=\"https:\/\/www.youtube.com\/embed\/SnNY520qwS4\" width=\"100%\" height=\"450\" frameborder=\"0\" allowfullscreen=\"allowfullscreen\" data-mce-fragment=\"1\"><\/iframe><\/p>\n<p><ins id=\"ainsyndicationid177780594393581\" class=\"ainsyndicationid177780594393581\" data-ad-slot=\"3850\" data-ainsyndication-status=\"done\"><ins><\/p>\n<div id=\"AinsyndicationPlayerId1777805944\" class=\"inpage\" data-viewable=\"1\">\n<div class=\"inpage-wrap\">\n<div class=\"smrt-info\"><i class=\"smrt-l\"><\/i><\/p>\n<div class=\"smrt-wrap\"><\/div>\n<\/div>\n<\/div>\n<\/div>\n<p><\/ins><\/ins><\/div>\n<\/div>\n<\/div>\n<\/div>\n<\/div>\n<\/div>\n<\/div>\n<\/div>\n<\/div>\n<\/div>\n<\/div>\n<\/div>\n<\/article>\n<\/div>\n<\/div>\n<\/div>\n<\/div>\n<p><img src=\"https:\/\/px.ads.linkedin.com\/collect\/?v=2&amp;fmt=gif&amp;pid=2668017&amp;url=https%3A%2F%2Fpublika.az%2Fnews%2Fsosial%2F619595.html&amp;time=1777805944027\" \/><\/p>\n","protected":false},"excerpt":{"rendered":"<p>Sosial \u015f\u0259b\u0259k\u0259l\u0259rd\u0259 Bak\u0131da be\u015f ail\u0259 \u00fczv\u00fcn\u00fc q\u0259tl\u0259 yetir\u0259n \u018fhm\u0259d \u018fhm\u0259dovun m\u00fcalic\u0259 ald\u0131\u011f\u0131 m\u00fc\u0259ssis\u0259d\u0259n qa\u00e7d\u0131\u011f\u0131na dair m\u0259lumatlar payla\u015f\u0131l\u0131b. Publika.az\u00a0x\u0259b\u0259r verir ki, payla\u015f\u0131lan s\u0259s yaz\u0131s\u0131nda bir qad\u0131n iddia edib ki, guya \u018fhm\u0259d \u018fhm\u0259dov saxlan\u0131ld\u0131\u011f\u0131 tibb m\u00fc\u0259ssis\u0259sind\u0259n qa\u00e7araq iki n\u0259f\u0259ri b\u0131\u00e7aqlay\u0131b. H\u0259tta h\u0259min \u015f\u0259xs \u00fcmumilikd\u0259 10 n\u0259f\u0259rin m\u00fc\u0259ssis\u0259d\u0259n qa\u00e7d\u0131\u011f\u0131n\u0131 da bildirib. Bu m\u0259lumatlar ictimaiyy\u0259t aras\u0131nda ciddi m\u00fczakir\u0259l\u0259r\u0259 s\u0259b\u0259b olub. M\u0259s\u0259l\u0259 il\u0259 ba\u011fl\u0131 Daxili \u0130\u015fl\u0259r Nazirliyind\u0259n &#8220;Baku&#8221; TV-y\u0259 bildirilib ki, sosial \u015f\u0259b\u0259k\u0259l\u0259rd\u0259 Sabun\u00e7u rayonunda yerl\u0259\u015f\u0259n m\u00fcalic\u0259 m\u00fc\u0259ssis\u0259sind\u0259n x\u0259st\u0259l\u0259rin qa\u00e7mas\u0131 il\u0259 ba\u011fl\u0131 yay\u0131lan m\u0259lumatlar h\u0259qiq\u0259ti \u0259ks etdirmir v\u0259 dezinformasiyad\u0131r. Xat\u0131rladaq ki, \u018fhm\u0259d \u018fhm\u0259dov 2024-c\u00fc il&hellip;<\/p>\n","protected":false},"author":2,"featured_media":850728,"comment_status":"closed","ping_status":"closed","sticky":false,"template":"","format":"standard","meta":{"om_disable_all_campaigns":false,"_monsterinsights_skip_tracking":false,"_monsterinsights_sitenote_active":false,"_monsterinsights_sitenote_note":"","_monsterinsights_sitenote_category":0},"categories":[1],"tags":[],"aioseo_notices":[],"gutentor_comment":0,"rttpg_featured_image_url":{"full":["https:\/\/arantv.az\/wp-content\/uploads\/2026\/05\/ehmed.png",571,379,false],"landscape":["https:\/\/arantv.az\/wp-content\/uploads\/2026\/05\/ehmed.png",571,379,false],"portraits":["https:\/\/arantv.az\/wp-content\/uploads\/2026\/05\/ehmed.png",571,379,false],"thumbnail":["https:\/\/arantv.az\/wp-content\/uploads\/2026\/05\/ehmed-500x280.png",500,280,true],"medium":["https:\/\/arantv.az\/wp-content\/uploads\/2026\/05\/ehmed-550x365.png",550,365,true],"large":["https:\/\/arantv.az\/wp-content\/uploads\/2026\/05\/ehmed.png",571,379,false],"1536x1536":["https:\/\/arantv.az\/wp-content\/uploads\/2026\/05\/ehmed.png",571,379,false],"2048x2048":["https:\/\/arantv.az\/wp-content\/uploads\/2026\/05\/ehmed.png",571,379,false],"post-thumbnail":["https:\/\/arantv.az\/wp-content\/uploads\/2026\/05\/ehmed-240x172.png",240,172,true],"advps-thumb-one":["https:\/\/arantv.az\/wp-content\/uploads\/2026\/05\/ehmed.png",571,379,false]},"rttpg_author":{"display_name":"V\u00fcsal Rafiqo\u011flu","author_link":"https:\/\/arantv.az\/?author=2"},"rttpg_comment":0,"rttpg_category":"<a href=\"https:\/\/arantv.az\/?cat=1\" rel=\"category\">C\u0259miyy\u0259t<\/a>","rttpg_excerpt":"Sosial \u015f\u0259b\u0259k\u0259l\u0259rd\u0259 Bak\u0131da be\u015f ail\u0259 \u00fczv\u00fcn\u00fc q\u0259tl\u0259 yetir\u0259n \u018fhm\u0259d \u018fhm\u0259dovun m\u00fcalic\u0259 ald\u0131\u011f\u0131 m\u00fc\u0259ssis\u0259d\u0259n qa\u00e7d\u0131\u011f\u0131na dair m\u0259lumatlar payla\u015f\u0131l\u0131b. Publika.az\u00a0x\u0259b\u0259r verir ki, payla\u015f\u0131lan s\u0259s yaz\u0131s\u0131nda bir qad\u0131n iddia edib ki, guya \u018fhm\u0259d \u018fhm\u0259dov saxlan\u0131ld\u0131\u011f\u0131 tibb m\u00fc\u0259ssis\u0259sind\u0259n qa\u00e7araq iki n\u0259f\u0259ri b\u0131\u00e7aqlay\u0131b. H\u0259tta h\u0259min \u015f\u0259xs \u00fcmumilikd\u0259 10 n\u0259f\u0259rin m\u00fc\u0259ssis\u0259d\u0259n qa\u00e7d\u0131\u011f\u0131n\u0131 da bildirib. Bu m\u0259lumatlar ictimaiyy\u0259t aras\u0131nda ciddi m\u00fczakir\u0259l\u0259r\u0259 s\u0259b\u0259b&hellip;","_links":{"self":[{"href":"https:\/\/arantv.az\/index.php?rest_route=\/wp\/v2\/posts\/850727"}],"collection":[{"href":"https:\/\/arantv.az\/index.php?rest_route=\/wp\/v2\/posts"}],"about":[{"href":"https:\/\/arantv.az\/index.php?rest_route=\/wp\/v2\/types\/post"}],"author":[{"embeddable":true,"href":"https:\/\/arantv.az\/index.php?rest_route=\/wp\/v2\/users\/2"}],"replies":[{"embeddable":true,"href":"https:\/\/arantv.az\/index.php?rest_route=%2Fwp%2Fv2%2Fcomments&post=850727"}],"version-history":[{"count":1,"href":"https:\/\/arantv.az\/index.php?rest_route=\/wp\/v2\/posts\/850727\/revisions"}],"predecessor-version":[{"id":850729,"href":"https:\/\/arantv.az\/index.php?rest_route=\/wp\/v2\/posts\/850727\/revisions\/850729"}],"wp:featuredmedia":[{"embeddable":true,"href":"https:\/\/arantv.az\/index.php?rest_route=\/wp\/v2\/media\/850728"}],"wp:attachment":[{"href":"https:\/\/arantv.az\/index.php?rest_route=%2Fwp%2Fv2%2Fmedia&parent=850727"}],"wp:term":[{"taxonomy":"category","embeddable":true,"href":"https:\/\/arantv.az\/index.php?rest_route=%2Fwp%2Fv2%2Fcategories&post=850727"},{"taxonomy":"post_tag","embeddable":true,"href":"https:\/\/arantv.az\/index.php?rest_route=%2Fwp%2Fv2%2Ftags&post=850727"}],"curies":[{"name":"wp","href":"https:\/\/api.w.org\/{rel}","templated":true}]}}