{"id":86079,"date":"2019-10-15T14:36:41","date_gmt":"2019-10-15T11:36:41","guid":{"rendered":"http:\/\/arantv.az\/?p=86079"},"modified":"2019-10-15T14:36:41","modified_gmt":"2019-10-15T11:36:41","slug":"terrorcular-turkiy%c9%99-h%c9%99rbi-hiss%c9%99l%c9%99rin%c9%99-hucum-etdi-ordu-s%c9%99hid-verdi","status":"publish","type":"post","link":"https:\/\/arantv.az\/?p=86079","title":{"rendered":"Terror\u00e7ular T\u00fcrkiy\u0259 h\u0259rbi hiss\u0259l\u0259rin\u0259 h\u00fccum etdi &#8211; Ordu \u015f\u0259hid verdi"},"content":{"rendered":"<p>Suriyan\u0131n Tel-R\u0131fat b\u00f6lg\u0259sind\u0259 terror\u00e7u PKK\/PYD qrupla\u015fmas\u0131 M\u00fcnbi\u00e7 b\u00f6lg\u0259sind\u0259 T\u00fcrkiy\u0259 h\u0259rbi hiss\u0259l\u0259rin\u0259\u00a0h\u00fccum\u00a0<a href=\"https:\/\/www.haberler.com\/son-dakika-munbic-te-1-askerimiz-sehit-dustu-8-12529442-haberi\/\" target=\"_blank\" rel=\"noopener\">edib<\/a>.<\/p>\n<p>H\u00fccum zaman\u0131 bir h\u0259rb\u00e7i \u015f\u0259hid olub, s\u0259kkizi is\u0259 yaralan\u0131b. T\u00fcrk ordusunun \u0259ks h\u00fccumu zaman\u0131 15 terror\u00e7u \u00f6ld\u00fcr\u00fcl\u00fcb.<\/p>\n<p>PKK\/YPG terror qrupla\u015fmalar\u0131n\u0131n Suriyan\u0131n Has\u0259k\u0259 \u015f\u0259h\u0259rinin D\u0259rb\u0259siy\u0259 q\u0259s\u0259b\u0259sind\u0259n Mardin \u015f\u0259h\u0259rinin Q\u0131z\u0131lt\u0259p\u0259 rayonunda yerl\u0259\u015f\u0259n Ta\u015fl\u0131ca M\u0259h\u0259ll\u0259sin\u0259 havadan h\u00fccumu zaman\u0131 is\u0259 iki v\u0259t\u0259nda\u015f \u00f6l\u00fcb, on ikisi\u00a0yaralan\u0131b.<\/p>\n<div id=\"AdviadNativeVideo0\" class=\"AdviadNativeVideo\"><\/div>\n<p>Qeyd ed\u0259k ki, T\u00fcrkiy\u0259 h\u0259rb\u00e7il\u0259rin\u0259 h\u00fccum oktyabr\u0131n 11-d\u0259 olub.<\/p>\n<p>Xat\u0131rladaq ki, oktyabr\u0131n 9-da T\u00fcrkiy\u0259 Silahl\u0131 Q\u00fcvv\u0259l\u0259ri Suriya Milli Ordusu il\u0259 birlikd\u0259 Suriyan\u0131n \u015fimal\u0131nda\u00a0\u201cBar\u0131\u015f p\u0131nar\u0131\u201d adl\u0131 antiterror \u0259m\u0259liyyat\u0131na ba\u015flay\u0131b. \u018fm\u0259liyyatlar zaman\u0131 560 terror\u00e7u z\u0259r\u0259rsizl\u0259\u015fdirilib.<\/p>\n","protected":false},"excerpt":{"rendered":"<p>Suriyan\u0131n Tel-R\u0131fat b\u00f6lg\u0259sind\u0259 terror\u00e7u PKK\/PYD qrupla\u015fmas\u0131 M\u00fcnbi\u00e7 b\u00f6lg\u0259sind\u0259 T\u00fcrkiy\u0259 h\u0259rbi hiss\u0259l\u0259rin\u0259\u00a0h\u00fccum\u00a0edib. H\u00fccum zaman\u0131 bir h\u0259rb\u00e7i \u015f\u0259hid olub, s\u0259kkizi is\u0259 yaralan\u0131b. T\u00fcrk ordusunun \u0259ks h\u00fccumu zaman\u0131 15 terror\u00e7u \u00f6ld\u00fcr\u00fcl\u00fcb. PKK\/YPG terror qrupla\u015fmalar\u0131n\u0131n Suriyan\u0131n Has\u0259k\u0259 \u015f\u0259h\u0259rinin D\u0259rb\u0259siy\u0259 q\u0259s\u0259b\u0259sind\u0259n Mardin \u015f\u0259h\u0259rinin Q\u0131z\u0131lt\u0259p\u0259 rayonunda yerl\u0259\u015f\u0259n Ta\u015fl\u0131ca M\u0259h\u0259ll\u0259sin\u0259 havadan h\u00fccumu zaman\u0131 is\u0259 iki v\u0259t\u0259nda\u015f \u00f6l\u00fcb, on ikisi\u00a0yaralan\u0131b. Qeyd ed\u0259k ki, T\u00fcrkiy\u0259 h\u0259rb\u00e7il\u0259rin\u0259 h\u00fccum oktyabr\u0131n 11-d\u0259 olub. Xat\u0131rladaq ki, oktyabr\u0131n 9-da T\u00fcrkiy\u0259 Silahl\u0131 Q\u00fcvv\u0259l\u0259ri Suriya Milli Ordusu il\u0259 birlikd\u0259 Suriyan\u0131n \u015fimal\u0131nda\u00a0\u201cBar\u0131\u015f p\u0131nar\u0131\u201d adl\u0131 antiterror \u0259m\u0259liyyat\u0131na ba\u015flay\u0131b. \u018fm\u0259liyyatlar zaman\u0131 560 terror\u00e7u z\u0259r\u0259rsizl\u0259\u015fdirilib.<\/p>\n","protected":false},"author":2,"featured_media":86080,"comment_status":"closed","ping_status":"closed","sticky":false,"template":"","format":"standard","meta":{"om_disable_all_campaigns":false,"_monsterinsights_skip_tracking":false,"_monsterinsights_sitenote_active":false,"_monsterinsights_sitenote_note":"","_monsterinsights_sitenote_category":0},"categories":[7],"tags":[],"aioseo_notices":[],"gutentor_comment":0,"rttpg_featured_image_url":{"full":["https:\/\/arantv.az\/wp-content\/uploads\/2019\/10\/5ae05c7d66a97c82afd4785d_700x390_0_700x390.jpg",620,372,false],"landscape":["https:\/\/arantv.az\/wp-content\/uploads\/2019\/10\/5ae05c7d66a97c82afd4785d_700x390_0_700x390.jpg",620,372,false],"portraits":["https:\/\/arantv.az\/wp-content\/uploads\/2019\/10\/5ae05c7d66a97c82afd4785d_700x390_0_700x390.jpg",620,372,false],"thumbnail":["https:\/\/arantv.az\/wp-content\/uploads\/2019\/10\/5ae05c7d66a97c82afd4785d_700x390_0_700x390-150x150.jpg",150,150,true],"medium":["https:\/\/arantv.az\/wp-content\/uploads\/2019\/10\/5ae05c7d66a97c82afd4785d_700x390_0_700x390-300x180.jpg",300,180,true],"large":["https:\/\/arantv.az\/wp-content\/uploads\/2019\/10\/5ae05c7d66a97c82afd4785d_700x390_0_700x390.jpg",620,372,false],"1536x1536":["https:\/\/arantv.az\/wp-content\/uploads\/2019\/10\/5ae05c7d66a97c82afd4785d_700x390_0_700x390.jpg",620,372,false],"2048x2048":["https:\/\/arantv.az\/wp-content\/uploads\/2019\/10\/5ae05c7d66a97c82afd4785d_700x390_0_700x390.jpg",620,372,false],"post-thumbnail":["https:\/\/arantv.az\/wp-content\/uploads\/2019\/10\/5ae05c7d66a97c82afd4785d_700x390_0_700x390-240x172.jpg",240,172,true],"advps-thumb-one":["https:\/\/arantv.az\/wp-content\/uploads\/2019\/10\/5ae05c7d66a97c82afd4785d_700x390_0_700x390.jpg",620,372,false]},"rttpg_author":{"display_name":"V\u00fcsal Rafiqo\u011flu","author_link":"https:\/\/arantv.az\/?author=2"},"rttpg_comment":0,"rttpg_category":"<a href=\"https:\/\/arantv.az\/?cat=7\" rel=\"category\">D\u00fcnya<\/a>","rttpg_excerpt":"Suriyan\u0131n Tel-R\u0131fat b\u00f6lg\u0259sind\u0259 terror\u00e7u PKK\/PYD qrupla\u015fmas\u0131 M\u00fcnbi\u00e7 b\u00f6lg\u0259sind\u0259 T\u00fcrkiy\u0259 h\u0259rbi hiss\u0259l\u0259rin\u0259\u00a0h\u00fccum\u00a0edib. H\u00fccum zaman\u0131 bir h\u0259rb\u00e7i \u015f\u0259hid olub, s\u0259kkizi is\u0259 yaralan\u0131b. T\u00fcrk ordusunun \u0259ks h\u00fccumu zaman\u0131 15 terror\u00e7u \u00f6ld\u00fcr\u00fcl\u00fcb. PKK\/YPG terror qrupla\u015fmalar\u0131n\u0131n Suriyan\u0131n Has\u0259k\u0259 \u015f\u0259h\u0259rinin D\u0259rb\u0259siy\u0259 q\u0259s\u0259b\u0259sind\u0259n Mardin \u015f\u0259h\u0259rinin Q\u0131z\u0131lt\u0259p\u0259 rayonunda yerl\u0259\u015f\u0259n Ta\u015fl\u0131ca M\u0259h\u0259ll\u0259sin\u0259 havadan h\u00fccumu zaman\u0131 is\u0259 iki v\u0259t\u0259nda\u015f \u00f6l\u00fcb, on ikisi\u00a0yaralan\u0131b. Qeyd ed\u0259k ki,&hellip;","_links":{"self":[{"href":"https:\/\/arantv.az\/index.php?rest_route=\/wp\/v2\/posts\/86079"}],"collection":[{"href":"https:\/\/arantv.az\/index.php?rest_route=\/wp\/v2\/posts"}],"about":[{"href":"https:\/\/arantv.az\/index.php?rest_route=\/wp\/v2\/types\/post"}],"author":[{"embeddable":true,"href":"https:\/\/arantv.az\/index.php?rest_route=\/wp\/v2\/users\/2"}],"replies":[{"embeddable":true,"href":"https:\/\/arantv.az\/index.php?rest_route=%2Fwp%2Fv2%2Fcomments&post=86079"}],"version-history":[{"count":0,"href":"https:\/\/arantv.az\/index.php?rest_route=\/wp\/v2\/posts\/86079\/revisions"}],"wp:featuredmedia":[{"embeddable":true,"href":"https:\/\/arantv.az\/index.php?rest_route=\/wp\/v2\/media\/86080"}],"wp:attachment":[{"href":"https:\/\/arantv.az\/index.php?rest_route=%2Fwp%2Fv2%2Fmedia&parent=86079"}],"wp:term":[{"taxonomy":"category","embeddable":true,"href":"https:\/\/arantv.az\/index.php?rest_route=%2Fwp%2Fv2%2Fcategories&post=86079"},{"taxonomy":"post_tag","embeddable":true,"href":"https:\/\/arantv.az\/index.php?rest_route=%2Fwp%2Fv2%2Ftags&post=86079"}],"curies":[{"name":"wp","href":"https:\/\/api.w.org\/{rel}","templated":true}]}}