{"id":86087,"date":"2019-10-15T14:38:38","date_gmt":"2019-10-15T11:38:38","guid":{"rendered":"http:\/\/arantv.az\/?p=86087"},"modified":"2019-10-15T14:38:38","modified_gmt":"2019-10-15T11:38:38","slug":"az%c9%99rbaycan-v%c9%99-turkiy%c9%99-prezidentl%c9%99ri-dunyaya-bel%c9%99-mesaj-verdi-fotolar","status":"publish","type":"post","link":"https:\/\/arantv.az\/?p=86087","title":{"rendered":"Az\u0259rbaycan v\u0259 T\u00fcrkiy\u0259 prezidentl\u0259ri d\u00fcnyaya BEL\u018f MESAJ VERD\u0130 &#8211; FOTOLAR"},"content":{"rendered":"<p>Oktyabr\u0131n 14-d\u0259 Az\u0259rbaycan Respublikas\u0131n\u0131n Prezidenti \u0130lham \u018fliyev v\u0259 birinci xan\u0131m Mehriban \u018fliyeva T\u00fcrkdilli D\u00f6vl\u0259tl\u0259rin \u018fm\u0259kda\u015fl\u0131q \u015euras\u0131n\u0131n Bak\u0131da ke\u00e7iril\u0259n VII Zirv\u0259 G\u00f6r\u00fc\u015f\u00fcnd\u0259 i\u015ftirak ed\u0259n d\u00f6vl\u0259t v\u0259 h\u00f6kum\u0259t ba\u015f\u00e7\u0131lar\u0131 il\u0259 birg\u0259 \u015fam edibl\u0259r.<\/p>\n<p><b>ARANTV.AZ\u00a0<\/b>\u00a0publika.az-a istinad\u0259n x\u0259b\u0259r verir ki, d\u00f6vl\u0259t ba\u015f\u00e7\u0131lar\u0131n\u0131n \u015fam yem\u0259yin\u0259 qalstuksuz qat\u0131lmas\u0131 beyn\u0259lxalq mediada diqq\u0259t \u00e7\u0259kib.<\/p>\n<div id=\"AdviadNativeVideo0\" class=\"AdviadNativeVideo\"><\/div>\n<p>Media bunu lidel\u0259rin d\u00fcnyaya mesaj\u0131 kimi d\u0259y\u0259rl\u0259ndirib.<\/p>\n<p>Qeyd ed\u0259k ki, ziyaf\u0259td\u0259 Prezident \u0130lham \u018fliyev v\u0259 xan\u0131m\u0131 Mehriban \u018fliyeva, T\u00fcrkiy\u0259 prezidenti R\u0259c\u0259b Tayyib \u018frdo\u011fan v\u0259 h\u0259yat yolda\u015f\u0131 \u018fmin\u0259 \u018frdo\u011fan, \u00d6zb\u0259kistan prezidenti \u015eavkat Mirziyoyev, Qazax\u0131stan\u0131n ilk prezidenti Nursultan Nazarbayev, Macar\u0131stan\u0131n Ba\u015f naziri Viktor Orban, Q\u0131r\u011f\u0131z\u0131stan prezidenti Suronbay Ceenbekov i\u015ftirak edib.<br \/>\n<img class=\"imgbcode\" src=\"https:\/\/sonxeber.az\/uploads\/cgyde_1571123059_4399_w750_h508.jpg\" alt=\"Az\u0259rbaycan v\u0259 T\u00fcrkiy\u0259 prezidentl\u0259ri d\u00fcnyaya BEL\u018f MESAJ VERD\u0130 - FOTOLAR\" \/><img class=\"imgbcode\" src=\"https:\/\/sonxeber.az\/uploads\/jf9ph_1571123063_4459_w750_h956.jpg\" alt=\"Az\u0259rbaycan v\u0259 T\u00fcrkiy\u0259 prezidentl\u0259ri d\u00fcnyaya BEL\u018f MESAJ VERD\u0130 - FOTOLAR\" \/><img class=\"imgbcode\" src=\"https:\/\/sonxeber.az\/uploads\/1571136375ttmtf_1571123045_0753_w750_h551.jpg\" alt=\"Az\u0259rbaycan v\u0259 T\u00fcrkiy\u0259 prezidentl\u0259ri d\u00fcnyaya BEL\u018f MESAJ VERD\u0130 - FOTOLAR\" \/><\/p>\n","protected":false},"excerpt":{"rendered":"<p>Oktyabr\u0131n 14-d\u0259 Az\u0259rbaycan Respublikas\u0131n\u0131n Prezidenti \u0130lham \u018fliyev v\u0259 birinci xan\u0131m Mehriban \u018fliyeva T\u00fcrkdilli D\u00f6vl\u0259tl\u0259rin \u018fm\u0259kda\u015fl\u0131q \u015euras\u0131n\u0131n Bak\u0131da ke\u00e7iril\u0259n VII Zirv\u0259 G\u00f6r\u00fc\u015f\u00fcnd\u0259 i\u015ftirak ed\u0259n d\u00f6vl\u0259t v\u0259 h\u00f6kum\u0259t ba\u015f\u00e7\u0131lar\u0131 il\u0259 birg\u0259 \u015fam edibl\u0259r. ARANTV.AZ\u00a0\u00a0publika.az-a istinad\u0259n x\u0259b\u0259r verir ki, d\u00f6vl\u0259t ba\u015f\u00e7\u0131lar\u0131n\u0131n \u015fam yem\u0259yin\u0259 qalstuksuz qat\u0131lmas\u0131 beyn\u0259lxalq mediada diqq\u0259t \u00e7\u0259kib. Media bunu lidel\u0259rin d\u00fcnyaya mesaj\u0131 kimi d\u0259y\u0259rl\u0259ndirib. Qeyd ed\u0259k ki, ziyaf\u0259td\u0259 Prezident \u0130lham \u018fliyev v\u0259 xan\u0131m\u0131 Mehriban \u018fliyeva, T\u00fcrkiy\u0259 prezidenti R\u0259c\u0259b Tayyib \u018frdo\u011fan v\u0259 h\u0259yat yolda\u015f\u0131 \u018fmin\u0259 \u018frdo\u011fan, \u00d6zb\u0259kistan prezidenti \u015eavkat Mirziyoyev, Qazax\u0131stan\u0131n ilk prezidenti Nursultan Nazarbayev, Macar\u0131stan\u0131n Ba\u015f naziri Viktor Orban, Q\u0131r\u011f\u0131z\u0131stan prezidenti&hellip;<\/p>\n","protected":false},"author":2,"featured_media":86088,"comment_status":"closed","ping_status":"closed","sticky":false,"template":"","format":"standard","meta":{"om_disable_all_campaigns":false,"_monsterinsights_skip_tracking":false,"_monsterinsights_sitenote_active":false,"_monsterinsights_sitenote_note":"","_monsterinsights_sitenote_category":0},"categories":[4],"tags":[],"aioseo_notices":[],"gutentor_comment":0,"rttpg_featured_image_url":{"full":["https:\/\/arantv.az\/wp-content\/uploads\/2019\/10\/ttmtf_1571123045_0753_w750_h551.jpg",549,309,false],"landscape":["https:\/\/arantv.az\/wp-content\/uploads\/2019\/10\/ttmtf_1571123045_0753_w750_h551.jpg",549,309,false],"portraits":["https:\/\/arantv.az\/wp-content\/uploads\/2019\/10\/ttmtf_1571123045_0753_w750_h551.jpg",549,309,false],"thumbnail":["https:\/\/arantv.az\/wp-content\/uploads\/2019\/10\/ttmtf_1571123045_0753_w750_h551-150x150.jpg",150,150,true],"medium":["https:\/\/arantv.az\/wp-content\/uploads\/2019\/10\/ttmtf_1571123045_0753_w750_h551-300x169.jpg",300,169,true],"large":["https:\/\/arantv.az\/wp-content\/uploads\/2019\/10\/ttmtf_1571123045_0753_w750_h551.jpg",549,309,false],"1536x1536":["https:\/\/arantv.az\/wp-content\/uploads\/2019\/10\/ttmtf_1571123045_0753_w750_h551.jpg",549,309,false],"2048x2048":["https:\/\/arantv.az\/wp-content\/uploads\/2019\/10\/ttmtf_1571123045_0753_w750_h551.jpg",549,309,false],"post-thumbnail":["https:\/\/arantv.az\/wp-content\/uploads\/2019\/10\/ttmtf_1571123045_0753_w750_h551-240x172.jpg",240,172,true],"advps-thumb-one":["https:\/\/arantv.az\/wp-content\/uploads\/2019\/10\/ttmtf_1571123045_0753_w750_h551.jpg",549,309,false]},"rttpg_author":{"display_name":"V\u00fcsal Rafiqo\u011flu","author_link":"https:\/\/arantv.az\/?author=2"},"rttpg_comment":0,"rttpg_category":"<a href=\"https:\/\/arantv.az\/?cat=4\" rel=\"category\">Siyas\u0259t<\/a>","rttpg_excerpt":"Oktyabr\u0131n 14-d\u0259 Az\u0259rbaycan Respublikas\u0131n\u0131n Prezidenti \u0130lham \u018fliyev v\u0259 birinci xan\u0131m Mehriban \u018fliyeva T\u00fcrkdilli D\u00f6vl\u0259tl\u0259rin \u018fm\u0259kda\u015fl\u0131q \u015euras\u0131n\u0131n Bak\u0131da ke\u00e7iril\u0259n VII Zirv\u0259 G\u00f6r\u00fc\u015f\u00fcnd\u0259 i\u015ftirak ed\u0259n d\u00f6vl\u0259t v\u0259 h\u00f6kum\u0259t ba\u015f\u00e7\u0131lar\u0131 il\u0259 birg\u0259 \u015fam edibl\u0259r. ARANTV.AZ\u00a0\u00a0publika.az-a istinad\u0259n x\u0259b\u0259r verir ki, d\u00f6vl\u0259t ba\u015f\u00e7\u0131lar\u0131n\u0131n \u015fam yem\u0259yin\u0259 qalstuksuz qat\u0131lmas\u0131 beyn\u0259lxalq mediada diqq\u0259t \u00e7\u0259kib. Media bunu lidel\u0259rin d\u00fcnyaya mesaj\u0131 kimi d\u0259y\u0259rl\u0259ndirib. Qeyd ed\u0259k&hellip;","_links":{"self":[{"href":"https:\/\/arantv.az\/index.php?rest_route=\/wp\/v2\/posts\/86087"}],"collection":[{"href":"https:\/\/arantv.az\/index.php?rest_route=\/wp\/v2\/posts"}],"about":[{"href":"https:\/\/arantv.az\/index.php?rest_route=\/wp\/v2\/types\/post"}],"author":[{"embeddable":true,"href":"https:\/\/arantv.az\/index.php?rest_route=\/wp\/v2\/users\/2"}],"replies":[{"embeddable":true,"href":"https:\/\/arantv.az\/index.php?rest_route=%2Fwp%2Fv2%2Fcomments&post=86087"}],"version-history":[{"count":0,"href":"https:\/\/arantv.az\/index.php?rest_route=\/wp\/v2\/posts\/86087\/revisions"}],"wp:featuredmedia":[{"embeddable":true,"href":"https:\/\/arantv.az\/index.php?rest_route=\/wp\/v2\/media\/86088"}],"wp:attachment":[{"href":"https:\/\/arantv.az\/index.php?rest_route=%2Fwp%2Fv2%2Fmedia&parent=86087"}],"wp:term":[{"taxonomy":"category","embeddable":true,"href":"https:\/\/arantv.az\/index.php?rest_route=%2Fwp%2Fv2%2Fcategories&post=86087"},{"taxonomy":"post_tag","embeddable":true,"href":"https:\/\/arantv.az\/index.php?rest_route=%2Fwp%2Fv2%2Ftags&post=86087"}],"curies":[{"name":"wp","href":"https:\/\/api.w.org\/{rel}","templated":true}]}}