{"id":86147,"date":"2019-10-15T16:21:45","date_gmt":"2019-10-15T13:21:45","guid":{"rendered":"http:\/\/arantv.az\/?p=86147"},"modified":"2019-10-15T16:21:45","modified_gmt":"2019-10-15T13:21:45","slug":"prezident-ilham-%c9%99liyev-nursultan-nazarbayev%c9%99-turk-dunyasinin-ali-ordenini-t%c9%99qdim-edib-foto","status":"publish","type":"post","link":"https:\/\/arantv.az\/?p=86147","title":{"rendered":"Prezident \u0130lham \u018fliyev Nursultan Nazarbayev\u0259 \u201cT\u00fcrk d\u00fcnyas\u0131n\u0131n Ali Ordeni\u201dni t\u0259qdim edib &#8211; FOTO"},"content":{"rendered":"<p><strong>Oktyabr\u0131n 5-d\u0259 Bak\u0131da T\u00fcrkdilli D\u00f6vl\u0259tl\u0259rin \u018fm\u0259kda\u015fl\u0131q \u015euras\u0131n\u0131n VII Zirv\u0259si ke\u00e7irilib.<\/strong><\/p>\n<p><strong>ARANTV.AZ<\/strong>\u00a0\u00a0<a href=\"http:\/\/az.trend.az\/\" target=\"_blank\" rel=\"noopener\">Trend<\/a>-\u0259 istinad\u0259n bildirir ki,\u00a0VII Zirv\u0259 G\u00f6r\u00fc\u015f\u00fc zaman\u0131 Az\u0259rbaycan Respublikas\u0131n\u0131n Prezidenti \u0130lham \u018fliyev &#8220;T\u00fcrk d\u00fcnyas\u0131n\u0131n Ali Ordeni&#8221;ni Qazax\u0131stan Respublikas\u0131n\u0131n birinci Prezidenti, T\u00fcrkdilli D\u00f6vl\u0259tl\u0259rin \u018fm\u0259kda\u015fl\u0131q \u015euras\u0131n\u0131n f\u0259xri s\u0259dri Nursultan Nazarbayev\u0259 t\u0259qdim edib.<\/p>\n<h4><\/h4>\n<div class=\"article-gallery\">\n<div class=\"lSSlideOuter \">\n<div class=\"lSSlideWrapper usingCss\">\n<ul class=\"images-list lightSlider lsGrab lSSlide\">\n<li class=\"lslide active\" data-src=\"https:\/\/img.milli.az\/2019\/10\/15\/794556_01.jpg\" data-fancybox=\"794556\"><img src=\"https:\/\/img.milli.az\/2019\/10\/15\/794556_01.jpg\" alt=\"\" \/><\/li>\n<li class=\"lslide\" data-src=\"https:\/\/img.milli.az\/2019\/10\/15\/794556_02.jpg\" data-fancybox=\"794556\"><img src=\"https:\/\/img.milli.az\/2019\/10\/15\/794556_02.jpg\" alt=\"\" \/><\/li>\n<li class=\"lslide\" data-src=\"https:\/\/img.milli.az\/2019\/10\/15\/794556_03.jpg\" data-fancybox=\"794556\"><img src=\"https:\/\/img.milli.az\/2019\/10\/15\/794556_03.jpg\" alt=\"\" \/><\/li>\n<li class=\"lslide\" data-src=\"https:\/\/img.milli.az\/2019\/10\/15\/794556_04.jpg\" data-fancybox=\"794556\"><img src=\"https:\/\/img.milli.az\/2019\/10\/15\/794556_04.jpg\" alt=\"\" \/><\/li>\n<\/ul>\n<div class=\"lSAction\"><\/div>\n<\/div>\n<\/div>\n<div class=\"lSSlideOuter \">\n<div class=\"lSSlideWrapper usingCss\">\n<ul class=\"thumbs-list lightSlider lsGrab lSSlide\">\n<li class=\"lslide active\"><img src=\"https:\/\/img.milli.az\/2019\/10\/15\/794556_01.jpg\" alt=\"\" \/><\/li>\n<li class=\"lslide\"><img src=\"https:\/\/img.milli.az\/2019\/10\/15\/794556_02.jpg\" alt=\"\" \/><\/li>\n<li class=\"lslide\"><img src=\"https:\/\/img.milli.az\/2019\/10\/15\/794556_03.jpg\" alt=\"\" \/><\/li>\n<li class=\"lslide\"><img src=\"https:\/\/img.milli.az\/2019\/10\/15\/794556_04.jpg\" alt=\"\" \/><\/li>\n<\/ul>\n<div class=\"lSAction\"><\/div>\n<\/div>\n<\/div>\n<\/div>\n","protected":false},"excerpt":{"rendered":"<p>Oktyabr\u0131n 5-d\u0259 Bak\u0131da T\u00fcrkdilli D\u00f6vl\u0259tl\u0259rin \u018fm\u0259kda\u015fl\u0131q \u015euras\u0131n\u0131n VII Zirv\u0259si ke\u00e7irilib. ARANTV.AZ\u00a0\u00a0Trend-\u0259 istinad\u0259n bildirir ki,\u00a0VII Zirv\u0259 G\u00f6r\u00fc\u015f\u00fc zaman\u0131 Az\u0259rbaycan Respublikas\u0131n\u0131n Prezidenti \u0130lham \u018fliyev &#8220;T\u00fcrk d\u00fcnyas\u0131n\u0131n Ali Ordeni&#8221;ni Qazax\u0131stan Respublikas\u0131n\u0131n birinci Prezidenti, T\u00fcrkdilli D\u00f6vl\u0259tl\u0259rin \u018fm\u0259kda\u015fl\u0131q \u015euras\u0131n\u0131n f\u0259xri s\u0259dri Nursultan Nazarbayev\u0259 t\u0259qdim edib.<\/p>\n","protected":false},"author":2,"featured_media":86148,"comment_status":"closed","ping_status":"closed","sticky":false,"template":"","format":"standard","meta":{"om_disable_all_campaigns":false,"_monsterinsights_skip_tracking":false,"_monsterinsights_sitenote_active":false,"_monsterinsights_sitenote_note":"","_monsterinsights_sitenote_category":0},"categories":[8],"tags":[],"aioseo_notices":[],"gutentor_comment":0,"rttpg_featured_image_url":{"full":["https:\/\/arantv.az\/wp-content\/uploads\/2019\/10\/794556.jpg",800,600,false],"landscape":["https:\/\/arantv.az\/wp-content\/uploads\/2019\/10\/794556.jpg",800,600,false],"portraits":["https:\/\/arantv.az\/wp-content\/uploads\/2019\/10\/794556.jpg",800,600,false],"thumbnail":["https:\/\/arantv.az\/wp-content\/uploads\/2019\/10\/794556-150x150.jpg",150,150,true],"medium":["https:\/\/arantv.az\/wp-content\/uploads\/2019\/10\/794556-300x225.jpg",300,225,true],"large":["https:\/\/arantv.az\/wp-content\/uploads\/2019\/10\/794556.jpg",640,480,false],"1536x1536":["https:\/\/arantv.az\/wp-content\/uploads\/2019\/10\/794556.jpg",800,600,false],"2048x2048":["https:\/\/arantv.az\/wp-content\/uploads\/2019\/10\/794556.jpg",800,600,false],"post-thumbnail":["https:\/\/arantv.az\/wp-content\/uploads\/2019\/10\/794556-240x172.jpg",240,172,true],"advps-thumb-one":["https:\/\/arantv.az\/wp-content\/uploads\/2019\/10\/794556.jpg",800,600,false]},"rttpg_author":{"display_name":"V\u00fcsal Rafiqo\u011flu","author_link":"https:\/\/arantv.az\/?author=2"},"rttpg_comment":0,"rttpg_category":"<a href=\"https:\/\/arantv.az\/?cat=8\" rel=\"category\">\u018fsas s\u0259hif\u0259<\/a>","rttpg_excerpt":"Oktyabr\u0131n 5-d\u0259 Bak\u0131da T\u00fcrkdilli D\u00f6vl\u0259tl\u0259rin \u018fm\u0259kda\u015fl\u0131q \u015euras\u0131n\u0131n VII Zirv\u0259si ke\u00e7irilib. ARANTV.AZ\u00a0\u00a0Trend-\u0259 istinad\u0259n bildirir ki,\u00a0VII Zirv\u0259 G\u00f6r\u00fc\u015f\u00fc zaman\u0131 Az\u0259rbaycan Respublikas\u0131n\u0131n Prezidenti \u0130lham \u018fliyev &#8220;T\u00fcrk d\u00fcnyas\u0131n\u0131n Ali Ordeni&#8221;ni Qazax\u0131stan Respublikas\u0131n\u0131n birinci Prezidenti, T\u00fcrkdilli D\u00f6vl\u0259tl\u0259rin \u018fm\u0259kda\u015fl\u0131q \u015euras\u0131n\u0131n f\u0259xri s\u0259dri Nursultan Nazarbayev\u0259 t\u0259qdim edib.","_links":{"self":[{"href":"https:\/\/arantv.az\/index.php?rest_route=\/wp\/v2\/posts\/86147"}],"collection":[{"href":"https:\/\/arantv.az\/index.php?rest_route=\/wp\/v2\/posts"}],"about":[{"href":"https:\/\/arantv.az\/index.php?rest_route=\/wp\/v2\/types\/post"}],"author":[{"embeddable":true,"href":"https:\/\/arantv.az\/index.php?rest_route=\/wp\/v2\/users\/2"}],"replies":[{"embeddable":true,"href":"https:\/\/arantv.az\/index.php?rest_route=%2Fwp%2Fv2%2Fcomments&post=86147"}],"version-history":[{"count":0,"href":"https:\/\/arantv.az\/index.php?rest_route=\/wp\/v2\/posts\/86147\/revisions"}],"wp:featuredmedia":[{"embeddable":true,"href":"https:\/\/arantv.az\/index.php?rest_route=\/wp\/v2\/media\/86148"}],"wp:attachment":[{"href":"https:\/\/arantv.az\/index.php?rest_route=%2Fwp%2Fv2%2Fmedia&parent=86147"}],"wp:term":[{"taxonomy":"category","embeddable":true,"href":"https:\/\/arantv.az\/index.php?rest_route=%2Fwp%2Fv2%2Fcategories&post=86147"},{"taxonomy":"post_tag","embeddable":true,"href":"https:\/\/arantv.az\/index.php?rest_route=%2Fwp%2Fv2%2Ftags&post=86147"}],"curies":[{"name":"wp","href":"https:\/\/api.w.org\/{rel}","templated":true}]}}