{"id":86155,"date":"2019-10-15T16:31:33","date_gmt":"2019-10-15T13:31:33","guid":{"rendered":"http:\/\/arantv.az\/?p=86155"},"modified":"2019-10-15T16:31:33","modified_gmt":"2019-10-15T13:31:33","slug":"mehriban-%c9%99liyeva-vasim-m%c9%99mm%c9%99d%c9%99liyevin-huzr-m%c9%99rasimind%c9%99-foto","status":"publish","type":"post","link":"https:\/\/arantv.az\/?p=86155","title":{"rendered":"Mehriban \u018fliyeva Vasim M\u0259mm\u0259d\u0259liyevin h\u00fczr m\u0259rasimind\u0259 &#8211; FOTO"},"content":{"rendered":"<p>Oktyabr\u0131n 15-d\u0259 Az\u0259rbaycan Respublikas\u0131n\u0131n Birinci vitse-prezidenti Mehriban \u018fliyeva g\u00f6rk\u0259mli \u015f\u0259rq\u015f\u00fcnas alim, Az\u0259rbaycan Milli Elml\u0259r Akademiyas\u0131n\u0131n h\u0259qiqi \u00fczv\u00fc, \u018fm\u0259kdar elm xadimi, Az\u0259rbaycan Respublikas\u0131 Prezidentinin f\u0259rdi t\u0259qa\u00fcd\u00e7\u00fcs\u00fc Vasim M\u0259mm\u0259d\u0259liyevin h\u00fczr m\u0259rasimind\u0259 i\u015ftirak edib.<\/p>\n<p><strong>ARANTV.AZ<\/strong> x\u0259b\u0259r verir ki, Birinci vitse-prezident Mehriban \u018fliyeva akademik Vasim M\u0259mm\u0259d\u0259liyevin h\u00fczr m\u0259rasimind\u0259 i\u015ftirak etm\u0259k \u00fc\u00e7\u00fcn paytaxtdak\u0131 T\u0259z\u0259 Pir m\u0259scidin\u0259 g\u0259lib.<\/p>\n<div id=\"AdviadNativeVideo0\" class=\"AdviadNativeVideo\"><\/div>\n<p>Mehriban \u018fliyeva Vasim M\u0259mm\u0259d\u0259liyevin ail\u0259 \u00fczvl\u0259ri il\u0259 g\u00f6r\u00fc\u015f\u00fcb, Prezident \u0130lham \u018fliyevin ad\u0131ndan v\u0259 \u00f6z ad\u0131ndan onlara d\u0259rin h\u00fcznl\u0259 ba\u015fsa\u011fl\u0131\u011f\u0131 verib.<\/p>\n<div class=\"gallery\">\n<div class=\"gallery-i\"><img src=\"https:\/\/assets.oxu.az\/uploads\/W1siZiIsIjIwMTkvMTAvMTUvMTcvMjEvNDUvMDY5OGU5MDYtM2ZlYy00NWI1LWE1YTQtOTQ5ZDlkYjViYmNlLzE1NzExNDU1MzQxOTQ2OTE0NTUwXzEwMDB4NjY5LmpwZyJdLFsicCIsImVuY29kZSIsImpwZyIsIi1xdWFsaXR5IDgwIl0sWyJwIiwidGh1bWIiLCI1OTB4NTkwXHUwMDNlIl1d?sha=745a37a8e91afb74\" alt=\"\" \/><\/p>\n<div class=\"gallery-i-caption\"><\/div>\n<\/div>\n<div class=\"gallery-i\"><img src=\"https:\/\/assets.oxu.az\/uploads\/W1siZiIsIjIwMTkvMTAvMTUvMTcvMjEvNDUvZTJkMDU1YTctZDY5ZC00ZDIyLWE5MDAtM2FlNWQ4ZmU5NTk3LzE1NzExNDU1MzQyMDMzNjU4MjBfMTAwMHg2NjkuanBnIl0sWyJwIiwiZW5jb2RlIiwianBnIiwiLXF1YWxpdHkgODAiXSxbInAiLCJ0aHVtYiIsIjU5MHg1OTBcdTAwM2UiXV0?sha=664ed37911be7999\" alt=\"\" \/><\/p>\n<div class=\"gallery-i-caption\"><\/div>\n<\/div>\n<div class=\"gallery-i\"><img src=\"https:\/\/assets.oxu.az\/uploads\/W1siZiIsIjIwMTkvMTAvMTUvMTcvMjEvNDUvNGU3MjBhOGQtYTQ2MS00MTAzLTlkNWYtNjdlMWU0NGE1Mjg3LzE1NzExNDU1MzQyMDQzNDUzNDhfMTAwMHg2NjkuanBnIl0sWyJwIiwiZW5jb2RlIiwianBnIiwiLXF1YWxpdHkgODAiXSxbInAiLCJ0aHVtYiIsIjU5MHg1OTBcdTAwM2UiXV0?sha=c2e614ed885273a5\" alt=\"\" \/><\/p>\n<div class=\"gallery-i-caption\"><\/div>\n<\/div>\n<div class=\"gallery-i\"><img src=\"https:\/\/assets.oxu.az\/uploads\/W1siZiIsIjIwMTkvMTAvMTUvMTcvMjEvNDUvODE3ZGZmZmUtMmMzMS00NjlkLWE1MmYtZTIyMWY3YjQ2YjFmLzE1NzExNDU1MzQzNDA3MTUyNjM0XzEwMDB4NjY5LmpwZyJdLFsicCIsImVuY29kZSIsImpwZyIsIi1xdWFsaXR5IDgwIl0sWyJwIiwidGh1bWIiLCI1OTB4NTkwXHUwMDNlIl1d?sha=061fedd96e0f0c3f\" alt=\"\" \/><\/div>\n<\/div>\n","protected":false},"excerpt":{"rendered":"<p>Oktyabr\u0131n 15-d\u0259 Az\u0259rbaycan Respublikas\u0131n\u0131n Birinci vitse-prezidenti Mehriban \u018fliyeva g\u00f6rk\u0259mli \u015f\u0259rq\u015f\u00fcnas alim, Az\u0259rbaycan Milli Elml\u0259r Akademiyas\u0131n\u0131n h\u0259qiqi \u00fczv\u00fc, \u018fm\u0259kdar elm xadimi, Az\u0259rbaycan Respublikas\u0131 Prezidentinin f\u0259rdi t\u0259qa\u00fcd\u00e7\u00fcs\u00fc Vasim M\u0259mm\u0259d\u0259liyevin h\u00fczr m\u0259rasimind\u0259 i\u015ftirak edib. ARANTV.AZ x\u0259b\u0259r verir ki, Birinci vitse-prezident Mehriban \u018fliyeva akademik Vasim M\u0259mm\u0259d\u0259liyevin h\u00fczr m\u0259rasimind\u0259 i\u015ftirak etm\u0259k \u00fc\u00e7\u00fcn paytaxtdak\u0131 T\u0259z\u0259 Pir m\u0259scidin\u0259 g\u0259lib. Mehriban \u018fliyeva Vasim M\u0259mm\u0259d\u0259liyevin ail\u0259 \u00fczvl\u0259ri il\u0259 g\u00f6r\u00fc\u015f\u00fcb, Prezident \u0130lham \u018fliyevin ad\u0131ndan v\u0259 \u00f6z ad\u0131ndan onlara d\u0259rin h\u00fcznl\u0259 ba\u015fsa\u011fl\u0131\u011f\u0131 verib.<\/p>\n","protected":false},"author":2,"featured_media":86156,"comment_status":"closed","ping_status":"closed","sticky":false,"template":"","format":"standard","meta":{"om_disable_all_campaigns":false,"_monsterinsights_skip_tracking":false,"_monsterinsights_sitenote_active":false,"_monsterinsights_sitenote_note":"","_monsterinsights_sitenote_category":0},"categories":[4],"tags":[],"aioseo_notices":[],"gutentor_comment":0,"rttpg_featured_image_url":{"full":["https:\/\/arantv.az\/wp-content\/uploads\/2019\/10\/15711455343407152634_1000x669.jpg",592,465,false],"landscape":["https:\/\/arantv.az\/wp-content\/uploads\/2019\/10\/15711455343407152634_1000x669.jpg",592,465,false],"portraits":["https:\/\/arantv.az\/wp-content\/uploads\/2019\/10\/15711455343407152634_1000x669.jpg",592,465,false],"thumbnail":["https:\/\/arantv.az\/wp-content\/uploads\/2019\/10\/15711455343407152634_1000x669-150x150.jpg",150,150,true],"medium":["https:\/\/arantv.az\/wp-content\/uploads\/2019\/10\/15711455343407152634_1000x669-300x236.jpg",300,236,true],"large":["https:\/\/arantv.az\/wp-content\/uploads\/2019\/10\/15711455343407152634_1000x669.jpg",592,465,false],"1536x1536":["https:\/\/arantv.az\/wp-content\/uploads\/2019\/10\/15711455343407152634_1000x669.jpg",592,465,false],"2048x2048":["https:\/\/arantv.az\/wp-content\/uploads\/2019\/10\/15711455343407152634_1000x669.jpg",592,465,false],"post-thumbnail":["https:\/\/arantv.az\/wp-content\/uploads\/2019\/10\/15711455343407152634_1000x669-240x172.jpg",240,172,true],"advps-thumb-one":["https:\/\/arantv.az\/wp-content\/uploads\/2019\/10\/15711455343407152634_1000x669.jpg",592,465,false]},"rttpg_author":{"display_name":"V\u00fcsal Rafiqo\u011flu","author_link":"https:\/\/arantv.az\/?author=2"},"rttpg_comment":0,"rttpg_category":"<a href=\"https:\/\/arantv.az\/?cat=4\" rel=\"category\">Siyas\u0259t<\/a>","rttpg_excerpt":"Oktyabr\u0131n 15-d\u0259 Az\u0259rbaycan Respublikas\u0131n\u0131n Birinci vitse-prezidenti Mehriban \u018fliyeva g\u00f6rk\u0259mli \u015f\u0259rq\u015f\u00fcnas alim, Az\u0259rbaycan Milli Elml\u0259r Akademiyas\u0131n\u0131n h\u0259qiqi \u00fczv\u00fc, \u018fm\u0259kdar elm xadimi, Az\u0259rbaycan Respublikas\u0131 Prezidentinin f\u0259rdi t\u0259qa\u00fcd\u00e7\u00fcs\u00fc Vasim M\u0259mm\u0259d\u0259liyevin h\u00fczr m\u0259rasimind\u0259 i\u015ftirak edib. ARANTV.AZ x\u0259b\u0259r verir ki, Birinci vitse-prezident Mehriban \u018fliyeva akademik Vasim M\u0259mm\u0259d\u0259liyevin h\u00fczr m\u0259rasimind\u0259 i\u015ftirak etm\u0259k \u00fc\u00e7\u00fcn paytaxtdak\u0131 T\u0259z\u0259 Pir m\u0259scidin\u0259 g\u0259lib. Mehriban \u018fliyeva Vasim&hellip;","_links":{"self":[{"href":"https:\/\/arantv.az\/index.php?rest_route=\/wp\/v2\/posts\/86155"}],"collection":[{"href":"https:\/\/arantv.az\/index.php?rest_route=\/wp\/v2\/posts"}],"about":[{"href":"https:\/\/arantv.az\/index.php?rest_route=\/wp\/v2\/types\/post"}],"author":[{"embeddable":true,"href":"https:\/\/arantv.az\/index.php?rest_route=\/wp\/v2\/users\/2"}],"replies":[{"embeddable":true,"href":"https:\/\/arantv.az\/index.php?rest_route=%2Fwp%2Fv2%2Fcomments&post=86155"}],"version-history":[{"count":0,"href":"https:\/\/arantv.az\/index.php?rest_route=\/wp\/v2\/posts\/86155\/revisions"}],"wp:featuredmedia":[{"embeddable":true,"href":"https:\/\/arantv.az\/index.php?rest_route=\/wp\/v2\/media\/86156"}],"wp:attachment":[{"href":"https:\/\/arantv.az\/index.php?rest_route=%2Fwp%2Fv2%2Fmedia&parent=86155"}],"wp:term":[{"taxonomy":"category","embeddable":true,"href":"https:\/\/arantv.az\/index.php?rest_route=%2Fwp%2Fv2%2Fcategories&post=86155"},{"taxonomy":"post_tag","embeddable":true,"href":"https:\/\/arantv.az\/index.php?rest_route=%2Fwp%2Fv2%2Ftags&post=86155"}],"curies":[{"name":"wp","href":"https:\/\/api.w.org\/{rel}","templated":true}]}}