{"id":86231,"date":"2019-10-16T09:22:38","date_gmt":"2019-10-16T06:22:38","guid":{"rendered":"http:\/\/arantv.az\/?p=86231"},"modified":"2019-10-16T09:22:38","modified_gmt":"2019-10-16T06:22:38","slug":"deputat-turkdilli-olk%c9%99l%c9%99rin-siyasi-inteqrasiyanin-gucl%c9%99nm%c9%99si-onlarin-beyn%c9%99lxalq-munasib%c9%99tl%c9%99rd%c9%99-manevr-qabiliyy%c9%99tl%c9%99rini-artiracaq","status":"publish","type":"post","link":"https:\/\/arantv.az\/?p=86231","title":{"rendered":"Deputat: &#8220;T\u00fcrkdilli \u00f6lk\u0259l\u0259rin siyasi inteqrasiyan\u0131n g\u00fccl\u0259nm\u0259si onlar\u0131n beyn\u0259lxalq m\u00fcnasib\u0259tl\u0259rd\u0259 manevr qabiliyy\u0259tl\u0259rini art\u0131racaq&#8221;"},"content":{"rendered":"<blockquote><p><em><strong>Az\u0259rbaycan daha bir m\u00f6t\u0259b\u0259r beyn\u0259lxalq t\u0259dbir\u0259 ev sahibliyi etdi. Oktyabr\u0131n 15-d\u0259 t\u00fcrkdilli d\u00f6vl\u0259tl\u0259rin r\u0259hb\u0259rl\u0259ri bir araya g\u0259l\u0259r\u0259k regionun bug\u00fcnk\u00fc reall\u0131qlar\u0131n\u0131 m\u00fczakir\u0259 etm\u0259k \u00fc\u00e7\u00fcn m\u0259rk\u0259z kimi m\u0259hz Bak\u0131n\u0131 se\u00e7dil\u0259r.<\/strong><\/em><\/p><\/blockquote>\n<p><strong>ARANTV.AZ<\/strong>\u00a0 bildirir ki, bunu\u00a0<a href=\"http:\/\/az.trend.az\/\" target=\"_blank\" rel=\"noopener\">Trend<\/a>-\u0259\u00a0Milli M\u0259clisin Yeni Az\u0259rbaycan Partiyas\u0131ndan olan deputat\u0131 P\u0259rvin K\u0259rimzad\u0259 deyib.<\/p>\n<p>O bildirib ki, t\u0259m\u0259li 10 il \u0259vv\u0259l &#8211; 2009-cu ild\u0259 Nax\u00e7\u0131vanda ke\u00e7iril\u0259n zirv\u0259 g\u00f6r\u00fc\u015f\u00fcnd\u0259 qoyulan T\u00fcrkdilli D\u00f6vl\u0259tl\u0259rin \u018fm\u0259kda\u015fl\u0131q \u015euras\u0131n\u0131n (T\u00fcrk \u015euras\u0131) VII Zirv\u0259 G\u00f6r\u00fc\u015f\u00fc t\u00fcrkdilli \u00f6lk\u0259l\u0259r aras\u0131nda iqtisadi \u0259laq\u0259l\u0259r\u0259 ki\u00e7ik v\u0259 orta sahiblkarl\u0131\u011fa h\u0259sr edildi:<\/p>\n<p>&#8220;\u00d6t\u0259n 10 il \u0259rzind\u0259 T\u00fcrkdilli \u00f6lk\u0259l\u0259r aras\u0131nda t\u0259hsil, elm v\u0259 m\u0259d\u0259niyy\u0259t, n\u0259qliyyat, turizm, media v\u0259 informasiya sah\u0259sind\u0259 imzalanan \u0259m\u0259kda\u015fl\u0131q sazi\u015fl\u0259ri, birg\u0259 veril\u0259n b\u0259yanatlar t\u00fcrkdilli d\u00f6vl\u0259tl\u0259rin birliyini bir daha n\u00fcmayi\u015f etdirib. T\u00fcrk \u015euras\u0131n\u0131n VII Zirv\u0259 G\u00f6r\u00fc\u015f\u00fcnd\u0259 iqtisadi sah\u0259d\u0259 at\u0131lan add\u0131mlar, veril\u0259n q\u0259rarlar da \u0259vv\u0259lki sazi\u015fl\u0259r kimi d\u00fcnyada t\u00fcrk birliyinin daha da g\u00fccl\u0259nm\u0259sin\u0259 \u015f\u0259rait yaradacaq&#8221;.<\/p>\n<p>Deputat vur\u011fulay\u0131b ki, ilk d\u0259f\u0259 olaraq \u00d6zb\u0259kistan\u0131n da T\u00fcrk \u015euras\u0131n\u0131n VII Zirv\u0259 G\u00f6r\u00fc\u015f\u00fcnd\u0259 tamh\u00fcquqlu \u00fczv\u00fc kimi i\u015ftirak\u0131, Budape\u015ftd\u0259 T\u00fcrk \u015euras\u0131n\u0131n N\u00fcmay\u0259nd\u0259liyinin a\u00e7\u0131lmas\u0131 t\u00fcrk d\u00fcnyas\u0131n\u0131n bir araya g\u0259lm\u0259sind\u0259 at\u0131lan add\u0131mlar\u0131n davam\u0131 oldu:<\/p>\n<p>&#8220;Regional t\u0259hdidl\u0259r v\u0259 yeni \u00e7a\u011f\u0131r\u0131\u015flar fonunda yax\u0131n g\u0259l\u0259c\u0259kd\u0259 t\u0259\u015fkilat daxilind\u0259 siyasi inteqrasiyan\u0131n g\u00fccl\u0259nm\u0259si \u00f6lk\u0259l\u0259rin beyn\u0259lxalq m\u00fcnasib\u0259tl\u0259r sistemind\u0259 manevr qabiliyy\u0259tl\u0259rini art\u0131racaq. T\u00fcrkdilli d\u00f6vl\u0259tl\u0259rin ortaq m\u00f6vqeyinin, dostluq, qarda\u015fl\u0131q \u0259laq\u0259l\u0259rinin ikit\u0259r\u0259fli v\u0259 \u00e7oxt\u0259r\u0259fli m\u00fcst\u0259vid\u0259 daha da g\u00fccl\u0259nm\u0259si bu quruma \u00fczv \u00f6lk\u0259l\u0259r aras\u0131nda \u0259m\u0259kda\u015fl\u0131\u011f\u0131n bir az da m\u00f6hk\u0259ml\u0259ndirilm\u0259sin\u0259 t\u00f6hf\u0259l\u0259r verir&#8221;.<\/p>\n","protected":false},"excerpt":{"rendered":"<p>Az\u0259rbaycan daha bir m\u00f6t\u0259b\u0259r beyn\u0259lxalq t\u0259dbir\u0259 ev sahibliyi etdi. Oktyabr\u0131n 15-d\u0259 t\u00fcrkdilli d\u00f6vl\u0259tl\u0259rin r\u0259hb\u0259rl\u0259ri bir araya g\u0259l\u0259r\u0259k regionun bug\u00fcnk\u00fc reall\u0131qlar\u0131n\u0131 m\u00fczakir\u0259 etm\u0259k \u00fc\u00e7\u00fcn m\u0259rk\u0259z kimi m\u0259hz Bak\u0131n\u0131 se\u00e7dil\u0259r. ARANTV.AZ\u00a0 bildirir ki, bunu\u00a0Trend-\u0259\u00a0Milli M\u0259clisin Yeni Az\u0259rbaycan Partiyas\u0131ndan olan deputat\u0131 P\u0259rvin K\u0259rimzad\u0259 deyib. O bildirib ki, t\u0259m\u0259li 10 il \u0259vv\u0259l &#8211; 2009-cu ild\u0259 Nax\u00e7\u0131vanda ke\u00e7iril\u0259n zirv\u0259 g\u00f6r\u00fc\u015f\u00fcnd\u0259 qoyulan T\u00fcrkdilli D\u00f6vl\u0259tl\u0259rin \u018fm\u0259kda\u015fl\u0131q \u015euras\u0131n\u0131n (T\u00fcrk \u015euras\u0131) VII Zirv\u0259 G\u00f6r\u00fc\u015f\u00fc t\u00fcrkdilli \u00f6lk\u0259l\u0259r aras\u0131nda iqtisadi \u0259laq\u0259l\u0259r\u0259 ki\u00e7ik v\u0259 orta sahiblkarl\u0131\u011fa h\u0259sr edildi: &#8220;\u00d6t\u0259n 10 il \u0259rzind\u0259 T\u00fcrkdilli \u00f6lk\u0259l\u0259r aras\u0131nda t\u0259hsil, elm v\u0259 m\u0259d\u0259niyy\u0259t, n\u0259qliyyat, turizm, media&hellip;<\/p>\n","protected":false},"author":2,"featured_media":86232,"comment_status":"closed","ping_status":"closed","sticky":false,"template":"","format":"standard","meta":{"om_disable_all_campaigns":false,"_monsterinsights_skip_tracking":false,"_monsterinsights_sitenote_active":false,"_monsterinsights_sitenote_note":"","_monsterinsights_sitenote_category":0},"categories":[4],"tags":[],"aioseo_notices":[],"gutentor_comment":0,"rttpg_featured_image_url":{"full":["https:\/\/arantv.az\/wp-content\/uploads\/2019\/10\/794673.jpg",800,600,false],"landscape":["https:\/\/arantv.az\/wp-content\/uploads\/2019\/10\/794673.jpg",800,600,false],"portraits":["https:\/\/arantv.az\/wp-content\/uploads\/2019\/10\/794673.jpg",800,600,false],"thumbnail":["https:\/\/arantv.az\/wp-content\/uploads\/2019\/10\/794673-150x150.jpg",150,150,true],"medium":["https:\/\/arantv.az\/wp-content\/uploads\/2019\/10\/794673-300x225.jpg",300,225,true],"large":["https:\/\/arantv.az\/wp-content\/uploads\/2019\/10\/794673.jpg",640,480,false],"1536x1536":["https:\/\/arantv.az\/wp-content\/uploads\/2019\/10\/794673.jpg",800,600,false],"2048x2048":["https:\/\/arantv.az\/wp-content\/uploads\/2019\/10\/794673.jpg",800,600,false],"post-thumbnail":["https:\/\/arantv.az\/wp-content\/uploads\/2019\/10\/794673-240x172.jpg",240,172,true],"advps-thumb-one":["https:\/\/arantv.az\/wp-content\/uploads\/2019\/10\/794673.jpg",800,600,false]},"rttpg_author":{"display_name":"V\u00fcsal Rafiqo\u011flu","author_link":"https:\/\/arantv.az\/?author=2"},"rttpg_comment":0,"rttpg_category":"<a href=\"https:\/\/arantv.az\/?cat=4\" rel=\"category\">Siyas\u0259t<\/a>","rttpg_excerpt":"Az\u0259rbaycan daha bir m\u00f6t\u0259b\u0259r beyn\u0259lxalq t\u0259dbir\u0259 ev sahibliyi etdi. Oktyabr\u0131n 15-d\u0259 t\u00fcrkdilli d\u00f6vl\u0259tl\u0259rin r\u0259hb\u0259rl\u0259ri bir araya g\u0259l\u0259r\u0259k regionun bug\u00fcnk\u00fc reall\u0131qlar\u0131n\u0131 m\u00fczakir\u0259 etm\u0259k \u00fc\u00e7\u00fcn m\u0259rk\u0259z kimi m\u0259hz Bak\u0131n\u0131 se\u00e7dil\u0259r. ARANTV.AZ\u00a0 bildirir ki, bunu\u00a0Trend-\u0259\u00a0Milli M\u0259clisin Yeni Az\u0259rbaycan Partiyas\u0131ndan olan deputat\u0131 P\u0259rvin K\u0259rimzad\u0259 deyib. O bildirib ki, t\u0259m\u0259li 10 il \u0259vv\u0259l &#8211; 2009-cu ild\u0259 Nax\u00e7\u0131vanda ke\u00e7iril\u0259n zirv\u0259 g\u00f6r\u00fc\u015f\u00fcnd\u0259&hellip;","_links":{"self":[{"href":"https:\/\/arantv.az\/index.php?rest_route=\/wp\/v2\/posts\/86231"}],"collection":[{"href":"https:\/\/arantv.az\/index.php?rest_route=\/wp\/v2\/posts"}],"about":[{"href":"https:\/\/arantv.az\/index.php?rest_route=\/wp\/v2\/types\/post"}],"author":[{"embeddable":true,"href":"https:\/\/arantv.az\/index.php?rest_route=\/wp\/v2\/users\/2"}],"replies":[{"embeddable":true,"href":"https:\/\/arantv.az\/index.php?rest_route=%2Fwp%2Fv2%2Fcomments&post=86231"}],"version-history":[{"count":0,"href":"https:\/\/arantv.az\/index.php?rest_route=\/wp\/v2\/posts\/86231\/revisions"}],"wp:featuredmedia":[{"embeddable":true,"href":"https:\/\/arantv.az\/index.php?rest_route=\/wp\/v2\/media\/86232"}],"wp:attachment":[{"href":"https:\/\/arantv.az\/index.php?rest_route=%2Fwp%2Fv2%2Fmedia&parent=86231"}],"wp:term":[{"taxonomy":"category","embeddable":true,"href":"https:\/\/arantv.az\/index.php?rest_route=%2Fwp%2Fv2%2Fcategories&post=86231"},{"taxonomy":"post_tag","embeddable":true,"href":"https:\/\/arantv.az\/index.php?rest_route=%2Fwp%2Fv2%2Ftags&post=86231"}],"curies":[{"name":"wp","href":"https:\/\/api.w.org\/{rel}","templated":true}]}}