{"id":86452,"date":"2019-10-16T15:54:19","date_gmt":"2019-10-16T12:54:19","guid":{"rendered":"http:\/\/arantv.az\/?p=86452"},"modified":"2019-10-16T15:54:19","modified_gmt":"2019-10-16T12:54:19","slug":"az%c9%99rbaycanda-yeni-agentlik-yaradildi-f%c9%99rman","status":"publish","type":"post","link":"https:\/\/arantv.az\/?p=86452","title":{"rendered":"Az\u0259rbaycanda yeni agentlik yarad\u0131ld\u0131 &#8211; F\u018fRMAN"},"content":{"rendered":"<p>Az\u0259rbaycan Respublikas\u0131 Prezidenti \u0130lham \u018fliyev Az\u0259rbaycan Respublikas\u0131 Maliyy\u0259 Nazirliyinin f\u0259aliyy\u0259tinin t\u0259kmill\u0259\u015fdirilm\u0259si il\u0259 ba\u011fl\u0131 t\u0259dbirl\u0259r haqq\u0131nda f\u0259rman imzalay\u0131b.<\/p>\n<p>Bununla ba\u011fl\u0131\u00a0<a href=\"https:\/\/azertag.az\/xeber\/Azerbaycan_Respublikasi_Maliyye_Nazirliyinin_fealiyyetinin_tekmillesdirilmesi_ile_bagli_tedbirler_haqqinda_Azerbaycan_Respublikasi_Prezidentinin_Fermani-1343384\" target=\"_blank\" rel=\"noopener\">AZ\u018fRTAC<\/a>\u00a0m\u0259lumat yay\u0131b.<\/p>\n<div id=\"AdviadNativeVideo0\" class=\"AdviadNativeVideo\"><\/div>\n<p>F\u0259rmana \u0259sas\u0259n, Az\u0259rbaycan Respublikas\u0131n\u0131n Maliyy\u0259 Nazirliyi yan\u0131nda D\u00f6vl\u0259t Borcunun v\u0259 Maliyy\u0259 \u00d6hd\u0259likl\u0259rinin \u0130dar\u0259 Edilm\u0259si Agentliyi yarad\u0131l\u0131b.<\/p>\n<p>Bundan ba\u015fqa, \u201cAz\u0259rbaycan Respublikas\u0131n\u0131n Maliyy\u0259 Nazirliyi yan\u0131nda D\u00f6vl\u0259t Borcunun v\u0259 Maliyy\u0259 \u00d6hd\u0259likl\u0259rinin \u0130dar\u0259 Edilm\u0259si Agentliyi haqq\u0131nda \u018fsasnam\u0259\u201d t\u0259sdiq edilib.<\/p>\n","protected":false},"excerpt":{"rendered":"<p>Az\u0259rbaycan Respublikas\u0131 Prezidenti \u0130lham \u018fliyev Az\u0259rbaycan Respublikas\u0131 Maliyy\u0259 Nazirliyinin f\u0259aliyy\u0259tinin t\u0259kmill\u0259\u015fdirilm\u0259si il\u0259 ba\u011fl\u0131 t\u0259dbirl\u0259r haqq\u0131nda f\u0259rman imzalay\u0131b. Bununla ba\u011fl\u0131\u00a0AZ\u018fRTAC\u00a0m\u0259lumat yay\u0131b. F\u0259rmana \u0259sas\u0259n, Az\u0259rbaycan Respublikas\u0131n\u0131n Maliyy\u0259 Nazirliyi yan\u0131nda D\u00f6vl\u0259t Borcunun v\u0259 Maliyy\u0259 \u00d6hd\u0259likl\u0259rinin \u0130dar\u0259 Edilm\u0259si Agentliyi yarad\u0131l\u0131b. Bundan ba\u015fqa, \u201cAz\u0259rbaycan Respublikas\u0131n\u0131n Maliyy\u0259 Nazirliyi yan\u0131nda D\u00f6vl\u0259t Borcunun v\u0259 Maliyy\u0259 \u00d6hd\u0259likl\u0259rinin \u0130dar\u0259 Edilm\u0259si Agentliyi haqq\u0131nda \u018fsasnam\u0259\u201d t\u0259sdiq edilib.<\/p>\n","protected":false},"author":2,"featured_media":86453,"comment_status":"closed","ping_status":"closed","sticky":false,"template":"","format":"standard","meta":{"om_disable_all_campaigns":false,"_monsterinsights_skip_tracking":false,"_monsterinsights_sitenote_active":false,"_monsterinsights_sitenote_note":"","_monsterinsights_sitenote_category":0},"categories":[4],"tags":[],"aioseo_notices":[],"gutentor_comment":0,"rttpg_featured_image_url":{"full":["https:\/\/arantv.az\/wp-content\/uploads\/2019\/10\/409257661-1.jpg",620,335,false],"landscape":["https:\/\/arantv.az\/wp-content\/uploads\/2019\/10\/409257661-1.jpg",620,335,false],"portraits":["https:\/\/arantv.az\/wp-content\/uploads\/2019\/10\/409257661-1.jpg",620,335,false],"thumbnail":["https:\/\/arantv.az\/wp-content\/uploads\/2019\/10\/409257661-1-150x150.jpg",150,150,true],"medium":["https:\/\/arantv.az\/wp-content\/uploads\/2019\/10\/409257661-1-300x162.jpg",300,162,true],"large":["https:\/\/arantv.az\/wp-content\/uploads\/2019\/10\/409257661-1.jpg",620,335,false],"1536x1536":["https:\/\/arantv.az\/wp-content\/uploads\/2019\/10\/409257661-1.jpg",620,335,false],"2048x2048":["https:\/\/arantv.az\/wp-content\/uploads\/2019\/10\/409257661-1.jpg",620,335,false],"post-thumbnail":["https:\/\/arantv.az\/wp-content\/uploads\/2019\/10\/409257661-1-240x172.jpg",240,172,true],"advps-thumb-one":["https:\/\/arantv.az\/wp-content\/uploads\/2019\/10\/409257661-1.jpg",620,335,false]},"rttpg_author":{"display_name":"V\u00fcsal Rafiqo\u011flu","author_link":"https:\/\/arantv.az\/?author=2"},"rttpg_comment":0,"rttpg_category":"<a href=\"https:\/\/arantv.az\/?cat=4\" rel=\"category\">Siyas\u0259t<\/a>","rttpg_excerpt":"Az\u0259rbaycan Respublikas\u0131 Prezidenti \u0130lham \u018fliyev Az\u0259rbaycan Respublikas\u0131 Maliyy\u0259 Nazirliyinin f\u0259aliyy\u0259tinin t\u0259kmill\u0259\u015fdirilm\u0259si il\u0259 ba\u011fl\u0131 t\u0259dbirl\u0259r haqq\u0131nda f\u0259rman imzalay\u0131b. Bununla ba\u011fl\u0131\u00a0AZ\u018fRTAC\u00a0m\u0259lumat yay\u0131b. F\u0259rmana \u0259sas\u0259n, Az\u0259rbaycan Respublikas\u0131n\u0131n Maliyy\u0259 Nazirliyi yan\u0131nda D\u00f6vl\u0259t Borcunun v\u0259 Maliyy\u0259 \u00d6hd\u0259likl\u0259rinin \u0130dar\u0259 Edilm\u0259si Agentliyi yarad\u0131l\u0131b. Bundan ba\u015fqa, \u201cAz\u0259rbaycan Respublikas\u0131n\u0131n Maliyy\u0259 Nazirliyi yan\u0131nda D\u00f6vl\u0259t Borcunun v\u0259 Maliyy\u0259 \u00d6hd\u0259likl\u0259rinin \u0130dar\u0259 Edilm\u0259si Agentliyi haqq\u0131nda \u018fsasnam\u0259\u201d t\u0259sdiq edilib.","_links":{"self":[{"href":"https:\/\/arantv.az\/index.php?rest_route=\/wp\/v2\/posts\/86452"}],"collection":[{"href":"https:\/\/arantv.az\/index.php?rest_route=\/wp\/v2\/posts"}],"about":[{"href":"https:\/\/arantv.az\/index.php?rest_route=\/wp\/v2\/types\/post"}],"author":[{"embeddable":true,"href":"https:\/\/arantv.az\/index.php?rest_route=\/wp\/v2\/users\/2"}],"replies":[{"embeddable":true,"href":"https:\/\/arantv.az\/index.php?rest_route=%2Fwp%2Fv2%2Fcomments&post=86452"}],"version-history":[{"count":0,"href":"https:\/\/arantv.az\/index.php?rest_route=\/wp\/v2\/posts\/86452\/revisions"}],"wp:featuredmedia":[{"embeddable":true,"href":"https:\/\/arantv.az\/index.php?rest_route=\/wp\/v2\/media\/86453"}],"wp:attachment":[{"href":"https:\/\/arantv.az\/index.php?rest_route=%2Fwp%2Fv2%2Fmedia&parent=86452"}],"wp:term":[{"taxonomy":"category","embeddable":true,"href":"https:\/\/arantv.az\/index.php?rest_route=%2Fwp%2Fv2%2Fcategories&post=86452"},{"taxonomy":"post_tag","embeddable":true,"href":"https:\/\/arantv.az\/index.php?rest_route=%2Fwp%2Fv2%2Ftags&post=86452"}],"curies":[{"name":"wp","href":"https:\/\/api.w.org\/{rel}","templated":true}]}}