{"id":86514,"date":"2019-10-17T08:06:42","date_gmt":"2019-10-17T05:06:42","guid":{"rendered":"http:\/\/arantv.az\/?p=86514"},"modified":"2019-10-17T08:06:42","modified_gmt":"2019-10-17T05:06:42","slug":"bakida-qardas-qardasi-bicaqlayib","status":"publish","type":"post","link":"https:\/\/arantv.az\/?p=86514","title":{"rendered":"Bak\u0131da qarda\u015f qarda\u015f\u0131 b\u0131\u00e7aqlay\u0131b"},"content":{"rendered":"<p>Sabun\u00e7u rayonunda qarda\u015flar aras\u0131nda m\u00fcbahis\u0259 z\u0259minind\u0259 b\u0131\u00e7aqlanma hadis\u0259si ba\u015f verib.<\/p>\n<p>Hadis\u0259 Balaxan\u0131 q\u0259s\u0259b\u0259sind\u0259 qeyd\u0259 al\u0131n\u0131b.<\/p>\n<p><strong>ARANTV.AZ\u00a0<\/strong> APA-ya istinad\u0259n x\u0259b\u0259r verir ki,\u00a01967-ci il t\u0259v\u0259ll\u00fcdl\u00fc A\u015furov Kamandar Haqverdi o\u011flu qarda\u015f\u0131 il\u0259 m\u00fcbahis\u0259 edib.<br \/>\nN\u0259tic\u0259d\u0259 o, 3 b\u0131\u00e7aq x\u0259sar\u0259ti al\u0131b.<\/p>\n<p>Yaral\u0131 a\u011f\u0131r v\u0259ziyy\u0259td\u0259 x\u0259st\u0259xanada c\u0259rrahi \u0259m\u0259liyyat edilib. H\u0259r iki qolun v\u0259 d\u00f6\u015f q\u0259f\u0259sinin k\u0259silmi\u015f-de\u015filmi\u015f yaras\u0131 diaqnozu qoyulan K.A\u015furovun v\u0259ziyy\u0259ti kafi qiym\u0259tl\u0259ndirilir.<\/p>\n<p>Faktla ba\u011fl\u0131 Sabun\u00e7u Rayon Polis \u0130dar\u0259sind\u0259 ara\u015fd\u0131rma apar\u0131l\u0131r.<\/p>\n","protected":false},"excerpt":{"rendered":"<p>Sabun\u00e7u rayonunda qarda\u015flar aras\u0131nda m\u00fcbahis\u0259 z\u0259minind\u0259 b\u0131\u00e7aqlanma hadis\u0259si ba\u015f verib. Hadis\u0259 Balaxan\u0131 q\u0259s\u0259b\u0259sind\u0259 qeyd\u0259 al\u0131n\u0131b. ARANTV.AZ\u00a0 APA-ya istinad\u0259n x\u0259b\u0259r verir ki,\u00a01967-ci il t\u0259v\u0259ll\u00fcdl\u00fc A\u015furov Kamandar Haqverdi o\u011flu qarda\u015f\u0131 il\u0259 m\u00fcbahis\u0259 edib. N\u0259tic\u0259d\u0259 o, 3 b\u0131\u00e7aq x\u0259sar\u0259ti al\u0131b. Yaral\u0131 a\u011f\u0131r v\u0259ziyy\u0259td\u0259 x\u0259st\u0259xanada c\u0259rrahi \u0259m\u0259liyyat edilib. H\u0259r iki qolun v\u0259 d\u00f6\u015f q\u0259f\u0259sinin k\u0259silmi\u015f-de\u015filmi\u015f yaras\u0131 diaqnozu qoyulan K.A\u015furovun v\u0259ziyy\u0259ti kafi qiym\u0259tl\u0259ndirilir. Faktla ba\u011fl\u0131 Sabun\u00e7u Rayon Polis \u0130dar\u0259sind\u0259 ara\u015fd\u0131rma apar\u0131l\u0131r.<\/p>\n","protected":false},"author":2,"featured_media":86515,"comment_status":"closed","ping_status":"closed","sticky":false,"template":"","format":"standard","meta":{"om_disable_all_campaigns":false,"_monsterinsights_skip_tracking":false,"_monsterinsights_sitenote_active":false,"_monsterinsights_sitenote_note":"","_monsterinsights_sitenote_category":0},"categories":[3],"tags":[],"aioseo_notices":[],"gutentor_comment":0,"rttpg_featured_image_url":{"full":["https:\/\/arantv.az\/wp-content\/uploads\/2019\/10\/bicaq_385877.jpg",1000,657,false],"landscape":["https:\/\/arantv.az\/wp-content\/uploads\/2019\/10\/bicaq_385877.jpg",1000,657,false],"portraits":["https:\/\/arantv.az\/wp-content\/uploads\/2019\/10\/bicaq_385877.jpg",1000,657,false],"thumbnail":["https:\/\/arantv.az\/wp-content\/uploads\/2019\/10\/bicaq_385877-150x150.jpg",150,150,true],"medium":["https:\/\/arantv.az\/wp-content\/uploads\/2019\/10\/bicaq_385877-300x197.jpg",300,197,true],"large":["https:\/\/arantv.az\/wp-content\/uploads\/2019\/10\/bicaq_385877.jpg",640,420,false],"1536x1536":["https:\/\/arantv.az\/wp-content\/uploads\/2019\/10\/bicaq_385877.jpg",1000,657,false],"2048x2048":["https:\/\/arantv.az\/wp-content\/uploads\/2019\/10\/bicaq_385877.jpg",1000,657,false],"post-thumbnail":["https:\/\/arantv.az\/wp-content\/uploads\/2019\/10\/bicaq_385877-240x172.jpg",240,172,true],"advps-thumb-one":["https:\/\/arantv.az\/wp-content\/uploads\/2019\/10\/bicaq_385877-1000x620.jpg",1000,620,true]},"rttpg_author":{"display_name":"V\u00fcsal Rafiqo\u011flu","author_link":"https:\/\/arantv.az\/?author=2"},"rttpg_comment":0,"rttpg_category":"<a href=\"https:\/\/arantv.az\/?cat=3\" rel=\"category\">Kriminal<\/a>","rttpg_excerpt":"Sabun\u00e7u rayonunda qarda\u015flar aras\u0131nda m\u00fcbahis\u0259 z\u0259minind\u0259 b\u0131\u00e7aqlanma hadis\u0259si ba\u015f verib. Hadis\u0259 Balaxan\u0131 q\u0259s\u0259b\u0259sind\u0259 qeyd\u0259 al\u0131n\u0131b. ARANTV.AZ\u00a0 APA-ya istinad\u0259n x\u0259b\u0259r verir ki,\u00a01967-ci il t\u0259v\u0259ll\u00fcdl\u00fc A\u015furov Kamandar Haqverdi o\u011flu qarda\u015f\u0131 il\u0259 m\u00fcbahis\u0259 edib. N\u0259tic\u0259d\u0259 o, 3 b\u0131\u00e7aq x\u0259sar\u0259ti al\u0131b. Yaral\u0131 a\u011f\u0131r v\u0259ziyy\u0259td\u0259 x\u0259st\u0259xanada c\u0259rrahi \u0259m\u0259liyyat edilib. H\u0259r iki qolun v\u0259 d\u00f6\u015f q\u0259f\u0259sinin k\u0259silmi\u015f-de\u015filmi\u015f yaras\u0131 diaqnozu qoyulan K.A\u015furovun&hellip;","_links":{"self":[{"href":"https:\/\/arantv.az\/index.php?rest_route=\/wp\/v2\/posts\/86514"}],"collection":[{"href":"https:\/\/arantv.az\/index.php?rest_route=\/wp\/v2\/posts"}],"about":[{"href":"https:\/\/arantv.az\/index.php?rest_route=\/wp\/v2\/types\/post"}],"author":[{"embeddable":true,"href":"https:\/\/arantv.az\/index.php?rest_route=\/wp\/v2\/users\/2"}],"replies":[{"embeddable":true,"href":"https:\/\/arantv.az\/index.php?rest_route=%2Fwp%2Fv2%2Fcomments&post=86514"}],"version-history":[{"count":0,"href":"https:\/\/arantv.az\/index.php?rest_route=\/wp\/v2\/posts\/86514\/revisions"}],"wp:featuredmedia":[{"embeddable":true,"href":"https:\/\/arantv.az\/index.php?rest_route=\/wp\/v2\/media\/86515"}],"wp:attachment":[{"href":"https:\/\/arantv.az\/index.php?rest_route=%2Fwp%2Fv2%2Fmedia&parent=86514"}],"wp:term":[{"taxonomy":"category","embeddable":true,"href":"https:\/\/arantv.az\/index.php?rest_route=%2Fwp%2Fv2%2Fcategories&post=86514"},{"taxonomy":"post_tag","embeddable":true,"href":"https:\/\/arantv.az\/index.php?rest_route=%2Fwp%2Fv2%2Ftags&post=86514"}],"curies":[{"name":"wp","href":"https:\/\/api.w.org\/{rel}","templated":true}]}}