{"id":86522,"date":"2019-10-17T08:57:09","date_gmt":"2019-10-17T05:57:09","guid":{"rendered":"http:\/\/arantv.az\/?p=86522"},"modified":"2019-10-17T08:57:09","modified_gmt":"2019-10-17T05:57:09","slug":"bu-%c9%99razil%c9%99rd%c9%99-qaz-t%c9%99chizati-dayandirilir-3","status":"publish","type":"post","link":"https:\/\/arantv.az\/?p=86522","title":{"rendered":"Bu \u0259razil\u0259rd\u0259 qaz t\u0259chizat\u0131 dayand\u0131r\u0131l\u0131r"},"content":{"rendered":"<p>D\u00fcn\u0259n ax\u015fam saatlar\u0131nda \u201cXaldan \u018fhali\u201d \u00f6l\u00e7\u00fc qov\u015fa\u011f\u0131ndan qidalanan, Yevlax rayonunun 10-dan \u00e7ox k\u0259ndini t\u0259bii qazla t\u0259min ed\u0259n orta t\u0259zyiqli qaz x\u0259ttini qaz\u0131nt\u0131 aparan \u015firk\u0259tl\u0259rd\u0259n birinin texnikas\u0131 il\u0259 z\u0259d\u0259l\u0259yibl\u0259r.<\/p>\n<p>Bu bar\u0259d\u0259 \u201cAz\u0259riqaz\u201d \u0130stehsalat Birliyi m\u0259lumat yay\u0131b.<\/p>\n<div id=\"AdviadNativeVideo0\" class=\"AdviadNativeVideo\"><\/div>\n<p>Bildirilib ki, bir qrup abonentin qaz t\u0259chizat\u0131nda fasil\u0259 yaran\u0131b. Haz\u0131rda \u201cAz\u0259riqaz\u201d \u0130B-nin \u0259m\u0259kda\u015flar\u0131 \u0259razid\u0259 ba\u015f ver\u0259n f\u0259sad\u0131n aradan qald\u0131r\u0131lmas\u0131 \u00fc\u00e7\u00fcn haz\u0131rl\u0131q i\u015fl\u0259ri g\u00f6r\u00fcr. Qaz t\u0259chizat\u0131n\u0131n b\u0259rpas\u0131 oktyabr\u0131n 17-d\u0259 g\u00fcn \u0259rzind\u0259 m\u00fcmk\u00fcn olacaq.<\/p>\n<p>Oktyabr\u0131n 17-d\u0259 \u201cQaz \u0130xrac\u201d \u0130dar\u0259sinin Qaz Paylay\u0131c\u0131 Stansiyalarda aparaca\u011f\u0131 yenid\u0259nqurma i\u015fl\u0259ri il\u0259 ba\u011fl\u0131 saat 08:30-dan 19:00-d\u0259k Sabirabad, Saatl\u0131, \u0130mi\u015fli v\u0259 \u015e\u0259mkir rayonlar\u0131n\u0131n bir ne\u00e7\u0259 ya\u015fay\u0131\u015f m\u0259nt\u0259q\u0259sind\u0259 qaz t\u0259minat\u0131nda fasil\u0259l\u0259r olacaq.<\/p>\n<p>Saat 09:00-dan 18:00-d\u0259k diametri 315 mm olan polietilen orta t\u0259zyiqli yeralt\u0131 qaz x\u0259ttind\u0259 a\u015fkarlanan qaz s\u0131zmalar\u0131n\u0131n l\u0259\u011fvi m\u0259qs\u0259dil\u0259 A\u011fsu rayonunun m\u0259rk\u0259zinin bir hiss\u0259si v\u0259 bir ne\u00e7\u0259 ya\u015fay\u0131\u015f m\u0259nt\u0259q\u0259sind\u0259 d\u0259 qaz t\u0259chizat\u0131 m\u00fcv\u0259qq\u0259ti olaraq dayand\u0131r\u0131lacaq.<\/p>\n","protected":false},"excerpt":{"rendered":"<p>D\u00fcn\u0259n ax\u015fam saatlar\u0131nda \u201cXaldan \u018fhali\u201d \u00f6l\u00e7\u00fc qov\u015fa\u011f\u0131ndan qidalanan, Yevlax rayonunun 10-dan \u00e7ox k\u0259ndini t\u0259bii qazla t\u0259min ed\u0259n orta t\u0259zyiqli qaz x\u0259ttini qaz\u0131nt\u0131 aparan \u015firk\u0259tl\u0259rd\u0259n birinin texnikas\u0131 il\u0259 z\u0259d\u0259l\u0259yibl\u0259r. Bu bar\u0259d\u0259 \u201cAz\u0259riqaz\u201d \u0130stehsalat Birliyi m\u0259lumat yay\u0131b. Bildirilib ki, bir qrup abonentin qaz t\u0259chizat\u0131nda fasil\u0259 yaran\u0131b. Haz\u0131rda \u201cAz\u0259riqaz\u201d \u0130B-nin \u0259m\u0259kda\u015flar\u0131 \u0259razid\u0259 ba\u015f ver\u0259n f\u0259sad\u0131n aradan qald\u0131r\u0131lmas\u0131 \u00fc\u00e7\u00fcn haz\u0131rl\u0131q i\u015fl\u0259ri g\u00f6r\u00fcr. Qaz t\u0259chizat\u0131n\u0131n b\u0259rpas\u0131 oktyabr\u0131n 17-d\u0259 g\u00fcn \u0259rzind\u0259 m\u00fcmk\u00fcn olacaq. Oktyabr\u0131n 17-d\u0259 \u201cQaz \u0130xrac\u201d \u0130dar\u0259sinin Qaz Paylay\u0131c\u0131 Stansiyalarda aparaca\u011f\u0131 yenid\u0259nqurma i\u015fl\u0259ri il\u0259 ba\u011fl\u0131 saat 08:30-dan 19:00-d\u0259k Sabirabad, Saatl\u0131, \u0130mi\u015fli v\u0259 \u015e\u0259mkir rayonlar\u0131n\u0131n bir&hellip;<\/p>\n","protected":false},"author":2,"featured_media":86523,"comment_status":"closed","ping_status":"closed","sticky":false,"template":"","format":"standard","meta":{"om_disable_all_campaigns":false,"_monsterinsights_skip_tracking":false,"_monsterinsights_sitenote_active":false,"_monsterinsights_sitenote_note":"","_monsterinsights_sitenote_category":0},"categories":[1],"tags":[],"aioseo_notices":[],"gutentor_comment":0,"rttpg_featured_image_url":{"full":["https:\/\/arantv.az\/wp-content\/uploads\/2019\/10\/1905090918300_home_cucine_ita_eng_pt_fr_latam.jpg",620,414,false],"landscape":["https:\/\/arantv.az\/wp-content\/uploads\/2019\/10\/1905090918300_home_cucine_ita_eng_pt_fr_latam.jpg",620,414,false],"portraits":["https:\/\/arantv.az\/wp-content\/uploads\/2019\/10\/1905090918300_home_cucine_ita_eng_pt_fr_latam.jpg",620,414,false],"thumbnail":["https:\/\/arantv.az\/wp-content\/uploads\/2019\/10\/1905090918300_home_cucine_ita_eng_pt_fr_latam-150x150.jpg",150,150,true],"medium":["https:\/\/arantv.az\/wp-content\/uploads\/2019\/10\/1905090918300_home_cucine_ita_eng_pt_fr_latam-300x200.jpg",300,200,true],"large":["https:\/\/arantv.az\/wp-content\/uploads\/2019\/10\/1905090918300_home_cucine_ita_eng_pt_fr_latam.jpg",620,414,false],"1536x1536":["https:\/\/arantv.az\/wp-content\/uploads\/2019\/10\/1905090918300_home_cucine_ita_eng_pt_fr_latam.jpg",620,414,false],"2048x2048":["https:\/\/arantv.az\/wp-content\/uploads\/2019\/10\/1905090918300_home_cucine_ita_eng_pt_fr_latam.jpg",620,414,false],"post-thumbnail":["https:\/\/arantv.az\/wp-content\/uploads\/2019\/10\/1905090918300_home_cucine_ita_eng_pt_fr_latam-240x172.jpg",240,172,true],"advps-thumb-one":["https:\/\/arantv.az\/wp-content\/uploads\/2019\/10\/1905090918300_home_cucine_ita_eng_pt_fr_latam.jpg",620,414,false]},"rttpg_author":{"display_name":"V\u00fcsal Rafiqo\u011flu","author_link":"https:\/\/arantv.az\/?author=2"},"rttpg_comment":0,"rttpg_category":"<a href=\"https:\/\/arantv.az\/?cat=1\" rel=\"category\">C\u0259miyy\u0259t<\/a>","rttpg_excerpt":"D\u00fcn\u0259n ax\u015fam saatlar\u0131nda \u201cXaldan \u018fhali\u201d \u00f6l\u00e7\u00fc qov\u015fa\u011f\u0131ndan qidalanan, Yevlax rayonunun 10-dan \u00e7ox k\u0259ndini t\u0259bii qazla t\u0259min ed\u0259n orta t\u0259zyiqli qaz x\u0259ttini qaz\u0131nt\u0131 aparan \u015firk\u0259tl\u0259rd\u0259n birinin texnikas\u0131 il\u0259 z\u0259d\u0259l\u0259yibl\u0259r. Bu bar\u0259d\u0259 \u201cAz\u0259riqaz\u201d \u0130stehsalat Birliyi m\u0259lumat yay\u0131b. Bildirilib ki, bir qrup abonentin qaz t\u0259chizat\u0131nda fasil\u0259 yaran\u0131b. Haz\u0131rda \u201cAz\u0259riqaz\u201d \u0130B-nin \u0259m\u0259kda\u015flar\u0131 \u0259razid\u0259 ba\u015f ver\u0259n f\u0259sad\u0131n aradan qald\u0131r\u0131lmas\u0131 \u00fc\u00e7\u00fcn&hellip;","_links":{"self":[{"href":"https:\/\/arantv.az\/index.php?rest_route=\/wp\/v2\/posts\/86522"}],"collection":[{"href":"https:\/\/arantv.az\/index.php?rest_route=\/wp\/v2\/posts"}],"about":[{"href":"https:\/\/arantv.az\/index.php?rest_route=\/wp\/v2\/types\/post"}],"author":[{"embeddable":true,"href":"https:\/\/arantv.az\/index.php?rest_route=\/wp\/v2\/users\/2"}],"replies":[{"embeddable":true,"href":"https:\/\/arantv.az\/index.php?rest_route=%2Fwp%2Fv2%2Fcomments&post=86522"}],"version-history":[{"count":0,"href":"https:\/\/arantv.az\/index.php?rest_route=\/wp\/v2\/posts\/86522\/revisions"}],"wp:featuredmedia":[{"embeddable":true,"href":"https:\/\/arantv.az\/index.php?rest_route=\/wp\/v2\/media\/86523"}],"wp:attachment":[{"href":"https:\/\/arantv.az\/index.php?rest_route=%2Fwp%2Fv2%2Fmedia&parent=86522"}],"wp:term":[{"taxonomy":"category","embeddable":true,"href":"https:\/\/arantv.az\/index.php?rest_route=%2Fwp%2Fv2%2Fcategories&post=86522"},{"taxonomy":"post_tag","embeddable":true,"href":"https:\/\/arantv.az\/index.php?rest_route=%2Fwp%2Fv2%2Ftags&post=86522"}],"curies":[{"name":"wp","href":"https:\/\/api.w.org\/{rel}","templated":true}]}}