{"id":86549,"date":"2019-10-17T09:47:16","date_gmt":"2019-10-17T06:47:16","guid":{"rendered":"http:\/\/arantv.az\/?p=86549"},"modified":"2019-10-17T09:47:16","modified_gmt":"2019-10-17T06:47:16","slug":"prezidentin-iqtisadi-musavir%c9%99d%c9%99-misal-g%c9%99tirdiyi-hesabatlar-onlarda-n%c9%99l%c9%99r-%c9%99ks-olunub","status":"publish","type":"post","link":"https:\/\/arantv.az\/?p=86549","title":{"rendered":"Prezidentin iqtisadi m\u00fc\u015favir\u0259d\u0259 misal g\u0259tirdiyi hesabatlar &#8211; Onlarda n\u0259l\u0259r \u0259ks olunub?"},"content":{"rendered":"<p>Oktyabr\u0131n 15-d\u0259 Az\u0259rbaycan Prezidenti \u0130lham \u018fliyevin yan\u0131nda iqtisadi m\u00fc\u015favir\u0259 ke\u00e7irilib.<\/p>\n<p>M\u00fc\u015favir\u0259d\u0259 2019-cu ilin doqquz\u00a0ay\u0131n\u0131n sosial-iqtisadi yekunlar\u0131 v\u0259 2020-ci ilin d\u00f6vl\u0259t v\u0259 icmal b\u00fcdc\u0259si layih\u0259l\u0259ri m\u00fczakir\u0259 edilib.<\/p>\n<p>Prezident \u0130lham \u018fliyev m\u00fc\u015favir\u0259d\u0259 \u00e7\u0131x\u0131\u015f edib.<\/p>\n<div id=\"AdviadNativeVideo0\" class=\"AdviadNativeVideo\"><\/div>\n<p>\u00d6lk\u0259 ba\u015f\u00e7\u0131s\u0131 Az\u0259rbaycan\u0131n iqtisadi sah\u0259d\u0259 \u0259ld\u0259 etdiyi nailiyy\u0259tl\u0259r bar\u0259d\u0259 dan\u0131\u015f\u0131b.<\/p>\n<p>O bildirib ki, Az\u0259rbaycan D\u00fcnya Bank\u0131n\u0131n n\u00fcfuzlu \u201cDoing Business\u201d hesabat\u0131nda \u00a0biznes m\u00fchitin\u0259 g\u00f6r\u0259 d\u00fcnya miqyas\u0131nda 25-ci yerd\u0259dir.<\/p>\n<p>Son hesabatda Az\u0259rbaycan yen\u0259 d\u0259 20 \u0259n islahat\u00e7\u0131 \u00f6lk\u0259 s\u0131ras\u0131nda yer al\u0131b.<\/p>\n<p>Hesabatda g\u00f6st\u0259rilib ki, Az\u0259rbaycan \u0259mlak\u0131n qeydiyyat\u0131, kreditl\u0259rin al\u0131nmas\u0131, minoritar investorlar\u0131n h\u00fcquqlar\u0131n\u0131n qorunmas\u0131 v\u0259 m\u00fcqavil\u0259l\u0259rin icras\u0131n\u0131n t\u0259min edilm\u0259si sah\u0259sind\u0259 sahibkarl\u0131q f\u0259aliyy\u0259ti il\u0259 m\u0259\u015f\u011ful olma\u011f\u0131 asanla\u015fd\u0131r\u0131b.<\/p>\n<p>Bak\u0131n\u0131n kadastr x\u0259rit\u0259sinin t\u0259rtib olunmas\u0131 v\u0259 paytaxtda h\u0259r bir f\u0259rdi torpaq sah\u0259sinin qeydiyyat\u0131, m\u00f6vcud s\u0259n\u0259dl\u0259\u015fm\u0259nin t\u0259kmill\u0259\u015fdirilm\u0259si s\u00fcr\u0259tl\u0259nib.<\/p>\n<p>Eyni zamanda, da\u015f\u0131nmaz \u0259mlak prosedurlar\u0131n\u0131n \u00e7evikliyi art\u0131b. Bunun n\u0259tic\u0259sind\u0259 da\u015f\u0131nmaz \u0259mlak\u0131n qeydiyyat\u0131 prosesi daha da s\u00fcr\u0259tl\u0259nib.<\/p>\n<p>Hesabata g\u00f6r\u0259, minoritar investorlar\u0131n h\u00fcquqlar\u0131n\u0131n m\u00fcdafi\u0259si t\u0259r\u0259fl\u0259rin imzalad\u0131\u011f\u0131 \u0259lveri\u015fsiz sazi\u015fl\u0259r \u00fczr\u0259 m\u0259suliyy\u0259tin direktorlar \u00fcz\u0259rin\u0259 qoyulmas\u0131ndan sonra g\u00fccl\u0259nib.<\/p>\n<p><img src=\"https:\/\/assets.oxu.az\/uploads\/W1siZiIsIjIwMTkvMTAvMTcvMDkvMzcvNTAvNzAzNThmYWYtZGE2Ny00ZGU3LWFkNjktODY2N2UyMWYzMmRhL0RvaW5nLUJ1c2luZXNzLmpwZyJdLFsicCIsImVuY29kZSIsImpwZyIsIi1xdWFsaXR5IDgwIl0sWyJwIiwidGh1bWIiLCI1OTB4NTkwXHUwMDNlIl1d?sha=efb49cc8005ce5c8\" alt=\"\" \/><\/p>\n<p>Hesabatda qeyd olunub ki, Az\u0259rbaycanda kommersiya il\u0259 ba\u011fl\u0131 m\u00fcbahis\u0259l\u0259r yarand\u0131qda t\u0259r\u0259fl\u0259r onlayn olaraq m\u00fcraci\u0259t g\u00f6nd\u0259r\u0259 v\u0259 vasit\u0259\u00e7ilik etm\u0259k \u00fc\u00e7\u00fcn maddi stimul \u0259ld\u0259 ed\u0259 bil\u0259rl\u0259r.<\/p>\n<p>\u00d6lk\u0259 ba\u015f\u00e7\u0131s\u0131 Davos \u00dcmumd\u00fcnya \u0130qtisadi Forumunun bu ilin 8 oktyabr\u0131nda n\u0259\u015fr edil\u0259n \u201cQlobal R\u0259qab\u0259tlilik \u0130ndeksi\u201dn\u0259 d\u0259 diqq\u0259t \u00e7\u0259kib.<\/p>\n<p>Qeyd ed\u0259k ki, Az\u0259rbaycan bu hesabatda 11 pill\u0259 ir\u0259lil\u0259y\u0259r\u0259k 141 \u00f6lk\u0259 aras\u0131nda 58-ci yerd\u0259 q\u0259rarla\u015f\u0131b.<\/p>\n<p>Hesabat d\u00fcnya miqyas\u0131nda\u00a0m\u00f6t\u0259b\u0259r say\u0131l\u0131r. Beyn\u0259lxalq t\u0259\u015fkilatlar, investor v\u0259 sahibkarlar, m\u00fcst\u0259qil beyin m\u0259rk\u0259zl\u0259ri t\u0259r\u0259find\u0259n istinad m\u0259nb\u0259yi kimi istifad\u0259 olunur.<\/p>\n<p>Hesabat 12 istiqam\u0259ti \u00f6z\u00fcnd\u0259 ehtiva edir: \u0130nstitutlar, infrastruktur, informasiya texnologiyalar\u0131, makroiqtisadi v\u0259ziyy\u0259t, s\u0259hiyy\u0259, t\u0259hsil, istehlak m\u0259hsullar\u0131 bazar\u0131, \u0259m\u0259k bazar\u0131, maliyy\u0259 sistemi, bazar h\u0259cminin geni\u015fliyi, biznesin dinamikliyi v\u0259 innovasiya.<\/p>\n<p>Az\u0259rbaycan 12 g\u00f6st\u0259ricid\u0259n s\u0259kkizi \u00fczr\u0259 ir\u0259lil\u0259y\u0259r\u0259k MDB \u00f6lk\u0259l\u0259ri aras\u0131nda lider m\u00f6vqel\u0259r s\u0131ras\u0131nda q\u0259rarla\u015f\u0131b.<\/p>\n<p>H\u0259r 12 indikator m\u00fcxt\u0259lif sub-indikatorlara b\u00f6l\u00fcn\u00fcr, \u00fcmumi n\u0259tic\u0259nin hesablanmas\u0131n\u0131 \u0259ks etdirir.<\/p>\n<p>Az\u0259rbaycan institutlar indikatoru \u00fczr\u0259 doqquz pill\u0259 ir\u0259lil\u0259yib.\u00a0\u00d6lk\u0259mizd\u0259 m\u0259hk\u0259m\u0259-h\u00fcquq, h\u00fcquq-m\u00fchafiz\u0259 orqanlar\u0131, terrorizml\u0259 m\u00fcbariz\u0259, polis\u0259 etimad, b\u00fcdc\u0259 \u015f\u0259ffafl\u0131\u011f\u0131 v\u0259 hesabatl\u0131l\u0131\u011f\u0131, m\u0259hk\u0259m\u0259l\u0259rin m\u00fcst\u0259qilliyi, media azadl\u0131\u011f\u0131, m\u00fclkiyy\u0259t v\u0259 intellektual m\u00fclkiyy\u0259tin qorunmas\u0131, \u0259mlak idar\u0259etm\u0259si, korporativ idar\u0259etm\u0259, h\u00f6kum\u0259tin uzun m\u00fcdd\u0259tli strateji bax\u0131\u015f\u0131 v\u0259 elektron-h\u00f6kum\u0259t istiqam\u0259tl\u0259ri y\u00fcks\u0259li\u015f ballar\u0131 \u0259ld\u0259 edib.<\/p>\n<p>\u0130qtisadi \u0130slahatlar\u0131n T\u0259hlili v\u0259 Kommunikasiya M\u0259rk\u0259zinin analizind\u0259 bildirilir ki, bu sub-indikatorlar institutlar indikatorunun t\u0259rkib hiss\u0259sidir. V\u0259 son n\u0259tic\u0259ni hesablayaraq reytinqi m\u00fc\u0259yy\u0259nl\u0259\u015fdirir.<\/p>\n<p>\u0130nfrastruktur indikatoru ikinci g\u00f6st\u0259ricidir. Bura yollar\u0131n effektivliyi, keyfiyy\u0259ti, d\u0259miryolu, hava yollar\u0131nda effektivlik, keyfiyy\u0259t v\u0259 \u0259laq\u0259l\u0259ndirm\u0259, kommunal infrastrukturun keyfiyy\u0259ti, elektrikl\u0259 t\u0259chiz olunma s\u0259viyy\u0259si, \u0259halinin t\u0259miz su il\u0259 t\u0259min olunmas\u0131 daxildir.<\/p>\n<p>Az\u0259rbaycan bu indikatorda s\u0259kkiz pill\u0259 ir\u0259lil\u0259y\u0259r\u0259k 77,4 balla d\u00fcnya \u00f6lk\u0259l\u0259ri aras\u0131nda 38-ci m\u00f6vqed\u0259 q\u0259rarla\u015f\u0131b.<\/p>\n<p>Az\u0259rbaycan makroiqtisadi v\u0259ziyy\u0259ti \u00f6z\u00fcnd\u0259 ehtiva ed\u0259n \u201cmakroiqtisadi sabitlik\u201d indikatoru \u00fczr\u0259 23 pill\u0259 ir\u0259lil\u0259yib.<\/p>\n<p>Bel\u0259 ki, inflyasiya v\u0259 borc dinamikas\u0131 \u0259sas\u0131nda hesablanan indikator \u00fczr\u0259 bu s\u0259viyy\u0259d\u0259 ir\u0259lil\u0259y\u0259n yegan\u0259 \u00f6lk\u0259 Az\u0259rbaycand\u0131r.<\/p>\n<p>\u201c\u00d6lk\u0259d\u0259 t\u0259hsil v\u0259 insan kapital\u0131n\u0131n son v\u0259ziyy\u0259tini \u0259ks etdir\u0259n indikatora hesabat \u201cBacar\u0131qlar\u201d ad\u0131 alt\u0131nda hesablay\u0131r. Orta t\u0259hsilin keyfiyy\u0259ti v\u0259 t\u0259hsil alan \u015fagirdl\u0259rin oxuma d\u00f6vr\u00fc, m\u0259zun olan \u015f\u0259xsl\u0259rin \u015f\u0259xsi inki\u015faflar\u0131 \u00fcz\u0259rind\u0259 i\u015fl\u0259m\u0259si, aktiv \u0259hali aras\u0131nda r\u0259q\u0259msal bacar\u0131qlar \u00fczr\u0259 \u00f6lk\u0259miz alt\u0131\u00a0pill\u0259 ir\u0259lil\u0259yib\u201d, &#8211; dey\u0259 \u0130qtisadi \u0130slahatlar\u0131n T\u0259hlili v\u0259 Kommunikasiya M\u0259rk\u0259zinin analizind\u0259 qeyd olunub.<\/p>\n<p>Ticar\u0259t v\u0259 g\u00f6mr\u00fck siyas\u0259tini \u00f6z\u00fcnd\u0259 \u0259ks etdir\u0259n \u201c\u0259mt\u0259\u0259 bazar\u0131\u201d g\u00f6st\u0259ricisi ii\u00a0sub-indeks\u0259 b\u00f6l\u00fcn\u0259r\u0259k m\u00fcvafiq olaraq \u00f6lk\u0259 daxili r\u0259qab\u0259t v\u0259 ticar\u0259t a\u00e7\u0131ql\u0131\u011f\u0131n\u0131 hesablay\u0131r. G\u00f6st\u0259ricinin hesablanma istiqam\u0259tl\u0259ri bazarlarda inhisar\u00e7\u0131l\u0131q v\u0259 onun s\u0259viyy\u0259si, xidm\u0259t sektorunda r\u0259qab\u0259tlilik, qeyri-tarif t\u0259nziml\u0259m\u0259 t\u0259dbirl\u0259ri, ticar\u0259t tarifl\u0259ri v\u0259 s\u0259rh\u0259d ke\u00e7id m\u0259nt\u0259q\u0259l\u0259rind\u0259 g\u00f6mr\u00fck r\u0259smil\u0259\u015fdirilm\u0259sinin \u00e7evikliyind\u0259n ibar\u0259tdir.<\/p>\n<p>Az\u0259rbaycan \u201c\u0259mt\u0259\u0259 bazar\u0131\u201d g\u00f6st\u0259ricisi \u00fczr\u0259 14 pill\u0259 ir\u0259lil\u0259y\u0259r\u0259k yuxar\u0131da g\u00f6st\u0259ril\u0259n parametrl\u0259r \u00fczr\u0259 y\u00fcks\u0259k bal \u0259ld\u0259 edib.<\/p>\n<p>\u0130\u015f\u00e7il\u0259rin v\u0259 \u0259m\u0259k resurslar\u0131ndan s\u0259m\u0259r\u0259li istifad\u0259ni \u00f6z\u00fcnd\u0259 \u0259ks etdir\u0259n \u201c\u0259m\u0259k bazar\u0131\u201d indikatoru \u00fczr\u0259 son ill\u0259r ciddi islahatlar apar\u0131l\u0131b ki, bu islahatlar\u0131n bir \u00e7ox hiss\u0259si qanunvericilik d\u0259yi\u015fiklikl\u0259rind\u0259n v\u0259 institutsional islahatlardan ibar\u0259tdir.<\/p>\n<p><img src=\"https:\/\/assets.oxu.az\/uploads\/W1siZiIsIjIwMTkvMTAvMTcvMDkvMzcvNTAvNjU2ZjEwOTMtYTU1ZC00ZTUzLWI2NzAtYTM4OWU5NTFhYTQyL3dlZm9ydW0uanBnIl0sWyJwIiwiZW5jb2RlIiwianBnIiwiLXF1YWxpdHkgODAiXSxbInAiLCJ0aHVtYiIsIjU5MHg1OTBcdTAwM2UiXV0?sha=81f725e03fde718b\" alt=\"\" \/><\/p>\n<p>\u201cQlobal R\u0259qab\u0259tlilik \u0130ndeksi\u201d bu istiqam\u0259ti t\u0259zminat x\u0259rcl\u0259ri, i\u015f\u0259g\u00f6t\u00fcrm\u0259 v\u0259 i\u015fd\u0259n \u00e7\u0131xarma, i\u015f\u00e7i-i\u015f\u0259 g\u00f6t\u00fcr\u0259n aras\u0131ndak\u0131 m\u00fcnasib\u0259tl\u0259r, \u0259m\u0259khaqq\u0131 m\u00fc\u0259yy\u0259nl\u0259\u015fm\u0259sind\u0259 \u00e7eviklik v\u0259 \u0259dal\u0259tlilik, \u0259cn\u0259bi i\u015f\u00e7il\u0259rin i\u015f\u0259 q\u0259bulunun asanl\u0131\u011f\u0131, pe\u015f\u0259kar idar\u0259etm\u0259d\u0259 t\u0259hvil verm\u0259 m\u0259d\u0259niyy\u0259ti, i\u015f\u00e7i q\u00fcvv\u0259sind\u0259 qad\u0131nlar\u0131n i\u015ftirak s\u0259viyy\u0259si v\u0259 \u0259m\u0259k haqq\u0131ndan tutulan vergi d\u0259r\u0259c\u0259sind\u0259n ibar\u0259tdir.<\/p>\n<p>\u201c\u018fm\u0259k bazar\u0131\u201d \u00fczr\u0259 Az\u0259rbaycan 19 pill\u0259 ir\u0259lil\u0259y\u0259r\u0259k d\u00fcnya \u00f6lk\u0259l\u0259ri aras\u0131nda 21-ci m\u00f6vqed\u0259 q\u0259rarla\u015f\u0131b. Bundan \u0259lav\u0259, \u0259m\u0259k siyas\u0259tinin daha \u00e7evik h\u0259yata ke\u00e7irilm\u0259si \u00fczr\u0259 0-100 bal \u015fkalas\u0131nda 69,4 bala malikdir.<\/p>\n<p>\u201cBiznesin dinamikliyi\u201d v\u0259 \u201cinnovasiya\u201d son iki g\u00f6st\u0259rici kimi t\u0259hlil oluna bil\u0259r. Az\u0259rbaycan bu kateqoriyalarda m\u00fcvafiq olaraq s\u0259kkiz v\u0259 \u00fc\u00e7\u00a0pill\u0259 ir\u0259lil\u0259y\u0259r\u0259k \u00f6lk\u0259mizin biznes m\u00fchitinin inki\u015faf\u0131 istiqam\u0259ti \u00fczr\u0259 apar\u0131lan intensiv islahatlara adekvat cavab verib.<\/p>\n<p>Sahibkarl\u0131q riskl\u0259rinin t\u0259nziml\u0259nm\u0259si, \u00f6lk\u0259 \u00fczr\u0259 m\u00fcflisl\u0259\u015fm\u0259, biznes\u0259 ba\u015flamaq \u00fc\u00e7\u00fcn s\u0259rf olunan zaman, elm-t\u0259dqiqat x\u0259rcl\u0259ri, patent m\u00fcraci\u0259tl\u0259ri, t\u0259dqiqat institutlar\u0131n\u0131n say\u0131 v\u0259 keyfiyy\u0259ti, biznesd\u0259 innovativ yenilikl\u0259rin t\u0259tbiqi \u00fczr\u0259 Az\u0259rbaycan d\u00fcnya \u00f6lk\u0259l\u0259ri aras\u0131nda y\u00fcks\u0259k bal \u0259ld\u0259 etmi\u015f reytinq\u0259 malikdir.<\/p>\n<p>Yaln\u0131z biznesin dinamikliyi \u00fczr\u0259 Az\u0259rbaycan 141 \u00f6lk\u0259 aras\u0131nda 31-ci m\u00f6vqed\u0259 q\u0259rarla\u015f\u0131b.<\/p>\n<p>\u00d6lk\u0259 ba\u015f\u00e7\u0131s\u0131 m\u00fc\u015favir\u0259d\u0259 deyib ki, bu hesabat Az\u0259rbaycanda apar\u0131lan islahatlar\u0131n ard\u0131c\u0131l xarakter da\u015f\u0131d\u0131\u011f\u0131n\u0131n g\u00f6st\u0259ricisidir.<\/p>\n<p>\u201cB\u00fct\u00fcn bunlar, \u0259lb\u0259tt\u0259 ki, g\u00f6rd\u00fcy\u00fcm\u00fcz i\u015fl\u0259r\u0259 veril\u0259n y\u00fcks\u0259k qiym\u0259tdir. \u018fn b\u00f6y\u00fck qiym\u0259t Az\u0259rbaycan xalq\u0131 t\u0259r\u0259find\u0259n veril\u0259n qiym\u0259tdir. Bu yax\u0131nlarda apar\u0131lan sor\u011fuya \u0259sas\u0259n dem\u0259k olar ki, \u0259halinin m\u00fctl\u0259q \u0259ks\u0259riyy\u0259ti Az\u0259rbaycan r\u0259hb\u0259rliyini, bizim apard\u0131\u011f\u0131m\u0131z siyas\u0259ti birm\u0259nal\u0131 \u015f\u0259kild\u0259 d\u0259st\u0259kl\u0259yir\u201d, &#8211; dey\u0259n Prezident \u00f6lk\u0259d\u0259 islahatlar\u0131n davam ed\u0259c\u0259yi anonsunu da verib:<\/p>\n<p>\u201c\u018flb\u0259tt\u0259 ki, bu d\u0259st\u0259k biz\u0259 g\u00fcc verir, irad\u0259mizi art\u0131r\u0131r. Biz islahatlara daha da b\u00f6y\u00fck h\u0259v\u0259sl\u0259, daha da b\u00f6y\u00fck imkanlarla meyil g\u00f6st\u0259ririk, bu islahatlar\u0131 apar\u0131r\u0131q. Ancaq buna baxmayaraq, \u0259lb\u0259tt\u0259, bir daha dem\u0259k ist\u0259yir\u0259m ki, istifad\u0259 olunmayan kifay\u0259t q\u0259d\u0259r ehtiyatlar var v\u0259 biz bu ehtiyatlar\u0131 a\u015fkar etm\u0259liyik.<\/p>\n<p>El\u0259 etm\u0259liyik ki, Az\u0259rbaycanda h\u0259r bir sah\u0259 \u015f\u0259ffaf olsun v\u0259 \u0259n y\u00fcks\u0259k standartlara cavab versin. \u018flb\u0259tt\u0259 ki, bu m\u0259qs\u0259d\u0259 nail olmaq \u00fc\u00e7\u00fcn korrupsiyaya, r\u00fc\u015fv\u0259txorlu\u011fa qar\u015f\u0131 amans\u0131z m\u00fcbariz\u0259 apar\u0131lmal\u0131d\u0131r\u201d.<\/p>\n","protected":false},"excerpt":{"rendered":"<p>Oktyabr\u0131n 15-d\u0259 Az\u0259rbaycan Prezidenti \u0130lham \u018fliyevin yan\u0131nda iqtisadi m\u00fc\u015favir\u0259 ke\u00e7irilib. M\u00fc\u015favir\u0259d\u0259 2019-cu ilin doqquz\u00a0ay\u0131n\u0131n sosial-iqtisadi yekunlar\u0131 v\u0259 2020-ci ilin d\u00f6vl\u0259t v\u0259 icmal b\u00fcdc\u0259si layih\u0259l\u0259ri m\u00fczakir\u0259 edilib. Prezident \u0130lham \u018fliyev m\u00fc\u015favir\u0259d\u0259 \u00e7\u0131x\u0131\u015f edib. \u00d6lk\u0259 ba\u015f\u00e7\u0131s\u0131 Az\u0259rbaycan\u0131n iqtisadi sah\u0259d\u0259 \u0259ld\u0259 etdiyi nailiyy\u0259tl\u0259r bar\u0259d\u0259 dan\u0131\u015f\u0131b. O bildirib ki, Az\u0259rbaycan D\u00fcnya Bank\u0131n\u0131n n\u00fcfuzlu \u201cDoing Business\u201d hesabat\u0131nda \u00a0biznes m\u00fchitin\u0259 g\u00f6r\u0259 d\u00fcnya miqyas\u0131nda 25-ci yerd\u0259dir. Son hesabatda Az\u0259rbaycan yen\u0259 d\u0259 20 \u0259n islahat\u00e7\u0131 \u00f6lk\u0259 s\u0131ras\u0131nda yer al\u0131b. Hesabatda g\u00f6st\u0259rilib ki, Az\u0259rbaycan \u0259mlak\u0131n qeydiyyat\u0131, kreditl\u0259rin al\u0131nmas\u0131, minoritar investorlar\u0131n h\u00fcquqlar\u0131n\u0131n qorunmas\u0131 v\u0259 m\u00fcqavil\u0259l\u0259rin icras\u0131n\u0131n t\u0259min edilm\u0259si sah\u0259sind\u0259 sahibkarl\u0131q&hellip;<\/p>\n","protected":false},"author":2,"featured_media":86550,"comment_status":"closed","ping_status":"closed","sticky":false,"template":"","format":"standard","meta":{"om_disable_all_campaigns":false,"_monsterinsights_skip_tracking":false,"_monsterinsights_sitenote_active":false,"_monsterinsights_sitenote_note":"","_monsterinsights_sitenote_category":0},"categories":[8],"tags":[],"aioseo_notices":[],"gutentor_comment":0,"rttpg_featured_image_url":{"full":["https:\/\/arantv.az\/wp-content\/uploads\/2019\/10\/m\u00c3\u00bc\u00c5_avir\u00c9_-2.jpg",590,393,false],"landscape":["https:\/\/arantv.az\/wp-content\/uploads\/2019\/10\/m\u00c3\u00bc\u00c5_avir\u00c9_-2.jpg",590,393,false],"portraits":["https:\/\/arantv.az\/wp-content\/uploads\/2019\/10\/m\u00c3\u00bc\u00c5_avir\u00c9_-2.jpg",590,393,false],"thumbnail":["https:\/\/arantv.az\/wp-content\/uploads\/2019\/10\/m\u00c3\u00bc\u00c5_avir\u00c9_-2-150x150.jpg",150,150,true],"medium":["https:\/\/arantv.az\/wp-content\/uploads\/2019\/10\/m\u00c3\u00bc\u00c5_avir\u00c9_-2-300x200.jpg",300,200,true],"large":["https:\/\/arantv.az\/wp-content\/uploads\/2019\/10\/m\u00c3\u00bc\u00c5_avir\u00c9_-2.jpg",590,393,false],"1536x1536":["https:\/\/arantv.az\/wp-content\/uploads\/2019\/10\/m\u00c3\u00bc\u00c5_avir\u00c9_-2.jpg",590,393,false],"2048x2048":["https:\/\/arantv.az\/wp-content\/uploads\/2019\/10\/m\u00c3\u00bc\u00c5_avir\u00c9_-2.jpg",590,393,false],"post-thumbnail":["https:\/\/arantv.az\/wp-content\/uploads\/2019\/10\/m\u00c3\u00bc\u00c5_avir\u00c9_-2-240x172.jpg",240,172,true],"advps-thumb-one":["https:\/\/arantv.az\/wp-content\/uploads\/2019\/10\/m\u00c3\u00bc\u00c5_avir\u00c9_-2.jpg",590,393,false]},"rttpg_author":{"display_name":"V\u00fcsal Rafiqo\u011flu","author_link":"https:\/\/arantv.az\/?author=2"},"rttpg_comment":0,"rttpg_category":"<a href=\"https:\/\/arantv.az\/?cat=8\" rel=\"category\">\u018fsas s\u0259hif\u0259<\/a>","rttpg_excerpt":"Oktyabr\u0131n 15-d\u0259 Az\u0259rbaycan Prezidenti \u0130lham \u018fliyevin yan\u0131nda iqtisadi m\u00fc\u015favir\u0259 ke\u00e7irilib. M\u00fc\u015favir\u0259d\u0259 2019-cu ilin doqquz\u00a0ay\u0131n\u0131n sosial-iqtisadi yekunlar\u0131 v\u0259 2020-ci ilin d\u00f6vl\u0259t v\u0259 icmal b\u00fcdc\u0259si layih\u0259l\u0259ri m\u00fczakir\u0259 edilib. Prezident \u0130lham \u018fliyev m\u00fc\u015favir\u0259d\u0259 \u00e7\u0131x\u0131\u015f edib. \u00d6lk\u0259 ba\u015f\u00e7\u0131s\u0131 Az\u0259rbaycan\u0131n iqtisadi sah\u0259d\u0259 \u0259ld\u0259 etdiyi nailiyy\u0259tl\u0259r bar\u0259d\u0259 dan\u0131\u015f\u0131b. O bildirib ki, Az\u0259rbaycan D\u00fcnya Bank\u0131n\u0131n n\u00fcfuzlu \u201cDoing Business\u201d hesabat\u0131nda \u00a0biznes m\u00fchitin\u0259 g\u00f6r\u0259&hellip;","_links":{"self":[{"href":"https:\/\/arantv.az\/index.php?rest_route=\/wp\/v2\/posts\/86549"}],"collection":[{"href":"https:\/\/arantv.az\/index.php?rest_route=\/wp\/v2\/posts"}],"about":[{"href":"https:\/\/arantv.az\/index.php?rest_route=\/wp\/v2\/types\/post"}],"author":[{"embeddable":true,"href":"https:\/\/arantv.az\/index.php?rest_route=\/wp\/v2\/users\/2"}],"replies":[{"embeddable":true,"href":"https:\/\/arantv.az\/index.php?rest_route=%2Fwp%2Fv2%2Fcomments&post=86549"}],"version-history":[{"count":0,"href":"https:\/\/arantv.az\/index.php?rest_route=\/wp\/v2\/posts\/86549\/revisions"}],"wp:featuredmedia":[{"embeddable":true,"href":"https:\/\/arantv.az\/index.php?rest_route=\/wp\/v2\/media\/86550"}],"wp:attachment":[{"href":"https:\/\/arantv.az\/index.php?rest_route=%2Fwp%2Fv2%2Fmedia&parent=86549"}],"wp:term":[{"taxonomy":"category","embeddable":true,"href":"https:\/\/arantv.az\/index.php?rest_route=%2Fwp%2Fv2%2Fcategories&post=86549"},{"taxonomy":"post_tag","embeddable":true,"href":"https:\/\/arantv.az\/index.php?rest_route=%2Fwp%2Fv2%2Ftags&post=86549"}],"curies":[{"name":"wp","href":"https:\/\/api.w.org\/{rel}","templated":true}]}}