{"id":86553,"date":"2019-10-17T09:49:18","date_gmt":"2019-10-17T06:49:18","guid":{"rendered":"http:\/\/arantv.az\/?p=86553"},"modified":"2019-10-17T09:49:18","modified_gmt":"2019-10-17T06:49:18","slug":"turkiy%c9%99-ordusu-673-terrorcunu-z%c9%99r%c9%99rl%c9%99sdirdi","status":"publish","type":"post","link":"https:\/\/arantv.az\/?p=86553","title":{"rendered":"T\u00fcrkiy\u0259 ordusu 673 terror\u00e7unu z\u0259r\u0259rl\u0259\u015fdirdi"},"content":{"rendered":"<p>T\u00fcrkiy\u0259nin Suriyan\u0131n \u015fimal\u0131nda ba\u015flatd\u0131\u011f\u0131 \u201cBar\u0131\u015f p\u0131nar\u0131\u201d h\u0259rbi \u0259m\u0259liyyatlar\u0131 \u00e7\u0259r\u00e7iv\u0259sind\u0259 673 PKK\/YPG terror\u00e7usu\u00a0z\u0259r\u0259rl\u0259\u015fdirilib.<\/p>\n<p>Bu bar\u0259d\u0259 T\u00fcrkiy\u0259 Milli M\u00fcdafi\u0259 Nazirliyi m\u0259lumat\u00a0<a href=\"http:\/\/www.milliyet.com.tr\/gundem\/msbden-son-dakika-aciklamasi-sayi-673e-yukseldi-6059080\" target=\"_blank\" rel=\"noopener\">yay\u0131b<\/a>.<\/p>\n<div id=\"AdviadNativeVideo0\" class=\"AdviadNativeVideo\"><\/div>\n<p>Buna q\u0259d\u0259r 6375 terror\u00e7unun z\u0259r\u0259rsizl\u0259\u015fdirildiyi deyilirdi.<\/p>\n<p>Qeyd ed\u0259k ki, T\u00fcrkiy\u0259 oktyabr\u0131n 9-dan etibar\u0259n Suriyada antiterror \u0259m\u0259liyyatlar\u0131na ba\u015flay\u0131b.<\/p>\n","protected":false},"excerpt":{"rendered":"<p>T\u00fcrkiy\u0259nin Suriyan\u0131n \u015fimal\u0131nda ba\u015flatd\u0131\u011f\u0131 \u201cBar\u0131\u015f p\u0131nar\u0131\u201d h\u0259rbi \u0259m\u0259liyyatlar\u0131 \u00e7\u0259r\u00e7iv\u0259sind\u0259 673 PKK\/YPG terror\u00e7usu\u00a0z\u0259r\u0259rl\u0259\u015fdirilib. Bu bar\u0259d\u0259 T\u00fcrkiy\u0259 Milli M\u00fcdafi\u0259 Nazirliyi m\u0259lumat\u00a0yay\u0131b. Buna q\u0259d\u0259r 6375 terror\u00e7unun z\u0259r\u0259rsizl\u0259\u015fdirildiyi deyilirdi. Qeyd ed\u0259k ki, T\u00fcrkiy\u0259 oktyabr\u0131n 9-dan etibar\u0259n Suriyada antiterror \u0259m\u0259liyyatlar\u0131na ba\u015flay\u0131b.<\/p>\n","protected":false},"author":2,"featured_media":86554,"comment_status":"closed","ping_status":"closed","sticky":false,"template":"","format":"standard","meta":{"om_disable_all_campaigns":false,"_monsterinsights_skip_tracking":false,"_monsterinsights_sitenote_active":false,"_monsterinsights_sitenote_note":"","_monsterinsights_sitenote_category":0},"categories":[7],"tags":[],"aioseo_notices":[],"gutentor_comment":0,"rttpg_featured_image_url":{"full":["https:\/\/arantv.az\/wp-content\/uploads\/2019\/10\/0x0-32.jpg",619,347,false],"landscape":["https:\/\/arantv.az\/wp-content\/uploads\/2019\/10\/0x0-32.jpg",619,347,false],"portraits":["https:\/\/arantv.az\/wp-content\/uploads\/2019\/10\/0x0-32.jpg",619,347,false],"thumbnail":["https:\/\/arantv.az\/wp-content\/uploads\/2019\/10\/0x0-32-150x150.jpg",150,150,true],"medium":["https:\/\/arantv.az\/wp-content\/uploads\/2019\/10\/0x0-32-300x168.jpg",300,168,true],"large":["https:\/\/arantv.az\/wp-content\/uploads\/2019\/10\/0x0-32.jpg",619,347,false],"1536x1536":["https:\/\/arantv.az\/wp-content\/uploads\/2019\/10\/0x0-32.jpg",619,347,false],"2048x2048":["https:\/\/arantv.az\/wp-content\/uploads\/2019\/10\/0x0-32.jpg",619,347,false],"post-thumbnail":["https:\/\/arantv.az\/wp-content\/uploads\/2019\/10\/0x0-32-240x172.jpg",240,172,true],"advps-thumb-one":["https:\/\/arantv.az\/wp-content\/uploads\/2019\/10\/0x0-32.jpg",619,347,false]},"rttpg_author":{"display_name":"V\u00fcsal Rafiqo\u011flu","author_link":"https:\/\/arantv.az\/?author=2"},"rttpg_comment":0,"rttpg_category":"<a href=\"https:\/\/arantv.az\/?cat=7\" rel=\"category\">D\u00fcnya<\/a>","rttpg_excerpt":"T\u00fcrkiy\u0259nin Suriyan\u0131n \u015fimal\u0131nda ba\u015flatd\u0131\u011f\u0131 \u201cBar\u0131\u015f p\u0131nar\u0131\u201d h\u0259rbi \u0259m\u0259liyyatlar\u0131 \u00e7\u0259r\u00e7iv\u0259sind\u0259 673 PKK\/YPG terror\u00e7usu\u00a0z\u0259r\u0259rl\u0259\u015fdirilib. Bu bar\u0259d\u0259 T\u00fcrkiy\u0259 Milli M\u00fcdafi\u0259 Nazirliyi m\u0259lumat\u00a0yay\u0131b. Buna q\u0259d\u0259r 6375 terror\u00e7unun z\u0259r\u0259rsizl\u0259\u015fdirildiyi deyilirdi. Qeyd ed\u0259k ki, T\u00fcrkiy\u0259 oktyabr\u0131n 9-dan etibar\u0259n Suriyada antiterror \u0259m\u0259liyyatlar\u0131na ba\u015flay\u0131b.","_links":{"self":[{"href":"https:\/\/arantv.az\/index.php?rest_route=\/wp\/v2\/posts\/86553"}],"collection":[{"href":"https:\/\/arantv.az\/index.php?rest_route=\/wp\/v2\/posts"}],"about":[{"href":"https:\/\/arantv.az\/index.php?rest_route=\/wp\/v2\/types\/post"}],"author":[{"embeddable":true,"href":"https:\/\/arantv.az\/index.php?rest_route=\/wp\/v2\/users\/2"}],"replies":[{"embeddable":true,"href":"https:\/\/arantv.az\/index.php?rest_route=%2Fwp%2Fv2%2Fcomments&post=86553"}],"version-history":[{"count":0,"href":"https:\/\/arantv.az\/index.php?rest_route=\/wp\/v2\/posts\/86553\/revisions"}],"wp:featuredmedia":[{"embeddable":true,"href":"https:\/\/arantv.az\/index.php?rest_route=\/wp\/v2\/media\/86554"}],"wp:attachment":[{"href":"https:\/\/arantv.az\/index.php?rest_route=%2Fwp%2Fv2%2Fmedia&parent=86553"}],"wp:term":[{"taxonomy":"category","embeddable":true,"href":"https:\/\/arantv.az\/index.php?rest_route=%2Fwp%2Fv2%2Fcategories&post=86553"},{"taxonomy":"post_tag","embeddable":true,"href":"https:\/\/arantv.az\/index.php?rest_route=%2Fwp%2Fv2%2Ftags&post=86553"}],"curies":[{"name":"wp","href":"https:\/\/api.w.org\/{rel}","templated":true}]}}