{"id":86562,"date":"2019-10-17T10:01:18","date_gmt":"2019-10-17T07:01:18","guid":{"rendered":"http:\/\/arantv.az\/?p=86562"},"modified":"2019-10-17T10:01:18","modified_gmt":"2019-10-17T07:01:18","slug":"turkoloq-x%c9%99z%c9%99r-xaqanligi-dovrund%c9%99ki-turk-birliyini-turk-%c9%99dal%c9%99tini-yenid%c9%99n-ortaya-qoymaq-lazimdir","status":"publish","type":"post","link":"https:\/\/arantv.az\/?p=86562","title":{"rendered":"T\u00fcrkoloq: &#8220;X\u0259z\u0259r xaqanl\u0131\u011f\u0131 d\u00f6vr\u00fcnd\u0259ki T\u00fcrk birliyini, T\u00fcrk \u0259dal\u0259tini yenid\u0259n ortaya qoymaq laz\u0131md\u0131r&#8221;"},"content":{"rendered":"<blockquote><p><em><strong>Sovetl\u0259r Birliyinin da\u011f\u0131lmas\u0131ndan sonra Az\u0259rbaycan-T\u00fcrkiy\u0259, el\u0259c\u0259 d\u0259 Az\u0259rbaycan il\u0259 Qazax\u0131stan v\u0259 Orta Asiya \u00f6lk\u0259l\u0259ri aras\u0131nda bir \u00e7ox sah\u0259l\u0259rd\u0259 \u0259laq\u0259l\u0259r qurulub v\u0259 inki\u015faf etdirilir.<\/strong><\/em><\/p><\/blockquote>\n<p><strong>ARANTV.AZ<\/strong>\u00a0 x\u0259b\u0259r verir ki, bunu\u00a0<a href=\"https:\/\/az.trend.az\/\" target=\"_blank\" rel=\"noopener\">Trend<\/a>-\u0259 AMEA F\u0259ls\u0259f\u0259 \u0130nstitutunun apar\u0131c\u0131 elmi i\u015f\u00e7isi, t\u00fcrkoloq, dosent Faiq \u018fl\u0259kb\u0259rov deyib.<\/p>\n<p>O hesab edir ki, m\u00f6vcud v\u0259ziyy\u0259tl\u0259 kifay\u0259tl\u0259nm\u0259k olmaz, qar\u015f\u0131l\u0131ql\u0131 \u0259laq\u0259l\u0259rin inki\u015faf\u0131nda daha \u00e7ox i\u015f g\u00f6r\u00fclm\u0259lidir.<\/p>\n<p>Alim \u0259lav\u0259 edib ki, 20-25 il bundan \u0259vv\u0259l t\u00fcrkdilli d\u00f6vl\u0259tl\u0259r aras\u0131nda z\u0259if m\u00fcnasib\u0259tl\u0259rin oldu\u011fu sirr deyil. Lakin t\u00fcrk d\u00f6vl\u0259tl\u0259rinin sammitinin t\u0259sisi m\u00f6vcud \u0259laq\u0259l\u0259rin inki\u015faf\u0131nda getdikc\u0259 \u00e7ox m\u00fch\u00fcm rol oynay\u0131r: &#8220;Daha sonra yarad\u0131lm\u0131\u015f T\u00dcRKSOY, T\u00fcrk \u015euras\u0131, T\u00fcrk Xalqlar\u0131n\u0131n Parlament Assambleyas\u0131 t\u00fcrk d\u00f6vl\u0259tl\u0259ri aras\u0131ndak\u0131 m\u00fcnasib\u0259tl\u0259ri yeni bir m\u0259rh\u0259l\u0259y\u0259 qald\u0131rma\u011fa m\u00fcv\u0259ff\u0259q olub. Bunlar Az\u0259rbaycan il\u0259 T\u00fcrk d\u00fcnyas\u0131 aras\u0131ndak\u0131 \u0259m\u0259kda\u015fl\u0131\u011f\u0131 da inki\u015faf etdir\u0259 bilib. B\u00fct\u00fcn bunlar olduqca \u0259h\u0259miyy\u0259tli olsa da, onlarla kifay\u0259tl\u0259nm\u0259k olmaz, movcud v\u0259ziyy\u0259ti bir \u00fcst s\u0259viyy\u0259y\u0259 qald\u0131rmaq laz\u0131md\u0131r. X\u00fcsusil\u0259, h\u0259rbi-siyasi sah\u0259d\u0259 \u0259m\u0259kda\u015fl\u0131\u011f\u0131n edilm\u0259si m\u00fch\u00fcm \u0259h\u0259miyy\u0259t k\u0259sb edir&#8221;.<\/p>\n<p>T\u00fcrkoloq alim bildirib ki, T\u00fcrk birliyinin qurulmas\u0131nda T\u00fcrk d\u00f6vl\u0259t ba\u015f\u00e7\u0131lar\u0131n\u0131n daha c\u0259sar\u0259tli olmas\u0131 vacibdir: &#8220;Unutmayaq ki, Rusiya, AB\u015e v\u0259 Avropa Birliyinin maraqlar\u0131 T\u00fcrk d\u00f6vl\u0259tl\u0259ri aras\u0131nda \u0259laq\u0259l\u0259rin inki\u015faf\u0131na ziddir. Amma b\u0259dg\u00fcman olma\u011fa d\u0259ym\u0259z. Bel\u0259 ki, b\u00fct\u00fcn \u00e7\u0259tinlikl\u0259r\u0259 baxmayaraq, \u00f6t\u0259n d\u00f6vrl\u0259 m\u00fcqayis\u0259d\u0259 XX \u0259srin sonu-XXI \u0259srd\u0259 bu \u0259laq\u0259l\u0259rd\u0259 xeyli yeni m\u00fcsb\u0259t ir\u0259lil\u0259yi\u015fl\u0259r var. Ancaq yet\u0259r ki, bununla kifay\u0259tl\u0259nm\u0259y\u0259k, yerimizd\u0259 durmayaq&#8221;.<\/p>\n<p>F.\u018fl\u0259kb\u0259rov \u0259lav\u0259 edib ki, taley\u00fckl\u00fc m\u0259s\u0259l\u0259l\u0259rd\u0259 T\u00fcrk d\u00f6vl\u0259tl\u0259ri bir-birin\u0259 d\u0259st\u0259k olmal\u0131d\u0131r. Ancaq t\u0259\u0259ss\u00fcf ki, Qaraba\u011f kimi problemd\u0259 bu birg\u0259liyi g\u00f6rm\u00fcr\u00fck: &#8220;Bir zamanlar Qazax\u0131stan bu m\u0259s\u0259l\u0259y\u0259 bir q\u0259d\u0259r h\u0259ssasl\u0131q g\u00f6st\u0259rirdi, indi o da geri add\u0131m atm\u0131\u015f kimi g\u00f6r\u00fcn\u00fcr. Bu da t\u0259sad\u00fcf deyil. Rusiyan\u0131n t\u0259zyiqi bu v\u0259 ya dig\u0259r \u015f\u0259kild\u0259 \u00f6z\u00fcn\u00fc biruz\u0259 verm\u0259kd\u0259dir. \u00dcmumiyy\u0259tl\u0259, siyasi m\u0259s\u0259l\u0259l\u0259rd\u0259 par\u00e7alanmaya yol verm\u0259k olmaz&#8221;.<\/p>\n<p>Alim \u00fcmid edir ki, T\u00fcrk \u015euras\u0131n\u0131n Bak\u0131da ke\u00e7iril\u0259n n\u00f6vb\u0259ti toplant\u0131s\u0131 T\u00fcrk birliyi yolunda u\u011furlu bir m\u0259rh\u0259l\u0259 olacaq. Onun s\u00f6zl\u0259rin\u0259 g\u00f6r\u0259, Bak\u0131da T\u00fcrk d\u00f6vl\u0259tl\u0259rinin ba\u015f\u00e7\u0131lar\u0131n\u0131n birlik v\u0259 b\u0259rab\u0259rlik, ortaq soy k\u00f6k, ortaq tarix, ortaq dil t\u0259klifl\u0259ri d\u0259 t\u0259qdir\u0259layiq hald\u0131r.<\/p>\n<p>F.\u018fl\u0259kb\u0259rovun fikrinc\u0259, bir zamanlar m\u00f6vcud olan Hun imperiyas\u0131n\u0131n, X\u0259z\u0259r xaqanl\u0131\u011f\u0131n\u0131n, S\u0259lcuqlar\u0131n v\u0259 ba\u015fqa T\u00fcrk d\u00f6vl\u0259tl\u0259rinin d\u00f6vr\u00fcnd\u0259ki birliyi yenid\u0259n b\u0259rpa etm\u0259k zaman\u0131d\u0131r: &#8220;X\u00fcsusil\u0259, X\u0259z\u0259r xaqanl\u0131\u011f\u0131 d\u00f6vr\u00fcnd\u0259ki T\u00fcrk birliyini, o c\u00fcml\u0259d\u0259n, T\u00fcrk \u0259dal\u0259tini, T\u00fcrk h\u00fcququnu, T\u00fcrk demokratiyas\u0131n\u0131 yenid\u0259n ortaya qoymaq laz\u0131md\u0131r.<\/p>\n<p>\u018fg\u0259r X\u0259z\u0259r xaqanl\u0131\u011f\u0131n\u0131n m\u0259rk\u0259zinin d\u0259 Az\u0259rbaycan oldu\u011fu n\u0259z\u0259r\u0259 al\u0131narsa, onda hesab etm\u0259k olar ki, T\u00fcrk Birliyinin varl\u0131\u011f\u0131 yolunda Az\u0259rbaycan\u0131n m\u00fcst\u0259sna rolu olacaq&#8221;.<\/p>\n","protected":false},"excerpt":{"rendered":"<p>Sovetl\u0259r Birliyinin da\u011f\u0131lmas\u0131ndan sonra Az\u0259rbaycan-T\u00fcrkiy\u0259, el\u0259c\u0259 d\u0259 Az\u0259rbaycan il\u0259 Qazax\u0131stan v\u0259 Orta Asiya \u00f6lk\u0259l\u0259ri aras\u0131nda bir \u00e7ox sah\u0259l\u0259rd\u0259 \u0259laq\u0259l\u0259r qurulub v\u0259 inki\u015faf etdirilir. ARANTV.AZ\u00a0 x\u0259b\u0259r verir ki, bunu\u00a0Trend-\u0259 AMEA F\u0259ls\u0259f\u0259 \u0130nstitutunun apar\u0131c\u0131 elmi i\u015f\u00e7isi, t\u00fcrkoloq, dosent Faiq \u018fl\u0259kb\u0259rov deyib. O hesab edir ki, m\u00f6vcud v\u0259ziyy\u0259tl\u0259 kifay\u0259tl\u0259nm\u0259k olmaz, qar\u015f\u0131l\u0131ql\u0131 \u0259laq\u0259l\u0259rin inki\u015faf\u0131nda daha \u00e7ox i\u015f g\u00f6r\u00fclm\u0259lidir. Alim \u0259lav\u0259 edib ki, 20-25 il bundan \u0259vv\u0259l t\u00fcrkdilli d\u00f6vl\u0259tl\u0259r aras\u0131nda z\u0259if m\u00fcnasib\u0259tl\u0259rin oldu\u011fu sirr deyil. Lakin t\u00fcrk d\u00f6vl\u0259tl\u0259rinin sammitinin t\u0259sisi m\u00f6vcud \u0259laq\u0259l\u0259rin inki\u015faf\u0131nda getdikc\u0259 \u00e7ox m\u00fch\u00fcm rol oynay\u0131r: &#8220;Daha sonra yarad\u0131lm\u0131\u015f T\u00dcRKSOY, T\u00fcrk \u015euras\u0131, T\u00fcrk&hellip;<\/p>\n","protected":false},"author":2,"featured_media":86563,"comment_status":"closed","ping_status":"closed","sticky":false,"template":"","format":"standard","meta":{"om_disable_all_campaigns":false,"_monsterinsights_skip_tracking":false,"_monsterinsights_sitenote_active":false,"_monsterinsights_sitenote_note":"","_monsterinsights_sitenote_category":0},"categories":[4],"tags":[],"aioseo_notices":[],"gutentor_comment":0,"rttpg_featured_image_url":{"full":["https:\/\/arantv.az\/wp-content\/uploads\/2019\/10\/794924.jpg",800,600,false],"landscape":["https:\/\/arantv.az\/wp-content\/uploads\/2019\/10\/794924.jpg",800,600,false],"portraits":["https:\/\/arantv.az\/wp-content\/uploads\/2019\/10\/794924.jpg",800,600,false],"thumbnail":["https:\/\/arantv.az\/wp-content\/uploads\/2019\/10\/794924-150x150.jpg",150,150,true],"medium":["https:\/\/arantv.az\/wp-content\/uploads\/2019\/10\/794924-300x225.jpg",300,225,true],"large":["https:\/\/arantv.az\/wp-content\/uploads\/2019\/10\/794924.jpg",640,480,false],"1536x1536":["https:\/\/arantv.az\/wp-content\/uploads\/2019\/10\/794924.jpg",800,600,false],"2048x2048":["https:\/\/arantv.az\/wp-content\/uploads\/2019\/10\/794924.jpg",800,600,false],"post-thumbnail":["https:\/\/arantv.az\/wp-content\/uploads\/2019\/10\/794924-240x172.jpg",240,172,true],"advps-thumb-one":["https:\/\/arantv.az\/wp-content\/uploads\/2019\/10\/794924.jpg",800,600,false]},"rttpg_author":{"display_name":"V\u00fcsal Rafiqo\u011flu","author_link":"https:\/\/arantv.az\/?author=2"},"rttpg_comment":0,"rttpg_category":"<a href=\"https:\/\/arantv.az\/?cat=4\" rel=\"category\">Siyas\u0259t<\/a>","rttpg_excerpt":"Sovetl\u0259r Birliyinin da\u011f\u0131lmas\u0131ndan sonra Az\u0259rbaycan-T\u00fcrkiy\u0259, el\u0259c\u0259 d\u0259 Az\u0259rbaycan il\u0259 Qazax\u0131stan v\u0259 Orta Asiya \u00f6lk\u0259l\u0259ri aras\u0131nda bir \u00e7ox sah\u0259l\u0259rd\u0259 \u0259laq\u0259l\u0259r qurulub v\u0259 inki\u015faf etdirilir. ARANTV.AZ\u00a0 x\u0259b\u0259r verir ki, bunu\u00a0Trend-\u0259 AMEA F\u0259ls\u0259f\u0259 \u0130nstitutunun apar\u0131c\u0131 elmi i\u015f\u00e7isi, t\u00fcrkoloq, dosent Faiq \u018fl\u0259kb\u0259rov deyib. O hesab edir ki, m\u00f6vcud v\u0259ziyy\u0259tl\u0259 kifay\u0259tl\u0259nm\u0259k olmaz, qar\u015f\u0131l\u0131ql\u0131 \u0259laq\u0259l\u0259rin inki\u015faf\u0131nda daha \u00e7ox i\u015f g\u00f6r\u00fclm\u0259lidir. Alim&hellip;","_links":{"self":[{"href":"https:\/\/arantv.az\/index.php?rest_route=\/wp\/v2\/posts\/86562"}],"collection":[{"href":"https:\/\/arantv.az\/index.php?rest_route=\/wp\/v2\/posts"}],"about":[{"href":"https:\/\/arantv.az\/index.php?rest_route=\/wp\/v2\/types\/post"}],"author":[{"embeddable":true,"href":"https:\/\/arantv.az\/index.php?rest_route=\/wp\/v2\/users\/2"}],"replies":[{"embeddable":true,"href":"https:\/\/arantv.az\/index.php?rest_route=%2Fwp%2Fv2%2Fcomments&post=86562"}],"version-history":[{"count":0,"href":"https:\/\/arantv.az\/index.php?rest_route=\/wp\/v2\/posts\/86562\/revisions"}],"wp:featuredmedia":[{"embeddable":true,"href":"https:\/\/arantv.az\/index.php?rest_route=\/wp\/v2\/media\/86563"}],"wp:attachment":[{"href":"https:\/\/arantv.az\/index.php?rest_route=%2Fwp%2Fv2%2Fmedia&parent=86562"}],"wp:term":[{"taxonomy":"category","embeddable":true,"href":"https:\/\/arantv.az\/index.php?rest_route=%2Fwp%2Fv2%2Fcategories&post=86562"},{"taxonomy":"post_tag","embeddable":true,"href":"https:\/\/arantv.az\/index.php?rest_route=%2Fwp%2Fv2%2Ftags&post=86562"}],"curies":[{"name":"wp","href":"https:\/\/api.w.org\/{rel}","templated":true}]}}