{"id":86566,"date":"2019-10-17T10:02:25","date_gmt":"2019-10-17T07:02:25","guid":{"rendered":"http:\/\/arantv.az\/?p=86566"},"modified":"2019-10-17T10:02:25","modified_gmt":"2019-10-17T07:02:25","slug":"az%c9%99rbaycanda-sosial-mudafi%c9%99-sah%c9%99sind%c9%99-h%c9%99yata-keciril%c9%99n-islahatlar-dunya-miqyasinda-numun%c9%99-ola-bil%c9%99r-deputat","status":"publish","type":"post","link":"https:\/\/arantv.az\/?p=86566","title":{"rendered":"&#8220;Az\u0259rbaycanda sosial m\u00fcdafi\u0259 sah\u0259sind\u0259 h\u0259yata ke\u00e7iril\u0259n islahatlar d\u00fcnya miqyas\u0131nda n\u00fcmun\u0259 ola bil\u0259r&#8221; &#8211; Deputat"},"content":{"rendered":"<blockquote><p><em><strong>Prezident \u0130lham \u018fliyev daim Az\u0259rbaycan v\u0259t\u0259nda\u015flar\u0131n\u0131n sosial m\u00fcdafi\u0259sinin g\u00fccl\u0259ndirilm\u0259sin\u0259 b\u00f6y\u00fck diqq\u0259t yetirir. D\u00f6vl\u0259t ba\u015f\u00e7\u0131s\u0131n\u0131n h\u0259yata ke\u00e7irdiyi siyas\u0259tin m\u0259rk\u0259zind\u0259 Az\u0259rbaycan v\u0259t\u0259nda\u015f\u0131, onun rifah\u0131 v\u0259 t\u0259hl\u00fck\u0259sizliyi dayan\u0131r.<\/strong><\/em><\/p><\/blockquote>\n<p><strong>ARANTV.AZ<\/strong> x\u0259b\u0259r verir ki, bunu\u00a0<a href=\"https:\/\/az.trend.az\/\" target=\"_blank\" rel=\"noopener\">Trend<\/a>-\u0259 a\u00e7\u0131qlamas\u0131nda Milli M\u0259clisin deputat\u0131 B\u0259xtiyar \u018fliyev deyib.<\/p>\n<p>B.\u018fliyev bildirib ki, Prezident \u0130lham \u018fliyev t\u0259r\u0259find\u0259n t\u0259kc\u0259 bu il \u0259rzind\u0259 h\u0259yata ke\u00e7iril\u0259n sosial islahatlar paketi \u00f6lk\u0259d\u0259 v\u0259t\u0259nda\u015fa n\u0259 q\u0259d\u0259r d\u0259y\u0259r verildiyinin ayd\u0131n g\u00f6st\u0259ricisidir:<\/p>\n<p>&#8220;Bu islahatlar n\u0259tic\u0259sind\u0259 4 milyon 200 mind\u0259n \u00e7ox insan\u0131n maddi v\u0259ziyy\u0259ti yax\u015f\u0131la\u015fd\u0131, pensiyalar, \u0259m\u0259k haqlar\u0131, m\u00fcavin\u0259tl\u0259r art\u0131r\u0131ld\u0131. Az\u0259rbaycanda minimum \u0259m\u0259khaqq\u0131n\u0131n bir ild\u0259 iki d\u0259f\u0259 art\u0131r\u0131lmas\u0131 n\u0259tic\u0259sind\u0259 \u00f6lk\u0259miz bu g\u00f6st\u0259rici \u00fczr\u0259 MDB-d\u0259 1-ci yerd\u0259 q\u0259rarla\u015fd\u0131.<\/p>\n<p>Prezident \u0130lham \u018fliyevin m\u00fcvafiq s\u0259r\u0259ncamlar\u0131 il\u0259 sentyabr ay\u0131n\u0131n 1-d\u0259n minimum ayl\u0131q \u0259m\u0259khaqq\u0131 180 manatdan 250 manata \u00e7atd\u0131r\u0131ld\u0131, d\u00f6vl\u0259t qulluq\u00e7ular\u0131n\u0131n ayl\u0131q v\u0259zif\u0259 maa\u015flar\u0131 50 faiz, h\u0259rbi v\u0259 h\u00fcquq-m\u00fchafiz\u0259 orqanlar\u0131n\u0131n x\u00fcsusi r\u00fctb\u0259li \u0259m\u0259kda\u015flar\u0131n\u0131n v\u0259 m\u00fclki i\u015f\u00e7il\u0259rinin \u0259m\u0259khaqlar\u0131 40 faiz, d\u00f6vl\u0259t \u00fcmumi t\u0259hsil v\u0259 pe\u015f\u0259 t\u0259hsili m\u00fc\u0259ssis\u0259l\u0259rind\u0259 \u00e7al\u0131\u015fan bilik v\u0259 bacar\u0131qlar\u0131n\u0131n diaqnostik qiym\u0259tl\u0259ndirilm\u0259si apar\u0131lan m\u00fc\u0259lliml\u0259rin vahid ayl\u0131q v\u0259zif\u0259 maa\u015flar\u0131 orta hesabla 20 faiz, d\u00f6vl\u0259t b\u00fcdc\u0259sind\u0259n maliyy\u0259l\u0259\u015f\u0259n bir s\u0131ra dig\u0259r t\u0259\u015fkilatlarda \u00e7al\u0131\u015fan \u015f\u0259xsl\u0259rin ayl\u0131q v\u0259zif\u0259 maa\u015flar\u0131 orta hesabla 40 faiz art\u0131r\u0131ld\u0131&#8221;.<\/p>\n<p>Deputat vur\u011fulay\u0131b ki, d\u00fcnyan\u0131n he\u00e7 bir \u00f6lk\u0259sind\u0259 q\u0131sa m\u00fcdd\u0259t \u0259rzind\u0259 bu c\u00fcr b\u00f6y\u00fck islahatlar h\u0259yata ke\u00e7irilmir:<\/p>\n<p>&#8220;Bu bax\u0131mdan, \u0259halinin sosial m\u00fcdafi\u0259si sah\u0259sind\u0259 h\u0259yata ke\u00e7iril\u0259n bu islahatlar d\u00fcnya miqyas\u0131nda bir n\u00fcmun\u0259 ola bil\u0259r. Az\u0259rbaycan iqtisadiyyat\u0131 inki\u015faf etdikc\u0259 \u0259halinin rifah\u0131n\u0131n yax\u015f\u0131la\u015fd\u0131r\u0131lmas\u0131 istiqam\u0259tind\u0259 d\u0259 m\u00fcvafiq add\u0131mlar at\u0131l\u0131r. Az\u0259rbaycan d\u00f6vl\u0259t b\u00fcdc\u0259sinin sosialy\u00f6n\u00fcml\u00fc olmas\u0131 da bunu bir daha t\u0259sdiq edir. Prezident \u0130lham \u018fliyevin qeyd etdiyi kimi, 2020-ci ilin d\u00f6vl\u0259t b\u00fcdc\u0259si h\u0259m sosial, h\u0259m d\u0259 investisiya y\u00f6n\u00fcml\u00fc olacaq&#8221;.<\/p>\n<p>Deputat \u0259lav\u0259 edib ki, b\u00fct\u00fcn bu islahatlarla yana\u015f\u0131, \u00f6lk\u0259d\u0259 inflyasiyan\u0131n a\u015fa\u011f\u0131 s\u0259viyy\u0259d\u0259 olmas\u0131 m\u00fch\u00fcm \u0259h\u0259miyy\u0259t k\u0259sb edir:<\/p>\n<p>&#8220;Prezident \u0130lham \u018fliyevin oktyabr\u0131n 15-d\u0259 ke\u00e7iril\u0259n iqtisadi m\u00fc\u015favir\u0259d\u0259 bildirdiyi kimi, &#8220;Az\u0259rbaycanda inflyasiya \u00e7ox a\u015fa\u011f\u0131 s\u0259viyy\u0259d\u0259dir, 2 faizd\u0259n bir q\u0259d\u0259r \u00e7oxdur. Bu, \u00e7ox yax\u015f\u0131 g\u00f6st\u0259ricidir. \u018fhalinin g\u0259lirl\u0259ri yen\u0259 d\u0259 inflyasiyan\u0131 \u0259h\u0259miyy\u0259tli d\u0259r\u0259c\u0259d\u0259 \u00fcst\u0259l\u0259yir&#8221;.<\/p>\n<p>\u018flb\u0259tt\u0259 ki, apar\u0131lan m\u0259qs\u0259dy\u00f6nl\u00fc siyas\u0259t n\u0259tic\u0259sind\u0259 inflyasiyan\u0131n a\u015fa\u011f\u0131 s\u0259viyy\u0259d\u0259 saxlanmas\u0131 h\u0259yata ke\u00e7iril\u0259n islahatlar\u0131n m\u00fcsb\u0259t t\u0259sirini daha da g\u00fccl\u0259ndirir, \u0259halinin rifah\u0131n\u0131n yax\u015f\u0131la\u015fmas\u0131na xidm\u0259t edir&#8221;.<\/p>\n","protected":false},"excerpt":{"rendered":"<p>Prezident \u0130lham \u018fliyev daim Az\u0259rbaycan v\u0259t\u0259nda\u015flar\u0131n\u0131n sosial m\u00fcdafi\u0259sinin g\u00fccl\u0259ndirilm\u0259sin\u0259 b\u00f6y\u00fck diqq\u0259t yetirir. D\u00f6vl\u0259t ba\u015f\u00e7\u0131s\u0131n\u0131n h\u0259yata ke\u00e7irdiyi siyas\u0259tin m\u0259rk\u0259zind\u0259 Az\u0259rbaycan v\u0259t\u0259nda\u015f\u0131, onun rifah\u0131 v\u0259 t\u0259hl\u00fck\u0259sizliyi dayan\u0131r. ARANTV.AZ x\u0259b\u0259r verir ki, bunu\u00a0Trend-\u0259 a\u00e7\u0131qlamas\u0131nda Milli M\u0259clisin deputat\u0131 B\u0259xtiyar \u018fliyev deyib. B.\u018fliyev bildirib ki, Prezident \u0130lham \u018fliyev t\u0259r\u0259find\u0259n t\u0259kc\u0259 bu il \u0259rzind\u0259 h\u0259yata ke\u00e7iril\u0259n sosial islahatlar paketi \u00f6lk\u0259d\u0259 v\u0259t\u0259nda\u015fa n\u0259 q\u0259d\u0259r d\u0259y\u0259r verildiyinin ayd\u0131n g\u00f6st\u0259ricisidir: &#8220;Bu islahatlar n\u0259tic\u0259sind\u0259 4 milyon 200 mind\u0259n \u00e7ox insan\u0131n maddi v\u0259ziyy\u0259ti yax\u015f\u0131la\u015fd\u0131, pensiyalar, \u0259m\u0259k haqlar\u0131, m\u00fcavin\u0259tl\u0259r art\u0131r\u0131ld\u0131. Az\u0259rbaycanda minimum \u0259m\u0259khaqq\u0131n\u0131n bir ild\u0259 iki d\u0259f\u0259 art\u0131r\u0131lmas\u0131 n\u0259tic\u0259sind\u0259 \u00f6lk\u0259miz bu g\u00f6st\u0259rici&hellip;<\/p>\n","protected":false},"author":2,"featured_media":86567,"comment_status":"closed","ping_status":"closed","sticky":false,"template":"","format":"standard","meta":{"om_disable_all_campaigns":false,"_monsterinsights_skip_tracking":false,"_monsterinsights_sitenote_active":false,"_monsterinsights_sitenote_note":"","_monsterinsights_sitenote_category":0},"categories":[19],"tags":[],"aioseo_notices":[],"gutentor_comment":0,"rttpg_featured_image_url":{"full":["https:\/\/arantv.az\/wp-content\/uploads\/2019\/10\/baki_ehalisi_088-1.jpg",800,600,false],"landscape":["https:\/\/arantv.az\/wp-content\/uploads\/2019\/10\/baki_ehalisi_088-1.jpg",800,600,false],"portraits":["https:\/\/arantv.az\/wp-content\/uploads\/2019\/10\/baki_ehalisi_088-1.jpg",800,600,false],"thumbnail":["https:\/\/arantv.az\/wp-content\/uploads\/2019\/10\/baki_ehalisi_088-1-150x150.jpg",150,150,true],"medium":["https:\/\/arantv.az\/wp-content\/uploads\/2019\/10\/baki_ehalisi_088-1-300x225.jpg",300,225,true],"large":["https:\/\/arantv.az\/wp-content\/uploads\/2019\/10\/baki_ehalisi_088-1.jpg",640,480,false],"1536x1536":["https:\/\/arantv.az\/wp-content\/uploads\/2019\/10\/baki_ehalisi_088-1.jpg",800,600,false],"2048x2048":["https:\/\/arantv.az\/wp-content\/uploads\/2019\/10\/baki_ehalisi_088-1.jpg",800,600,false],"post-thumbnail":["https:\/\/arantv.az\/wp-content\/uploads\/2019\/10\/baki_ehalisi_088-1-240x172.jpg",240,172,true],"advps-thumb-one":["https:\/\/arantv.az\/wp-content\/uploads\/2019\/10\/baki_ehalisi_088-1.jpg",800,600,false]},"rttpg_author":{"display_name":"V\u00fcsal Rafiqo\u011flu","author_link":"https:\/\/arantv.az\/?author=2"},"rttpg_comment":0,"rttpg_category":"<a href=\"https:\/\/arantv.az\/?cat=19\" rel=\"category\">G\u00fcnd\u0259m<\/a>","rttpg_excerpt":"Prezident \u0130lham \u018fliyev daim Az\u0259rbaycan v\u0259t\u0259nda\u015flar\u0131n\u0131n sosial m\u00fcdafi\u0259sinin g\u00fccl\u0259ndirilm\u0259sin\u0259 b\u00f6y\u00fck diqq\u0259t yetirir. D\u00f6vl\u0259t ba\u015f\u00e7\u0131s\u0131n\u0131n h\u0259yata ke\u00e7irdiyi siyas\u0259tin m\u0259rk\u0259zind\u0259 Az\u0259rbaycan v\u0259t\u0259nda\u015f\u0131, onun rifah\u0131 v\u0259 t\u0259hl\u00fck\u0259sizliyi dayan\u0131r. ARANTV.AZ x\u0259b\u0259r verir ki, bunu\u00a0Trend-\u0259 a\u00e7\u0131qlamas\u0131nda Milli M\u0259clisin deputat\u0131 B\u0259xtiyar \u018fliyev deyib. B.\u018fliyev bildirib ki, Prezident \u0130lham \u018fliyev t\u0259r\u0259find\u0259n t\u0259kc\u0259 bu il \u0259rzind\u0259 h\u0259yata ke\u00e7iril\u0259n sosial islahatlar paketi \u00f6lk\u0259d\u0259 v\u0259t\u0259nda\u015fa&hellip;","_links":{"self":[{"href":"https:\/\/arantv.az\/index.php?rest_route=\/wp\/v2\/posts\/86566"}],"collection":[{"href":"https:\/\/arantv.az\/index.php?rest_route=\/wp\/v2\/posts"}],"about":[{"href":"https:\/\/arantv.az\/index.php?rest_route=\/wp\/v2\/types\/post"}],"author":[{"embeddable":true,"href":"https:\/\/arantv.az\/index.php?rest_route=\/wp\/v2\/users\/2"}],"replies":[{"embeddable":true,"href":"https:\/\/arantv.az\/index.php?rest_route=%2Fwp%2Fv2%2Fcomments&post=86566"}],"version-history":[{"count":0,"href":"https:\/\/arantv.az\/index.php?rest_route=\/wp\/v2\/posts\/86566\/revisions"}],"wp:featuredmedia":[{"embeddable":true,"href":"https:\/\/arantv.az\/index.php?rest_route=\/wp\/v2\/media\/86567"}],"wp:attachment":[{"href":"https:\/\/arantv.az\/index.php?rest_route=%2Fwp%2Fv2%2Fmedia&parent=86566"}],"wp:term":[{"taxonomy":"category","embeddable":true,"href":"https:\/\/arantv.az\/index.php?rest_route=%2Fwp%2Fv2%2Fcategories&post=86566"},{"taxonomy":"post_tag","embeddable":true,"href":"https:\/\/arantv.az\/index.php?rest_route=%2Fwp%2Fv2%2Ftags&post=86566"}],"curies":[{"name":"wp","href":"https:\/\/api.w.org\/{rel}","templated":true}]}}