{"id":86586,"date":"2019-10-17T10:09:45","date_gmt":"2019-10-17T07:09:45","guid":{"rendered":"http:\/\/arantv.az\/?p=86586"},"modified":"2019-10-17T10:09:45","modified_gmt":"2019-10-17T07:09:45","slug":"az%c9%99rbaycanda-inqilabi-yenilik-isar%c9%99t-dili-unsiyy%c9%99t-dili-kimi-r%c9%99smi-s%c9%99kild%c9%99-taninacaq","status":"publish","type":"post","link":"https:\/\/arantv.az\/?p=86586","title":{"rendered":"Az\u0259rbaycanda inqilabi yenilik: \u0130\u015far\u0259t dili \u00fcnsiyy\u0259t dili kimi r\u0259smi \u015f\u0259kild\u0259 tan\u0131nacaq"},"content":{"rendered":"<p>Az\u0259rbaycanda d\u00f6vl\u0259t dilinin \u015fifahi \u015f\u0259kild\u0259 istifad\u0259 edildiyi sferalarda e\u015fitm\u0259 v\u0259 ya nitq pozuntusu olan \u015f\u0259xsl\u0259r \u00fc\u00e7\u00fcn i\u015far\u0259t (jest) dilinin r\u0259smi olaraq \u00fcnsiyy\u0259t dili kimi tan\u0131nmas\u0131 t\u0259min edil\u0259c\u0259k.<\/p>\n<p>Bu bar\u0259d\u0259 \u018fm\u0259k v\u0259 \u018fhalinin Sosial M\u00fcdafi\u0259si Nazirliyind\u0259n m\u0259lumat verilib.<\/p>\n<p>Bu, \u018fm\u0259k v\u0259 \u018fhalinin Sosial M\u00fcdafi\u0259si Nazirliyi v\u0259 T\u0259hsil Nazirliyinin birg\u0259 i\u015f\u00e7i qrupunun haz\u0131rlad\u0131\u011f\u0131 \u201c\u018flilliyi olan \u015f\u0259xsl\u0259rin h\u00fcquqlar\u0131 haqq\u0131nda\u201d Az\u0259rbaycan Respublikas\u0131n\u0131n Qanununda d\u0259yi\u015fiklikl\u0259r edilm\u0259si bar\u0259d\u0259\u201d qanun layih\u0259sind\u0259 \u0259ksini tap\u0131r.<\/p>\n<p>M\u0259qs\u0259d d\u00f6vl\u0259t t\u0259r\u0259find\u0259n \u0259lilliyi olan \u015f\u0259xsl\u0259rin dig\u0259rl\u0259ri il\u0259 b\u0259rab\u0259r s\u0259viyy\u0259d\u0259, mane\u0259siz informasiya \u0259ld\u0259 etm\u0259l\u0259rin\u0259, h\u0259m\u00e7inin \u00f6z fikirl\u0259rini, ideyalar\u0131n\u0131 s\u0259rb\u0259st ifad\u0259 etm\u0259l\u0259rin\u0259, \u00fcmum\u0259n c\u0259miyy\u0259t\u0259 inteqrasiyas\u0131na daha geni\u015f \u015f\u0259rait yarad\u0131lmas\u0131d\u0131r.<\/p>\n<p>\u0130\u015far\u0259t dilinin istifad\u0259sinin geni\u015fl\u0259ndirilm\u0259si m\u0259qs\u0259di il\u0259 g\u00f6rm\u0259 v\u0259 e\u015fitm\u0259 m\u0259hdudiyy\u0259ti olan \u015f\u0259xsl\u0259r \u00fc\u00e7\u00fcn \u0259d\u0259biyyat\u0131n n\u0259\u015fr edilm\u0259si, elmi, metodiki, b\u0259dii \u0259s\u0259rl\u0259rin, h\u0259m\u00e7inin, t\u0259hsil m\u00fc\u0259ssis\u0259l\u0259ri v\u0259 kitabxanalar \u00fc\u00e7\u00fcn Brayl \u015frifti il\u0259 \u00e7ap edilmi\u015f \u0259d\u0259biyyatlar\u0131n \u0259ld\u0259 olunmas\u0131 t\u0259min edil\u0259c\u0259k.<\/p>\n<p>Az\u0259rbaycan D\u00f6vl\u0259t Televiziyas\u0131n\u0131n proqramlar\u0131nda, kino v\u0259 videofilml\u0259rd\u0259 subtitr v\u0259 ya surdot\u0259rc\u00fcm\u0259 sisteminin t\u0259tbiq edilm\u0259si d\u0259 n\u0259z\u0259rd\u0259 tutulur.<\/p>\n<p>Bu d\u0259yi\u015fiklik, eyni zamanda, milli qanunvericiliyin BMT-nin \u201c\u018flilliyi olan \u015f\u0259xsl\u0259rin h\u00fcquqlar\u0131 haqq\u0131nda Konvensiyas\u0131\u201dna uy\u011funla\u015fd\u0131r\u0131lmas\u0131 istiqam\u0259tind\u0259 n\u00f6vb\u0259ti add\u0131md\u0131r.<\/p>\n<p>Bel\u0259 ki, \u00f6lk\u0259mizin 2 oktyabr 2008-ci ild\u0259 ratifikasiya etdiyi h\u0259min Konvensiyan\u0131n 21-ci madd\u0259sin\u0259 \u0259sas\u0259n, bu s\u0259n\u0259d\u0259 qo\u015fulan \u00f6lk\u0259l\u0259rin \u00f6hd\u0259likl\u0259rind\u0259n biri kimi jest dill\u0259rinin, Brayl \u0259lifbas\u0131n\u0131n, \u0259lilliyi olan \u015f\u0259xsl\u0259rin se\u00e7imin\u0259 uy\u011fun g\u00fccl\u0259ndirici v\u0259 alternativ \u00fcsullar\u0131n, \u00fcnsiyy\u0259tin b\u00fct\u00fcn dig\u0259r \u00fcsullar\u0131n\u0131n, metod v\u0259 formatlar\u0131n r\u0259smi m\u00fcnasib\u0259tl\u0259rd\u0259 q\u0259bul olunmas\u0131 v\u0259 istifad\u0259sinin t\u0259min olunmas\u0131d\u0131r.<\/p>\n","protected":false},"excerpt":{"rendered":"<p>Az\u0259rbaycanda d\u00f6vl\u0259t dilinin \u015fifahi \u015f\u0259kild\u0259 istifad\u0259 edildiyi sferalarda e\u015fitm\u0259 v\u0259 ya nitq pozuntusu olan \u015f\u0259xsl\u0259r \u00fc\u00e7\u00fcn i\u015far\u0259t (jest) dilinin r\u0259smi olaraq \u00fcnsiyy\u0259t dili kimi tan\u0131nmas\u0131 t\u0259min edil\u0259c\u0259k. Bu bar\u0259d\u0259 \u018fm\u0259k v\u0259 \u018fhalinin Sosial M\u00fcdafi\u0259si Nazirliyind\u0259n m\u0259lumat verilib. Bu, \u018fm\u0259k v\u0259 \u018fhalinin Sosial M\u00fcdafi\u0259si Nazirliyi v\u0259 T\u0259hsil Nazirliyinin birg\u0259 i\u015f\u00e7i qrupunun haz\u0131rlad\u0131\u011f\u0131 \u201c\u018flilliyi olan \u015f\u0259xsl\u0259rin h\u00fcquqlar\u0131 haqq\u0131nda\u201d Az\u0259rbaycan Respublikas\u0131n\u0131n Qanununda d\u0259yi\u015fiklikl\u0259r edilm\u0259si bar\u0259d\u0259\u201d qanun layih\u0259sind\u0259 \u0259ksini tap\u0131r. M\u0259qs\u0259d d\u00f6vl\u0259t t\u0259r\u0259find\u0259n \u0259lilliyi olan \u015f\u0259xsl\u0259rin dig\u0259rl\u0259ri il\u0259 b\u0259rab\u0259r s\u0259viyy\u0259d\u0259, mane\u0259siz informasiya \u0259ld\u0259 etm\u0259l\u0259rin\u0259, h\u0259m\u00e7inin \u00f6z fikirl\u0259rini, ideyalar\u0131n\u0131 s\u0259rb\u0259st ifad\u0259 etm\u0259l\u0259rin\u0259, \u00fcmum\u0259n c\u0259miyy\u0259t\u0259 inteqrasiyas\u0131na&hellip;<\/p>\n","protected":false},"author":2,"featured_media":86587,"comment_status":"closed","ping_status":"closed","sticky":false,"template":"","format":"standard","meta":{"om_disable_all_campaigns":false,"_monsterinsights_skip_tracking":false,"_monsterinsights_sitenote_active":false,"_monsterinsights_sitenote_note":"","_monsterinsights_sitenote_category":0},"categories":[1],"tags":[],"aioseo_notices":[],"gutentor_comment":0,"rttpg_featured_image_url":{"full":["https:\/\/arantv.az\/wp-content\/uploads\/2019\/10\/lenguaje-seas-alumnos-udec-app.jpg",620,402,false],"landscape":["https:\/\/arantv.az\/wp-content\/uploads\/2019\/10\/lenguaje-seas-alumnos-udec-app.jpg",620,402,false],"portraits":["https:\/\/arantv.az\/wp-content\/uploads\/2019\/10\/lenguaje-seas-alumnos-udec-app.jpg",620,402,false],"thumbnail":["https:\/\/arantv.az\/wp-content\/uploads\/2019\/10\/lenguaje-seas-alumnos-udec-app-150x150.jpg",150,150,true],"medium":["https:\/\/arantv.az\/wp-content\/uploads\/2019\/10\/lenguaje-seas-alumnos-udec-app-300x195.jpg",300,195,true],"large":["https:\/\/arantv.az\/wp-content\/uploads\/2019\/10\/lenguaje-seas-alumnos-udec-app.jpg",620,402,false],"1536x1536":["https:\/\/arantv.az\/wp-content\/uploads\/2019\/10\/lenguaje-seas-alumnos-udec-app.jpg",620,402,false],"2048x2048":["https:\/\/arantv.az\/wp-content\/uploads\/2019\/10\/lenguaje-seas-alumnos-udec-app.jpg",620,402,false],"post-thumbnail":["https:\/\/arantv.az\/wp-content\/uploads\/2019\/10\/lenguaje-seas-alumnos-udec-app-240x172.jpg",240,172,true],"advps-thumb-one":["https:\/\/arantv.az\/wp-content\/uploads\/2019\/10\/lenguaje-seas-alumnos-udec-app.jpg",620,402,false]},"rttpg_author":{"display_name":"V\u00fcsal Rafiqo\u011flu","author_link":"https:\/\/arantv.az\/?author=2"},"rttpg_comment":0,"rttpg_category":"<a href=\"https:\/\/arantv.az\/?cat=1\" rel=\"category\">C\u0259miyy\u0259t<\/a>","rttpg_excerpt":"Az\u0259rbaycanda d\u00f6vl\u0259t dilinin \u015fifahi \u015f\u0259kild\u0259 istifad\u0259 edildiyi sferalarda e\u015fitm\u0259 v\u0259 ya nitq pozuntusu olan \u015f\u0259xsl\u0259r \u00fc\u00e7\u00fcn i\u015far\u0259t (jest) dilinin r\u0259smi olaraq \u00fcnsiyy\u0259t dili kimi tan\u0131nmas\u0131 t\u0259min edil\u0259c\u0259k. Bu bar\u0259d\u0259 \u018fm\u0259k v\u0259 \u018fhalinin Sosial M\u00fcdafi\u0259si Nazirliyind\u0259n m\u0259lumat verilib. Bu, \u018fm\u0259k v\u0259 \u018fhalinin Sosial M\u00fcdafi\u0259si Nazirliyi v\u0259 T\u0259hsil Nazirliyinin birg\u0259 i\u015f\u00e7i qrupunun haz\u0131rlad\u0131\u011f\u0131 \u201c\u018flilliyi olan \u015f\u0259xsl\u0259rin h\u00fcquqlar\u0131&hellip;","_links":{"self":[{"href":"https:\/\/arantv.az\/index.php?rest_route=\/wp\/v2\/posts\/86586"}],"collection":[{"href":"https:\/\/arantv.az\/index.php?rest_route=\/wp\/v2\/posts"}],"about":[{"href":"https:\/\/arantv.az\/index.php?rest_route=\/wp\/v2\/types\/post"}],"author":[{"embeddable":true,"href":"https:\/\/arantv.az\/index.php?rest_route=\/wp\/v2\/users\/2"}],"replies":[{"embeddable":true,"href":"https:\/\/arantv.az\/index.php?rest_route=%2Fwp%2Fv2%2Fcomments&post=86586"}],"version-history":[{"count":0,"href":"https:\/\/arantv.az\/index.php?rest_route=\/wp\/v2\/posts\/86586\/revisions"}],"wp:featuredmedia":[{"embeddable":true,"href":"https:\/\/arantv.az\/index.php?rest_route=\/wp\/v2\/media\/86587"}],"wp:attachment":[{"href":"https:\/\/arantv.az\/index.php?rest_route=%2Fwp%2Fv2%2Fmedia&parent=86586"}],"wp:term":[{"taxonomy":"category","embeddable":true,"href":"https:\/\/arantv.az\/index.php?rest_route=%2Fwp%2Fv2%2Fcategories&post=86586"},{"taxonomy":"post_tag","embeddable":true,"href":"https:\/\/arantv.az\/index.php?rest_route=%2Fwp%2Fv2%2Ftags&post=86586"}],"curies":[{"name":"wp","href":"https:\/\/api.w.org\/{rel}","templated":true}]}}