{"id":86632,"date":"2019-10-17T11:30:39","date_gmt":"2019-10-17T08:30:39","guid":{"rendered":"http:\/\/arantv.az\/?p=86632"},"modified":"2019-10-17T11:30:39","modified_gmt":"2019-10-17T08:30:39","slug":"17-oktyabr-beyn%c9%99lxalq-yoxsulluqla-mubariz%c9%99-gunudur","status":"publish","type":"post","link":"https:\/\/arantv.az\/?p=86632","title":{"rendered":"17 oktyabr Beyn\u0259lxalq Yoxsulluqla M\u00fcbariz\u0259 G\u00fcn\u00fcd\u00fcr"},"content":{"rendered":"<p>BMT-nin Ba\u015f katibi Antonio Quterre\u015f Beyn\u0259lxalq Yoxsulluqla M\u00fcbariz\u0259 G\u00fcn\u00fc il\u0259 \u0259laq\u0259dar beyn\u0259lxalq ictimaiyy\u0259t\u0259 m\u00fcraci\u0259t edib.\u00a0AZ\u018fRTAC\u00a0BMT-nin sayt\u0131na istinadla x\u0259b\u0259r verir ki, t\u0259\u015fkilat\u0131n r\u0259hb\u0259ri qeyd edib: \u201cU\u015faqlar aras\u0131nda s\u0259fal\u0259tin s\u0259b\u0259bi m\u0259hz onlar\u0131n ail\u0259l\u0259rinin yoxsul olmas\u0131d\u0131r. Biz bununla m\u00fcbariz\u0259 aparmal\u0131y\u0131q. Prioritet v\u0259zif\u0259l\u0259rd\u0259n biri keyfiyy\u0259tli sosial xidm\u0259tl\u0259rin ham\u0131 \u00fc\u00e7\u00fcn \u0259l\u00e7atan olmas\u0131d\u0131r\u201d.<\/p>\n<p>Beyn\u0259lxalq Yoxsulluqla M\u00fcbariz\u0259 G\u00fcn\u00fc 1992-ci il dekabr\u0131n 22-d\u0259 ke\u00e7iril\u0259n BMT Ba\u015f Assambleyas\u0131n\u0131n sessiyas\u0131nda q\u0259bul edilmi\u015f 47\/196 n\u00f6mr\u0259li q\u0259tnam\u0259 il\u0259 elan edilib. H\u0259min s\u0259n\u0259d qeyri-h\u00f6kum\u0259t t\u0259\u015fkilatlar\u0131n\u0131n t\u0259\u015f\u0259bb\u00fcs\u00fc il\u0259 ifrat yoxsullu\u011fun aradan qald\u0131r\u0131lmas\u0131 m\u0259qs\u0259dil\u0259 q\u0259bul olunub v\u0259 h\u0259r il oktyabr\u0131n 17-d\u0259 d\u00fcnyada yoxsullu\u011fun v\u0259ziyy\u0259ti il\u0259 ba\u011fl\u0131 m\u00fczakir\u0259l\u0259r apar\u0131lmas\u0131n\u0131n vacibliyi qeyd edilib.<\/p>\n<p>BMT-nin m\u00fcraci\u0259tind\u0259 xat\u0131rlad\u0131l\u0131b ki, bu il U\u015faq Haqlar\u0131 Konvensiyas\u0131n\u0131n q\u0259bul edilm\u0259sinin 30 illiyi tamam olur. Bu m\u00fch\u00fcm s\u0259n\u0259dd\u0259 u\u015faqlar\u0131n h\u00fcquqlar\u0131n\u0131n qorunmas\u0131, onlar\u0131n yax\u015f\u0131 h\u0259yat \u015f\u0259raitind\u0259 z\u0259ruri fiziki, \u0259qli, m\u0259n\u0259vi v\u0259 sosial inki\u015faf\u0131n\u0131n t\u0259min edilm\u0259si m\u0259s\u0259l\u0259l\u0259ri yer al\u0131b. Builki Beyn\u0259lxalq Yoxsulluqla M\u00fcbariz\u0259 G\u00fcn\u00fc d\u0259 u\u015faqlar\u0131n v\u0259 onlar\u0131n ail\u0259l\u0259rinin yoxsulluqdan xilas olmas\u0131 m\u0259qs\u0259dil\u0259 h\u00fcquq v\u0259 azadl\u0131qlar\u0131n t\u0259min edilm\u0259sidir.<\/p>\n<p>Bildirilib ki, oktyabr\u0131n 17-d\u0259 Beyn\u0259lxalq Yoxsulluqla M\u00fcbariz\u0259 G\u00fcn\u00fc m\u00fcnasib\u0259til\u0259 BMT-nin m\u0259nzil-q\u0259rargah\u0131nda geni\u015f t\u0259dbir ke\u00e7iril\u0259c\u0259k.<\/p>\n","protected":false},"excerpt":{"rendered":"<p>BMT-nin Ba\u015f katibi Antonio Quterre\u015f Beyn\u0259lxalq Yoxsulluqla M\u00fcbariz\u0259 G\u00fcn\u00fc il\u0259 \u0259laq\u0259dar beyn\u0259lxalq ictimaiyy\u0259t\u0259 m\u00fcraci\u0259t edib.\u00a0AZ\u018fRTAC\u00a0BMT-nin sayt\u0131na istinadla x\u0259b\u0259r verir ki, t\u0259\u015fkilat\u0131n r\u0259hb\u0259ri qeyd edib: \u201cU\u015faqlar aras\u0131nda s\u0259fal\u0259tin s\u0259b\u0259bi m\u0259hz onlar\u0131n ail\u0259l\u0259rinin yoxsul olmas\u0131d\u0131r. Biz bununla m\u00fcbariz\u0259 aparmal\u0131y\u0131q. Prioritet v\u0259zif\u0259l\u0259rd\u0259n biri keyfiyy\u0259tli sosial xidm\u0259tl\u0259rin ham\u0131 \u00fc\u00e7\u00fcn \u0259l\u00e7atan olmas\u0131d\u0131r\u201d. Beyn\u0259lxalq Yoxsulluqla M\u00fcbariz\u0259 G\u00fcn\u00fc 1992-ci il dekabr\u0131n 22-d\u0259 ke\u00e7iril\u0259n BMT Ba\u015f Assambleyas\u0131n\u0131n sessiyas\u0131nda q\u0259bul edilmi\u015f 47\/196 n\u00f6mr\u0259li q\u0259tnam\u0259 il\u0259 elan edilib. H\u0259min s\u0259n\u0259d qeyri-h\u00f6kum\u0259t t\u0259\u015fkilatlar\u0131n\u0131n t\u0259\u015f\u0259bb\u00fcs\u00fc il\u0259 ifrat yoxsullu\u011fun aradan qald\u0131r\u0131lmas\u0131 m\u0259qs\u0259dil\u0259 q\u0259bul olunub v\u0259 h\u0259r il oktyabr\u0131n 17-d\u0259 d\u00fcnyada yoxsullu\u011fun v\u0259ziyy\u0259ti il\u0259&hellip;<\/p>\n","protected":false},"author":2,"featured_media":86633,"comment_status":"closed","ping_status":"closed","sticky":false,"template":"","format":"standard","meta":{"om_disable_all_campaigns":false,"_monsterinsights_skip_tracking":false,"_monsterinsights_sitenote_active":false,"_monsterinsights_sitenote_note":"","_monsterinsights_sitenote_category":0},"categories":[1],"tags":[],"aioseo_notices":[],"gutentor_comment":0,"rttpg_featured_image_url":{"full":["https:\/\/arantv.az\/wp-content\/uploads\/2019\/10\/5b128e67555c9ceb398de6b461eb8d7e_53297_64.jpg",975,540,false],"landscape":["https:\/\/arantv.az\/wp-content\/uploads\/2019\/10\/5b128e67555c9ceb398de6b461eb8d7e_53297_64.jpg",975,540,false],"portraits":["https:\/\/arantv.az\/wp-content\/uploads\/2019\/10\/5b128e67555c9ceb398de6b461eb8d7e_53297_64.jpg",975,540,false],"thumbnail":["https:\/\/arantv.az\/wp-content\/uploads\/2019\/10\/5b128e67555c9ceb398de6b461eb8d7e_53297_64-150x150.jpg",150,150,true],"medium":["https:\/\/arantv.az\/wp-content\/uploads\/2019\/10\/5b128e67555c9ceb398de6b461eb8d7e_53297_64-300x166.jpg",300,166,true],"large":["https:\/\/arantv.az\/wp-content\/uploads\/2019\/10\/5b128e67555c9ceb398de6b461eb8d7e_53297_64.jpg",640,354,false],"1536x1536":["https:\/\/arantv.az\/wp-content\/uploads\/2019\/10\/5b128e67555c9ceb398de6b461eb8d7e_53297_64.jpg",975,540,false],"2048x2048":["https:\/\/arantv.az\/wp-content\/uploads\/2019\/10\/5b128e67555c9ceb398de6b461eb8d7e_53297_64.jpg",975,540,false],"post-thumbnail":["https:\/\/arantv.az\/wp-content\/uploads\/2019\/10\/5b128e67555c9ceb398de6b461eb8d7e_53297_64-240x172.jpg",240,172,true],"advps-thumb-one":["https:\/\/arantv.az\/wp-content\/uploads\/2019\/10\/5b128e67555c9ceb398de6b461eb8d7e_53297_64.jpg",975,540,false]},"rttpg_author":{"display_name":"V\u00fcsal Rafiqo\u011flu","author_link":"https:\/\/arantv.az\/?author=2"},"rttpg_comment":0,"rttpg_category":"<a href=\"https:\/\/arantv.az\/?cat=1\" rel=\"category\">C\u0259miyy\u0259t<\/a>","rttpg_excerpt":"BMT-nin Ba\u015f katibi Antonio Quterre\u015f Beyn\u0259lxalq Yoxsulluqla M\u00fcbariz\u0259 G\u00fcn\u00fc il\u0259 \u0259laq\u0259dar beyn\u0259lxalq ictimaiyy\u0259t\u0259 m\u00fcraci\u0259t edib.\u00a0AZ\u018fRTAC\u00a0BMT-nin sayt\u0131na istinadla x\u0259b\u0259r verir ki, t\u0259\u015fkilat\u0131n r\u0259hb\u0259ri qeyd edib: \u201cU\u015faqlar aras\u0131nda s\u0259fal\u0259tin s\u0259b\u0259bi m\u0259hz onlar\u0131n ail\u0259l\u0259rinin yoxsul olmas\u0131d\u0131r. Biz bununla m\u00fcbariz\u0259 aparmal\u0131y\u0131q. Prioritet v\u0259zif\u0259l\u0259rd\u0259n biri keyfiyy\u0259tli sosial xidm\u0259tl\u0259rin ham\u0131 \u00fc\u00e7\u00fcn \u0259l\u00e7atan olmas\u0131d\u0131r\u201d. Beyn\u0259lxalq Yoxsulluqla M\u00fcbariz\u0259 G\u00fcn\u00fc 1992-ci il dekabr\u0131n 22-d\u0259&hellip;","_links":{"self":[{"href":"https:\/\/arantv.az\/index.php?rest_route=\/wp\/v2\/posts\/86632"}],"collection":[{"href":"https:\/\/arantv.az\/index.php?rest_route=\/wp\/v2\/posts"}],"about":[{"href":"https:\/\/arantv.az\/index.php?rest_route=\/wp\/v2\/types\/post"}],"author":[{"embeddable":true,"href":"https:\/\/arantv.az\/index.php?rest_route=\/wp\/v2\/users\/2"}],"replies":[{"embeddable":true,"href":"https:\/\/arantv.az\/index.php?rest_route=%2Fwp%2Fv2%2Fcomments&post=86632"}],"version-history":[{"count":0,"href":"https:\/\/arantv.az\/index.php?rest_route=\/wp\/v2\/posts\/86632\/revisions"}],"wp:featuredmedia":[{"embeddable":true,"href":"https:\/\/arantv.az\/index.php?rest_route=\/wp\/v2\/media\/86633"}],"wp:attachment":[{"href":"https:\/\/arantv.az\/index.php?rest_route=%2Fwp%2Fv2%2Fmedia&parent=86632"}],"wp:term":[{"taxonomy":"category","embeddable":true,"href":"https:\/\/arantv.az\/index.php?rest_route=%2Fwp%2Fv2%2Fcategories&post=86632"},{"taxonomy":"post_tag","embeddable":true,"href":"https:\/\/arantv.az\/index.php?rest_route=%2Fwp%2Fv2%2Ftags&post=86632"}],"curies":[{"name":"wp","href":"https:\/\/api.w.org\/{rel}","templated":true}]}}