{"id":86648,"date":"2019-10-17T11:47:50","date_gmt":"2019-10-17T08:47:50","guid":{"rendered":"http:\/\/arantv.az\/?p=86648"},"modified":"2019-10-17T11:47:50","modified_gmt":"2019-10-17T08:47:50","slug":"m%c9%99kt%c9%99bl%c9%99r%c9%99-n%c9%99qliyyat-vasit%c9%99l%c9%99ri-veril%c9%99c%c9%99k-nazirin-cavabi","status":"publish","type":"post","link":"https:\/\/arantv.az\/?p=86648","title":{"rendered":"M\u0259kt\u0259bl\u0259r\u0259 n\u0259qliyyat vasit\u0259l\u0259ri veril\u0259c\u0259k? &#8211; Nazirin CAVABI"},"content":{"rendered":"<blockquote><p><em><strong>Ayr\u0131-ayr\u0131 m\u0259kt\u0259bl\u0259r\u0259 n\u0259qliyyat vasit\u0259l\u0259rinin verilm\u0259si g\u00fcnd\u0259md\u0259 deyil.<\/strong><\/em><\/p><\/blockquote>\n<p><strong>ARANTV.AZ<\/strong>\u00a0<a href=\"https:\/\/az.trend.az\/\" target=\"_blank\" rel=\"noopener\">Trend<\/a>-\u0259 istinad\u0259n x\u0259b\u0259r verir ki, bunu T\u0259hsil naziri Ceyhun Bayramov Yeni Az\u0259rbaycan Partiyas\u0131n\u0131n m\u0259rk\u0259zi q\u0259rargah\u0131nda ke\u00e7irdiyi m\u0259tbuat konfrans\u0131nda deyib.<\/p>\n<p>Onun s\u00f6zl\u0259rin\u0259 g\u00f6r\u0259, Bak\u0131 \u015e\u0259h\u0259r \u0130cra Hakimiyy\u0259ti v\u0259 rayon icra hakimiyy\u0259tl\u0259ri bu m\u0259s\u0259l\u0259l\u0259rin d\u00fczg\u00fcn planlanmas\u0131 v\u0259 t\u0259nziml\u0259nm\u0259si m\u00fczakir\u0259 edilir:<\/p>\n<p>&#8220;Yeni \u0259razil\u0259rin planla\u015fd\u0131r\u0131lmas\u0131 zaman\u0131 bu m\u0259s\u0259l\u0259l\u0259r diqq\u0259t m\u0259rk\u0259zind\u0259 saxlan\u0131lmal\u0131d\u0131r. Bu istiqam\u0259td\u0259 d\u00f6vl\u0259t t\u0259r\u0259find\u0259n h\u0259yata ke\u00e7iril\u0259n layih\u0259l\u0259r var. \u015eagird kontingentinin s\u0131xl\u0131\u011f\u0131na v\u0259 gedi\u015f g\u0259li\u015fi il\u0259 ba\u011fl\u0131 probleml\u0259r\u0259 \u0259sas\u0259n kort\u0259bii inki\u015faf ged\u0259n \u0259razil\u0259rd\u0259 m\u00fc\u015fahid\u0259 edirik. \u018ffsuslar olsun ki, bel\u0259 \u0259razil\u0259r m\u00f6vcuddur&#8221;.<\/p>\n","protected":false},"excerpt":{"rendered":"<p>Ayr\u0131-ayr\u0131 m\u0259kt\u0259bl\u0259r\u0259 n\u0259qliyyat vasit\u0259l\u0259rinin verilm\u0259si g\u00fcnd\u0259md\u0259 deyil. ARANTV.AZ\u00a0Trend-\u0259 istinad\u0259n x\u0259b\u0259r verir ki, bunu T\u0259hsil naziri Ceyhun Bayramov Yeni Az\u0259rbaycan Partiyas\u0131n\u0131n m\u0259rk\u0259zi q\u0259rargah\u0131nda ke\u00e7irdiyi m\u0259tbuat konfrans\u0131nda deyib. Onun s\u00f6zl\u0259rin\u0259 g\u00f6r\u0259, Bak\u0131 \u015e\u0259h\u0259r \u0130cra Hakimiyy\u0259ti v\u0259 rayon icra hakimiyy\u0259tl\u0259ri bu m\u0259s\u0259l\u0259l\u0259rin d\u00fczg\u00fcn planlanmas\u0131 v\u0259 t\u0259nziml\u0259nm\u0259si m\u00fczakir\u0259 edilir: &#8220;Yeni \u0259razil\u0259rin planla\u015fd\u0131r\u0131lmas\u0131 zaman\u0131 bu m\u0259s\u0259l\u0259l\u0259r diqq\u0259t m\u0259rk\u0259zind\u0259 saxlan\u0131lmal\u0131d\u0131r. Bu istiqam\u0259td\u0259 d\u00f6vl\u0259t t\u0259r\u0259find\u0259n h\u0259yata ke\u00e7iril\u0259n layih\u0259l\u0259r var. \u015eagird kontingentinin s\u0131xl\u0131\u011f\u0131na v\u0259 gedi\u015f g\u0259li\u015fi il\u0259 ba\u011fl\u0131 probleml\u0259r\u0259 \u0259sas\u0259n kort\u0259bii inki\u015faf ged\u0259n \u0259razil\u0259rd\u0259 m\u00fc\u015fahid\u0259 edirik. \u018ffsuslar olsun ki, bel\u0259 \u0259razil\u0259r m\u00f6vcuddur&#8221;.<\/p>\n","protected":false},"author":2,"featured_media":86649,"comment_status":"closed","ping_status":"closed","sticky":false,"template":"","format":"standard","meta":{"om_disable_all_campaigns":false,"_monsterinsights_skip_tracking":false,"_monsterinsights_sitenote_active":false,"_monsterinsights_sitenote_note":"","_monsterinsights_sitenote_category":0},"categories":[1],"tags":[],"aioseo_notices":[],"gutentor_comment":0,"rttpg_featured_image_url":{"full":["https:\/\/arantv.az\/wp-content\/uploads\/2019\/10\/794973.jpg",800,600,false],"landscape":["https:\/\/arantv.az\/wp-content\/uploads\/2019\/10\/794973.jpg",800,600,false],"portraits":["https:\/\/arantv.az\/wp-content\/uploads\/2019\/10\/794973.jpg",800,600,false],"thumbnail":["https:\/\/arantv.az\/wp-content\/uploads\/2019\/10\/794973-150x150.jpg",150,150,true],"medium":["https:\/\/arantv.az\/wp-content\/uploads\/2019\/10\/794973-300x225.jpg",300,225,true],"large":["https:\/\/arantv.az\/wp-content\/uploads\/2019\/10\/794973.jpg",640,480,false],"1536x1536":["https:\/\/arantv.az\/wp-content\/uploads\/2019\/10\/794973.jpg",800,600,false],"2048x2048":["https:\/\/arantv.az\/wp-content\/uploads\/2019\/10\/794973.jpg",800,600,false],"post-thumbnail":["https:\/\/arantv.az\/wp-content\/uploads\/2019\/10\/794973-240x172.jpg",240,172,true],"advps-thumb-one":["https:\/\/arantv.az\/wp-content\/uploads\/2019\/10\/794973.jpg",800,600,false]},"rttpg_author":{"display_name":"V\u00fcsal Rafiqo\u011flu","author_link":"https:\/\/arantv.az\/?author=2"},"rttpg_comment":0,"rttpg_category":"<a href=\"https:\/\/arantv.az\/?cat=1\" rel=\"category\">C\u0259miyy\u0259t<\/a>","rttpg_excerpt":"Ayr\u0131-ayr\u0131 m\u0259kt\u0259bl\u0259r\u0259 n\u0259qliyyat vasit\u0259l\u0259rinin verilm\u0259si g\u00fcnd\u0259md\u0259 deyil. ARANTV.AZ\u00a0Trend-\u0259 istinad\u0259n x\u0259b\u0259r verir ki, bunu T\u0259hsil naziri Ceyhun Bayramov Yeni Az\u0259rbaycan Partiyas\u0131n\u0131n m\u0259rk\u0259zi q\u0259rargah\u0131nda ke\u00e7irdiyi m\u0259tbuat konfrans\u0131nda deyib. Onun s\u00f6zl\u0259rin\u0259 g\u00f6r\u0259, Bak\u0131 \u015e\u0259h\u0259r \u0130cra Hakimiyy\u0259ti v\u0259 rayon icra hakimiyy\u0259tl\u0259ri bu m\u0259s\u0259l\u0259l\u0259rin d\u00fczg\u00fcn planlanmas\u0131 v\u0259 t\u0259nziml\u0259nm\u0259si m\u00fczakir\u0259 edilir: &#8220;Yeni \u0259razil\u0259rin planla\u015fd\u0131r\u0131lmas\u0131 zaman\u0131 bu m\u0259s\u0259l\u0259l\u0259r diqq\u0259t m\u0259rk\u0259zind\u0259 saxlan\u0131lmal\u0131d\u0131r. Bu&hellip;","_links":{"self":[{"href":"https:\/\/arantv.az\/index.php?rest_route=\/wp\/v2\/posts\/86648"}],"collection":[{"href":"https:\/\/arantv.az\/index.php?rest_route=\/wp\/v2\/posts"}],"about":[{"href":"https:\/\/arantv.az\/index.php?rest_route=\/wp\/v2\/types\/post"}],"author":[{"embeddable":true,"href":"https:\/\/arantv.az\/index.php?rest_route=\/wp\/v2\/users\/2"}],"replies":[{"embeddable":true,"href":"https:\/\/arantv.az\/index.php?rest_route=%2Fwp%2Fv2%2Fcomments&post=86648"}],"version-history":[{"count":0,"href":"https:\/\/arantv.az\/index.php?rest_route=\/wp\/v2\/posts\/86648\/revisions"}],"wp:featuredmedia":[{"embeddable":true,"href":"https:\/\/arantv.az\/index.php?rest_route=\/wp\/v2\/media\/86649"}],"wp:attachment":[{"href":"https:\/\/arantv.az\/index.php?rest_route=%2Fwp%2Fv2%2Fmedia&parent=86648"}],"wp:term":[{"taxonomy":"category","embeddable":true,"href":"https:\/\/arantv.az\/index.php?rest_route=%2Fwp%2Fv2%2Fcategories&post=86648"},{"taxonomy":"post_tag","embeddable":true,"href":"https:\/\/arantv.az\/index.php?rest_route=%2Fwp%2Fv2%2Ftags&post=86648"}],"curies":[{"name":"wp","href":"https:\/\/api.w.org\/{rel}","templated":true}]}}