{"id":86664,"date":"2019-10-17T12:03:52","date_gmt":"2019-10-17T09:03:52","guid":{"rendered":"http:\/\/arantv.az\/?p=86664"},"modified":"2019-10-17T12:03:52","modified_gmt":"2019-10-17T09:03:52","slug":"nazird%c9%99n-vahid-m%c9%99kt%c9%99bli-formasi-il%c9%99-bagli-aciqlama","status":"publish","type":"post","link":"https:\/\/arantv.az\/?p=86664","title":{"rendered":"Nazird\u0259n vahid m\u0259kt\u0259bli formas\u0131 il\u0259 ba\u011fl\u0131 &#8211; A\u00c7IQLAMA"},"content":{"rendered":"<p>M\u0259kt\u0259bl\u0259rd\u0259 m\u00fcxt\u0259lif dizaynda vahid m\u0259kt\u0259bli formalar\u0131n\u0131n olmas\u0131 n\u0259z\u0259rd\u0259 tutulur.<\/p>\n<p><strong>ARANTV.AZ<\/strong>-\u0131n m\u0259lumat\u0131na g\u00f6r\u0259, bunu T\u0259hsil naziri Ceyhun Bayramov YAP-\u0131n inzibati binas\u0131nda ke\u00e7iril\u0259n m\u0259tbuat konfrans\u0131nda bildirib.<\/p>\n<p>Onun s\u00f6zl\u0259rin\u0259 g\u00f6r\u0259, qanunvericiliy\u0259 g\u00f6r\u0259, m\u00fcxt\u0259lif formada haz\u0131rlanm\u0131\u015f bir ne\u00e7\u0259 dizayn t\u0259sdiq edil\u0259c\u0259k:<\/p>\n<div id=\"AdviadNativeVideo0\" class=\"AdviadNativeVideo\"><\/div>\n<p>\u201cAncaq m\u0259kt\u0259bli formas\u0131n\u0131n hans\u0131 dizaynda olmas\u0131na m\u0259kt\u0259bin direktorlar\u0131 v\u0259 valideyn komit\u0259si il\u0259 m\u00fczakir\u0259sind\u0259n sonra q\u0259rar veril\u0259c\u0259k. Formalar\u0131n hans\u0131 dizaynda olmas\u0131n\u0131 m\u0259kt\u0259bl\u0259rin se\u00e7m\u0259si m\u00fcr\u0259kk\u0259b m\u0259s\u0259l\u0259dir. Ayr\u0131-ayr\u0131l\u0131qda m\u0259kt\u0259bl\u0259rd\u0259 vahid m\u0259kt\u0259bli formas\u0131n\u0131n olmas\u0131 n\u0259z\u0259rd\u0259 tutulub . Bu,\u00a0o dem\u0259k deyil ki, b\u00fct\u00fcn \u00f6lk\u0259d\u0259 bir n\u00fcmun\u0259 m\u0259kt\u0259bli formas\u0131 istifad\u0259 olanacaq\u201d.<\/p>\n<p>C.Bayramov qeyd edib ki, valideynl\u0259rl\u0259 q\u0259rarlar q\u0259bul edilib, standartlara uy\u011fun se\u00e7il\u0259n m\u0259kt\u0259bli formas\u0131 daha uy\u011fun formada olacaq:<\/p>\n<p>\u201cM\u00fcxt\u0259lif dizaynla q\u0259bul ed\u0259c\u0259kl\u0259r. Valideynl\u0259rl\u0259 se\u00e7im etdikd\u0259n sonra m\u00fct\u0259x\u0259ssisl\u0259r t\u0259r\u0259find\u0259n standartlara uy\u011fun se\u00e7il\u0259n m\u0259kt\u0259bli formalar\u0131 daha keyfiyy\u0259tli olacaq\u201d.oxu.az<\/p>\n","protected":false},"excerpt":{"rendered":"<p>M\u0259kt\u0259bl\u0259rd\u0259 m\u00fcxt\u0259lif dizaynda vahid m\u0259kt\u0259bli formalar\u0131n\u0131n olmas\u0131 n\u0259z\u0259rd\u0259 tutulur. ARANTV.AZ-\u0131n m\u0259lumat\u0131na g\u00f6r\u0259, bunu T\u0259hsil naziri Ceyhun Bayramov YAP-\u0131n inzibati binas\u0131nda ke\u00e7iril\u0259n m\u0259tbuat konfrans\u0131nda bildirib. Onun s\u00f6zl\u0259rin\u0259 g\u00f6r\u0259, qanunvericiliy\u0259 g\u00f6r\u0259, m\u00fcxt\u0259lif formada haz\u0131rlanm\u0131\u015f bir ne\u00e7\u0259 dizayn t\u0259sdiq edil\u0259c\u0259k: \u201cAncaq m\u0259kt\u0259bli formas\u0131n\u0131n hans\u0131 dizaynda olmas\u0131na m\u0259kt\u0259bin direktorlar\u0131 v\u0259 valideyn komit\u0259si il\u0259 m\u00fczakir\u0259sind\u0259n sonra q\u0259rar veril\u0259c\u0259k. Formalar\u0131n hans\u0131 dizaynda olmas\u0131n\u0131 m\u0259kt\u0259bl\u0259rin se\u00e7m\u0259si m\u00fcr\u0259kk\u0259b m\u0259s\u0259l\u0259dir. Ayr\u0131-ayr\u0131l\u0131qda m\u0259kt\u0259bl\u0259rd\u0259 vahid m\u0259kt\u0259bli formas\u0131n\u0131n olmas\u0131 n\u0259z\u0259rd\u0259 tutulub . Bu,\u00a0o dem\u0259k deyil ki, b\u00fct\u00fcn \u00f6lk\u0259d\u0259 bir n\u00fcmun\u0259 m\u0259kt\u0259bli formas\u0131 istifad\u0259 olanacaq\u201d. C.Bayramov qeyd edib ki, valideynl\u0259rl\u0259 q\u0259rarlar q\u0259bul edilib,&hellip;<\/p>\n","protected":false},"author":2,"featured_media":86665,"comment_status":"closed","ping_status":"closed","sticky":false,"template":"","format":"standard","meta":{"om_disable_all_campaigns":false,"_monsterinsights_skip_tracking":false,"_monsterinsights_sitenote_active":false,"_monsterinsights_sitenote_note":"","_monsterinsights_sitenote_category":0},"categories":[1],"tags":[],"aioseo_notices":[],"gutentor_comment":0,"rttpg_featured_image_url":{"full":["https:\/\/arantv.az\/wp-content\/uploads\/2019\/10\/forma.jpg",620,443,false],"landscape":["https:\/\/arantv.az\/wp-content\/uploads\/2019\/10\/forma.jpg",620,443,false],"portraits":["https:\/\/arantv.az\/wp-content\/uploads\/2019\/10\/forma.jpg",620,443,false],"thumbnail":["https:\/\/arantv.az\/wp-content\/uploads\/2019\/10\/forma-150x150.jpg",150,150,true],"medium":["https:\/\/arantv.az\/wp-content\/uploads\/2019\/10\/forma-300x214.jpg",300,214,true],"large":["https:\/\/arantv.az\/wp-content\/uploads\/2019\/10\/forma.jpg",620,443,false],"1536x1536":["https:\/\/arantv.az\/wp-content\/uploads\/2019\/10\/forma.jpg",620,443,false],"2048x2048":["https:\/\/arantv.az\/wp-content\/uploads\/2019\/10\/forma.jpg",620,443,false],"post-thumbnail":["https:\/\/arantv.az\/wp-content\/uploads\/2019\/10\/forma-240x172.jpg",240,172,true],"advps-thumb-one":["https:\/\/arantv.az\/wp-content\/uploads\/2019\/10\/forma.jpg",620,443,false]},"rttpg_author":{"display_name":"V\u00fcsal Rafiqo\u011flu","author_link":"https:\/\/arantv.az\/?author=2"},"rttpg_comment":0,"rttpg_category":"<a href=\"https:\/\/arantv.az\/?cat=1\" rel=\"category\">C\u0259miyy\u0259t<\/a>","rttpg_excerpt":"M\u0259kt\u0259bl\u0259rd\u0259 m\u00fcxt\u0259lif dizaynda vahid m\u0259kt\u0259bli formalar\u0131n\u0131n olmas\u0131 n\u0259z\u0259rd\u0259 tutulur. ARANTV.AZ-\u0131n m\u0259lumat\u0131na g\u00f6r\u0259, bunu T\u0259hsil naziri Ceyhun Bayramov YAP-\u0131n inzibati binas\u0131nda ke\u00e7iril\u0259n m\u0259tbuat konfrans\u0131nda bildirib. Onun s\u00f6zl\u0259rin\u0259 g\u00f6r\u0259, qanunvericiliy\u0259 g\u00f6r\u0259, m\u00fcxt\u0259lif formada haz\u0131rlanm\u0131\u015f bir ne\u00e7\u0259 dizayn t\u0259sdiq edil\u0259c\u0259k: \u201cAncaq m\u0259kt\u0259bli formas\u0131n\u0131n hans\u0131 dizaynda olmas\u0131na m\u0259kt\u0259bin direktorlar\u0131 v\u0259 valideyn komit\u0259si il\u0259 m\u00fczakir\u0259sind\u0259n sonra q\u0259rar veril\u0259c\u0259k. Formalar\u0131n hans\u0131&hellip;","_links":{"self":[{"href":"https:\/\/arantv.az\/index.php?rest_route=\/wp\/v2\/posts\/86664"}],"collection":[{"href":"https:\/\/arantv.az\/index.php?rest_route=\/wp\/v2\/posts"}],"about":[{"href":"https:\/\/arantv.az\/index.php?rest_route=\/wp\/v2\/types\/post"}],"author":[{"embeddable":true,"href":"https:\/\/arantv.az\/index.php?rest_route=\/wp\/v2\/users\/2"}],"replies":[{"embeddable":true,"href":"https:\/\/arantv.az\/index.php?rest_route=%2Fwp%2Fv2%2Fcomments&post=86664"}],"version-history":[{"count":0,"href":"https:\/\/arantv.az\/index.php?rest_route=\/wp\/v2\/posts\/86664\/revisions"}],"wp:featuredmedia":[{"embeddable":true,"href":"https:\/\/arantv.az\/index.php?rest_route=\/wp\/v2\/media\/86665"}],"wp:attachment":[{"href":"https:\/\/arantv.az\/index.php?rest_route=%2Fwp%2Fv2%2Fmedia&parent=86664"}],"wp:term":[{"taxonomy":"category","embeddable":true,"href":"https:\/\/arantv.az\/index.php?rest_route=%2Fwp%2Fv2%2Fcategories&post=86664"},{"taxonomy":"post_tag","embeddable":true,"href":"https:\/\/arantv.az\/index.php?rest_route=%2Fwp%2Fv2%2Ftags&post=86664"}],"curies":[{"name":"wp","href":"https:\/\/api.w.org\/{rel}","templated":true}]}}