{"id":86668,"date":"2019-10-17T12:38:00","date_gmt":"2019-10-17T09:38:00","guid":{"rendered":"http:\/\/arantv.az\/?p=86668"},"modified":"2019-10-17T12:38:00","modified_gmt":"2019-10-17T09:38:00","slug":"ceyhun-bayramov-direktorlar-s%c9%99hl%c9%99nkarliq-edib","status":"publish","type":"post","link":"https:\/\/arantv.az\/?p=86668","title":{"rendered":"Ceyhun Bayramov: Direktorlar s\u0259hl\u0259nkarl\u0131q edib"},"content":{"rendered":"<p>\u015eagirdl\u0259rin yerd\u0259yi\u015fm\u0259si elektronla\u015fd\u0131r\u0131lmam\u0131\u015fdan \u0259vv\u0259l meydana \u00e7\u0131xan naraz\u0131l\u0131\u011f\u0131 yaln\u0131z T\u0259hsil Nazirliyin\u0259 \u015fikay\u0259t daxil olduqda bilirdik.<\/p>\n<p><b>ARANTV.AZ<\/b>-\u0131n m\u0259lumat\u0131na g\u00f6r\u0259, bunu T\u0259hsil naziri Ceyhun Bayramov Yeni Az\u0259rbaycan Partiyas\u0131n\u0131n Q\u0259rargah\u0131nda ke\u00e7iril\u0259n m\u0259tbuat konfrans\u0131nda \u00e7\u0131x\u0131\u015f\u0131 zaman\u0131 deyib.<\/p>\n<p>Onun s\u00f6zl\u0259rin\u0259 g\u00f6r\u0259, Az\u0259rbaycanda \u015fagirdl\u0259rin ilk d\u0259f\u0259 elektron yerd\u0259yi\u015fm\u0259sind\u0259n bir h\u0259ft\u0259 sonra nazirliy\u0259 bir \u00e7ox m\u00fcraci\u0259tl\u0259r daxil olub:<\/p>\n<div id=\"AdviadNativeVideo0\" class=\"AdviadNativeVideo\"><\/div>\n<p>\u201cBak\u0131 \u015e\u0259h\u0259r \u00fczr\u0259 T\u0259hsil idar\u0259sinin qar\u015f\u0131s\u0131na \u00e7oxsayl\u0131 insan g\u0259lib deyirdi ki,\u00a0yerd\u0259yi\u015fm\u0259 prosesi l\u0259ngiyir v\u0259 s\u0259b\u0259bl\u0259ri il\u0259 maraqlan\u0131rd\u0131lar.<\/p>\n<p>Elektron sistem m\u00f6vcud olmasayd\u0131, bu m\u0259s\u0259l\u0259 il\u0259 ba\u011fl\u0131 naraz\u0131l\u0131qlar\u0131n h\u0259cmini m\u00fc\u0259yy\u0259n ed\u0259 bilm\u0259zdik. \u015eagirdl\u0259rin yerd\u0259yi\u015fm\u0259si elektronla\u015fd\u0131r\u0131lmam\u0131\u015fdan \u0259vv\u0259l meydana \u00e7\u0131xan naraz\u0131l\u0131\u011f\u0131 yaln\u0131z T\u0259hsil Nazirliyin\u0259 \u015fikay\u0259t daxil olduqda bilirdik.<\/p>\n<p>B\u0259z\u0259n bu probleml\u0259rl\u0259 \u00fczl\u0259\u015f\u0259nl\u0259r he\u00e7 m\u00fcraci\u0259t etm\u0259yib v\u0259 real v\u0259ziyy\u0259tl\u0259 ba\u011fl\u0131 m\u0259lumat\u0131m\u0131z olmurdu. Elektronla\u015fmadan sonra biz insanlar\u0131n probleml\u0259rini bilib, h\u0259ll yollar\u0131n\u0131 m\u00fczakir\u0259 ed\u0259 bildik. \u018flimizd\u0259 olan statistika biz\u0259 g\u00f6st\u0259rdi ki, h\u0259ll olunmayan v\u0259 yaxud h\u0259lli gecik\u0259n m\u0259s\u0259l\u0259l\u0259rin say\u0131 \u00fcmumi m\u00fcraci\u0259tl\u0259rin say\u0131n\u0131n iki\u00a0faizi q\u0259d\u0259rdir\u201d.<\/p>\n<p>C.Bayramov bildirib ki, proses yeni oldu\u011fu \u00fc\u00e7\u00fcn problemin\u00a0s\u0259b\u0259bl\u0259ri aras\u0131nda direktorun s\u0259hl\u0259nkarl\u0131\u011f\u0131 yer tutub:<\/p>\n<p>\u201cDirektor bu i\u015fi n\u0259zar\u0259t\u0259 g\u00f6t\u00fcrm\u0259d\u0259n bu i\u015fi texniki i\u015f\u00e7isin\u0259 h\u0259val\u0259 edib, o da v\u0259zif\u0259sini d\u00fczg\u00fcn ba\u015fa d\u00fc\u015fm\u0259yib v\u0259 ona g\u00f6r\u0259 d\u0259 l\u0259ngim\u0259l\u0259r gedib. Onlara x\u0259b\u0259rdarl\u0131q olundu v\u0259 m\u0259s\u0259l\u0259 \u00f6z h\u0259llini tapd\u0131\u201d.<\/p>\n<p>\u201cElektron sistem biz\u0259 imkan verir ki, m\u0259s\u0259l\u0259nin mahiyy\u0259tini q\u0131sa m\u00fcdd\u0259td\u0259 g\u00f6r\u0259 bil\u0259k. Sistemd\u0259 bir s\u0131ra t\u0259kmill\u0259\u015fdirm\u0259l\u0259r etdik. Sistem elektron oldu\u011fundan burada insan faktorunun m\u00fcdaxil\u0259sind\u0259n s\u00f6hb\u0259t ged\u0259 bilm\u0259z\u201d, &#8211; dey\u0259 nazir qeyd edib.oxu.az<\/p>\n","protected":false},"excerpt":{"rendered":"<p>\u015eagirdl\u0259rin yerd\u0259yi\u015fm\u0259si elektronla\u015fd\u0131r\u0131lmam\u0131\u015fdan \u0259vv\u0259l meydana \u00e7\u0131xan naraz\u0131l\u0131\u011f\u0131 yaln\u0131z T\u0259hsil Nazirliyin\u0259 \u015fikay\u0259t daxil olduqda bilirdik. ARANTV.AZ-\u0131n m\u0259lumat\u0131na g\u00f6r\u0259, bunu T\u0259hsil naziri Ceyhun Bayramov Yeni Az\u0259rbaycan Partiyas\u0131n\u0131n Q\u0259rargah\u0131nda ke\u00e7iril\u0259n m\u0259tbuat konfrans\u0131nda \u00e7\u0131x\u0131\u015f\u0131 zaman\u0131 deyib. Onun s\u00f6zl\u0259rin\u0259 g\u00f6r\u0259, Az\u0259rbaycanda \u015fagirdl\u0259rin ilk d\u0259f\u0259 elektron yerd\u0259yi\u015fm\u0259sind\u0259n bir h\u0259ft\u0259 sonra nazirliy\u0259 bir \u00e7ox m\u00fcraci\u0259tl\u0259r daxil olub: \u201cBak\u0131 \u015e\u0259h\u0259r \u00fczr\u0259 T\u0259hsil idar\u0259sinin qar\u015f\u0131s\u0131na \u00e7oxsayl\u0131 insan g\u0259lib deyirdi ki,\u00a0yerd\u0259yi\u015fm\u0259 prosesi l\u0259ngiyir v\u0259 s\u0259b\u0259bl\u0259ri il\u0259 maraqlan\u0131rd\u0131lar. Elektron sistem m\u00f6vcud olmasayd\u0131, bu m\u0259s\u0259l\u0259 il\u0259 ba\u011fl\u0131 naraz\u0131l\u0131qlar\u0131n h\u0259cmini m\u00fc\u0259yy\u0259n ed\u0259 bilm\u0259zdik. \u015eagirdl\u0259rin yerd\u0259yi\u015fm\u0259si elektronla\u015fd\u0131r\u0131lmam\u0131\u015fdan \u0259vv\u0259l meydana \u00e7\u0131xan naraz\u0131l\u0131\u011f\u0131 yaln\u0131z T\u0259hsil Nazirliyin\u0259&hellip;<\/p>\n","protected":false},"author":2,"featured_media":86669,"comment_status":"closed","ping_status":"closed","sticky":false,"template":"","format":"standard","meta":{"om_disable_all_campaigns":false,"_monsterinsights_skip_tracking":false,"_monsterinsights_sitenote_active":false,"_monsterinsights_sitenote_note":"","_monsterinsights_sitenote_category":0},"categories":[1],"tags":[],"aioseo_notices":[],"gutentor_comment":0,"rttpg_featured_image_url":{"full":["https:\/\/arantv.az\/wp-content\/uploads\/2019\/10\/ceka.jpg",620,412,false],"landscape":["https:\/\/arantv.az\/wp-content\/uploads\/2019\/10\/ceka.jpg",620,412,false],"portraits":["https:\/\/arantv.az\/wp-content\/uploads\/2019\/10\/ceka.jpg",620,412,false],"thumbnail":["https:\/\/arantv.az\/wp-content\/uploads\/2019\/10\/ceka-150x150.jpg",150,150,true],"medium":["https:\/\/arantv.az\/wp-content\/uploads\/2019\/10\/ceka-300x199.jpg",300,199,true],"large":["https:\/\/arantv.az\/wp-content\/uploads\/2019\/10\/ceka.jpg",620,412,false],"1536x1536":["https:\/\/arantv.az\/wp-content\/uploads\/2019\/10\/ceka.jpg",620,412,false],"2048x2048":["https:\/\/arantv.az\/wp-content\/uploads\/2019\/10\/ceka.jpg",620,412,false],"post-thumbnail":["https:\/\/arantv.az\/wp-content\/uploads\/2019\/10\/ceka-240x172.jpg",240,172,true],"advps-thumb-one":["https:\/\/arantv.az\/wp-content\/uploads\/2019\/10\/ceka.jpg",620,412,false]},"rttpg_author":{"display_name":"V\u00fcsal Rafiqo\u011flu","author_link":"https:\/\/arantv.az\/?author=2"},"rttpg_comment":0,"rttpg_category":"<a href=\"https:\/\/arantv.az\/?cat=1\" rel=\"category\">C\u0259miyy\u0259t<\/a>","rttpg_excerpt":"\u015eagirdl\u0259rin yerd\u0259yi\u015fm\u0259si elektronla\u015fd\u0131r\u0131lmam\u0131\u015fdan \u0259vv\u0259l meydana \u00e7\u0131xan naraz\u0131l\u0131\u011f\u0131 yaln\u0131z T\u0259hsil Nazirliyin\u0259 \u015fikay\u0259t daxil olduqda bilirdik. ARANTV.AZ-\u0131n m\u0259lumat\u0131na g\u00f6r\u0259, bunu T\u0259hsil naziri Ceyhun Bayramov Yeni Az\u0259rbaycan Partiyas\u0131n\u0131n Q\u0259rargah\u0131nda ke\u00e7iril\u0259n m\u0259tbuat konfrans\u0131nda \u00e7\u0131x\u0131\u015f\u0131 zaman\u0131 deyib. Onun s\u00f6zl\u0259rin\u0259 g\u00f6r\u0259, Az\u0259rbaycanda \u015fagirdl\u0259rin ilk d\u0259f\u0259 elektron yerd\u0259yi\u015fm\u0259sind\u0259n bir h\u0259ft\u0259 sonra nazirliy\u0259 bir \u00e7ox m\u00fcraci\u0259tl\u0259r daxil olub: \u201cBak\u0131 \u015e\u0259h\u0259r \u00fczr\u0259 T\u0259hsil idar\u0259sinin&hellip;","_links":{"self":[{"href":"https:\/\/arantv.az\/index.php?rest_route=\/wp\/v2\/posts\/86668"}],"collection":[{"href":"https:\/\/arantv.az\/index.php?rest_route=\/wp\/v2\/posts"}],"about":[{"href":"https:\/\/arantv.az\/index.php?rest_route=\/wp\/v2\/types\/post"}],"author":[{"embeddable":true,"href":"https:\/\/arantv.az\/index.php?rest_route=\/wp\/v2\/users\/2"}],"replies":[{"embeddable":true,"href":"https:\/\/arantv.az\/index.php?rest_route=%2Fwp%2Fv2%2Fcomments&post=86668"}],"version-history":[{"count":0,"href":"https:\/\/arantv.az\/index.php?rest_route=\/wp\/v2\/posts\/86668\/revisions"}],"wp:featuredmedia":[{"embeddable":true,"href":"https:\/\/arantv.az\/index.php?rest_route=\/wp\/v2\/media\/86669"}],"wp:attachment":[{"href":"https:\/\/arantv.az\/index.php?rest_route=%2Fwp%2Fv2%2Fmedia&parent=86668"}],"wp:term":[{"taxonomy":"category","embeddable":true,"href":"https:\/\/arantv.az\/index.php?rest_route=%2Fwp%2Fv2%2Fcategories&post=86668"},{"taxonomy":"post_tag","embeddable":true,"href":"https:\/\/arantv.az\/index.php?rest_route=%2Fwp%2Fv2%2Ftags&post=86668"}],"curies":[{"name":"wp","href":"https:\/\/api.w.org\/{rel}","templated":true}]}}