{"id":86696,"date":"2019-10-17T13:51:29","date_gmt":"2019-10-17T10:51:29","guid":{"rendered":"http:\/\/arantv.az\/?p=86696"},"modified":"2019-10-17T13:51:29","modified_gmt":"2019-10-17T10:51:29","slug":"elmar-m%c9%99mm%c9%99dyarov-az%c9%99rbaycan-v%c9%99-erm%c9%99nistan-substantiv-danisiqlara-baslamalidir","status":"publish","type":"post","link":"https:\/\/arantv.az\/?p=86696","title":{"rendered":"Elmar M\u0259mm\u0259dyarov: Az\u0259rbaycan v\u0259 Erm\u0259nistan \u201csubstantiv dan\u0131\u015f\u0131qlara\u201d ba\u015flamal\u0131d\u0131r"},"content":{"rendered":"<p>Bak\u0131 v\u0259 Yerevan Da\u011fl\u0131q Qaraba\u011fdak\u0131 b\u00f6hran\u0131n h\u0259lli istiqam\u0259tind\u0259 apar\u0131lan dan\u0131\u015f\u0131qlarda d\u0259yi\u015fiklikl\u0259ri qeyd edib.<\/p>\n<p>Bu fikirl\u0259ri\u00a0<a href=\"https:\/\/iz.ru\/931686\/elnar-bainazarov\/my-nikuda-ne-denemsia-nado-vesti-peregovory-s-armeniei?fbclid=IwAR20a12B7oEOyf4uXXRiq3xpguc09U3sffjibFe1YoSbYlSFmYhmJ5UVf5A&amp;utm_referrer=https%3A%2F%2Fl.facebook.com%2F&amp;fa821dba_ipp_key=v1571300031011%2Fv3394bd567700289d768205163aeca6afa04ab3%2F3c5XiHdI5Q%2buGK1RwqZ6%2fQ%3d%3d&amp;fa821dba_ipp_uid=1569323822708%2fTlY8YUIhE3cAOE5u%2fuDT17LAWGUQ%2ffutUjiz1rA%3d%3d&amp;fa821dba_ipp_uid2=TlY8YUIhE3cAOE5u%2fuDT17LAWGUQ%2ffutUjiz1rA%3d%3d&amp;fa821dba_ipp_uid1=1569323822708\" target=\"_blank\" rel=\"noopener\">\u201c\u0130zvestiya\u201d<\/a>ya m\u00fcsahib\u0259sind\u0259 Az\u0259rbaycan Xarici \u0130\u015fl\u0259r naziri Elmar M\u0259mm\u0259dyarov deyib.<\/p>\n<p>Ancaq X\u0130N r\u0259hb\u0259ri erm\u0259ni t\u0259r\u0259fi il\u0259 Nyu-Yorkda ba\u015f tutan son g\u00f6r\u00fc\u015f\u00fcnd\u0259n m\u0259yus oldu\u011funu bildirib. Nazir deyib ki, MDB Xarici \u0130\u015fl\u0259r Nazirl\u0259ri \u015euras\u0131n\u0131n A\u015fqabadda ke\u00e7iril\u0259n iclas\u0131 \u00e7\u0259r\u00e7iv\u0259sind\u0259 erm\u0259ni h\u0259mkar\u0131 Z\u00f6hrab Mnatsakanyanla\u00a0yenid\u0259n bu m\u00f6vzuya toxunub.<\/p>\n<div id=\"AdviadNativeVideo0\" class=\"AdviadNativeVideo\"><\/div>\n<p><strong>&#8211; A\u015fqabadda MDB Xarici \u0130\u015fl\u0259r Nazirl\u0259ri Zirv\u0259sinin geni\u015fl\u0259ndirilmi\u015f iclas\u0131nda siz v\u0259 erm\u0259ni h\u0259mkar\u0131n\u0131z yana\u015f\u0131 oturmu\u015fdunuz. Buna \u0259saslanaraq Erm\u0259nistan-Az\u0259rbaycan m\u00fcnaqi\u015f\u0259sinin h\u0259llind\u0259 MDB-nin rolunu nec\u0259 qiym\u0259tl\u0259ndirirsiniz? Bu, praktik sah\u0259y\u0259 yay\u0131l\u0131r, yoxsa Bak\u0131 v\u0259 Yerevan\u0131 bir stol arxas\u0131nda yana\u015f\u0131 oturtmaq c\u0259hdi il\u0259 ba\u015fa \u00e7at\u0131r?<\/strong><\/p>\n<p>&#8211; \u018fvv\u0259ll\u0259r d\u00f6vl\u0259tl\u0259rimiz aras\u0131nda t\u0259nziml\u0259m\u0259 m\u0259s\u0259l\u0259sini BMT h\u0259ll edirdi. Bildiyiniz kimi, 1993-c\u00fc ild\u0259 qaynar d\u00f6vrd\u0259 \u00f6lk\u0259l\u0259r aras\u0131nda s\u00fclh\u00fcn v\u0259 t\u0259hl\u00fck\u0259sizliyin qorunmas\u0131n\u0131n \u0259sas orqan\u0131 olan BMT T\u0259hl\u00fck\u0259sizlik \u015euras\u0131 formatlar\u0131 m\u00fc\u0259yy\u0259nl\u0259\u015fdirdi, m\u00fcnaqi\u015f\u0259nin h\u0259llin\u0259 z\u0259min haz\u0131rlad\u0131 v\u0259 d\u00f6rd q\u0259tnam\u0259 q\u0259bul etdi.<\/p>\n<p>Sonra s\u00fclh t\u0259\u015f\u0259bb\u00fcs\u00fc AT\u018fT-in Minsk Qrupuna verildi. \u0130ndi onlar beyn\u0259lxalq t\u0259\u015fkilat\u0131n mandat\u0131na uy\u011fun olaraq Bak\u0131 il\u0259 Yerevan aras\u0131nda nizamlama il\u0259 m\u0259\u015f\u011fuldur.<\/p>\n<p>Rusiya, AB\u015e v\u0259 Fransan\u0131n r\u0259hb\u0259rlik etdiyi Minsk qrupu bu m\u00fcnaqi\u015f\u0259nin h\u0259lli \u00fc\u00e7\u00fcn AT\u018fT-in \u0259sas agentl\u0259ridir. Biz haz\u0131rda (MDB X\u0130N \u015furas\u0131 \u00e7\u0259r\u00e7iv\u0259sind\u0259 &#8211; red.), \u0259lb\u0259tt\u0259 ki, q\u0131saca bu m\u00f6vzuya toxunduq &#8211; ham\u0131m\u0131z ba\u015fa d\u00fc\u015f\u00fcr\u00fck ki, MDB m\u0259kan\u0131nda h\u0259ll olunmam\u0131\u015f m\u00fcnaqi\u015f\u0259l\u0259r h\u0259r hans\u0131 f\u0259aliyy\u0259tl\u0259r, o c\u00fcml\u0259d\u0259n, iqtisadi, humanitar v\u0259 s. m\u0259s\u0259l\u0259l\u0259r \u00fc\u00e7\u00fcn mane\u0259l\u0259r yarad\u0131r.<\/p>\n<p>Az\u0259rbaycan v\u0259 Erm\u0259nistan da daxil olmaqla, 10 \u00f6lk\u0259nin ham\u0131s\u0131 bu m\u00fcnaqi\u015f\u0259nin s\u00fcr\u0259tli h\u0259llini tapma\u011f\u0131n laz\u0131m oldu\u011funu q\u0259bul etdil\u0259r. Ancaq etiraf etm\u0259k laz\u0131md\u0131r ki, m\u00fcnaqi\u015f\u0259nin nizamlanmas\u0131nda \u0259sas i\u015fl\u0259r MDB-d\u0259 deyil, AT\u018fT-in Minsk qrupunu \u00e7\u0259r\u00e7iv\u0259sind\u0259 apar\u0131l\u0131r.<\/p>\n<p><strong>&#8211; Son bir il \u0259rzind\u0259 erm\u0259ni h\u0259mkar\u0131n\u0131z Z\u00f6hrab Mnatsakanyanla\u00a0yeddi d\u0259f\u0259, o c\u00fcml\u0259d\u0259n, Moskvada Rusiya Xarici \u0130\u015fl\u0259r Nazirliyinin i\u015ftirak\u0131 il\u0259 \u00fc\u00e7t\u0259r\u0259fli dan\u0131\u015f\u0131qlar \u00e7\u0259r\u00e7iv\u0259sind\u0259 g\u00f6r\u00fc\u015fd\u00fcn\u00fcz. Bu g\u00f6r\u00fc\u015fl\u0259rin hans\u0131sa xeyri oldumu? M\u00fcnaqi\u015f\u0259nin h\u0259llind\u0259 hans\u0131sa ir\u0259lil\u0259yi\u015fl\u0259rin yarand\u0131\u011f\u0131n\u0131 dem\u0259k olar?\u00a0<\/strong><\/p>\n<p>&#8211; H\u0259l\u0259lik biz n\u0259tic\u0259l\u0259r g\u00f6zl\u0259yirik. Sonuncu d\u0259f\u0259 biz bir ay \u0259vv\u0259l AB\u015e-da g\u00f6r\u00fc\u015fm\u00fc\u015f\u00fck. M\u0259n art\u0131q dedim ki, t\u0259\u0259ss\u00fcfl\u0259r olsun, biz dan\u0131\u015f\u0131qlar bar\u0259d\u0259 deyil, m\u0259hz g\u00f6r\u00fc\u015fl\u0259r haqq\u0131nda dan\u0131\u015fmal\u0131y\u0131q. Erm\u0259ni h\u0259mkar\u0131mla son bel\u0259 g\u00f6r\u00fc\u015f Minsk qrupunun i\u015ftirak\u0131 il\u0259 Nyu-Yorkda olmas\u0131na baxmayaraq, d\u00fcz\u00fcn\u00fc des\u0259m, bundan bir az m\u0259yus oldum.<\/p>\n<p>\u018fg\u0259r ir\u0259li getm\u0259k v\u0259 m\u00fcnaqi\u015f\u0259sinin siyasi h\u0259llini ist\u0259yiriks\u0259, \u0259lb\u0259tt\u0259 ki, m\u0259nim sevimli s\u00f6z\u00fcm olan \u201csubstantiv dan\u0131\u015f\u0131qlar\u201ddan\u00a0 ba\u015flamaq laz\u0131md\u0131r \u2013 hans\u0131sa substansiya olsa, dan\u0131\u015f\u0131qlar bunun \u00fcz\u0259rind\u0259 apar\u0131lar. B\u0259li, biz dan\u0131\u015f\u0131qlar apar\u0131rd\u0131q, ancaq hans\u0131sa m\u0259qamda h\u0259ms\u0259drl\u0259r dedil\u0259r: bax\u0131n, ba\u015fa d\u00fc\u015f\u00fcrs\u00fcn\u00fcz, t\u0259mas x\u0259ttind\u0259 h\u0259rbi \u0259m\u0259liyyatlar&#8230;<\/p>\n<p>Ancaq obyektivlik namin\u0259, son ill\u0259r \u0259rzind\u0259 &#8211; yeri g\u0259lmi\u015fk\u0259n, art\u0131q n\u0259 q\u0259d\u0259rdir? \u2013 Praqada ba\u015flay\u0131b, sonra Madrid s\u0259n\u0259dl\u0259rin\u0259 s\u0131zd\u0131\u00a0&#8211;\u00a0t\u0259mas x\u0259tti olduqca g\u0259rgin olub. V\u0259 yen\u0259 d\u0259 biz tap\u015f\u0131r\u0131qlar\u0131 yerin\u0259 yetir\u0259, ir\u0259li ged\u0259 v\u0259 cari m\u0259s\u0259l\u0259l\u0259rin h\u0259lli il\u0259 ba\u011fl\u0131 olduqca ciddi, madd\u0259li dan\u0131\u015f\u0131qlar apara bil\u0259rdik \u2013 ilk n\u00f6vb\u0259d\u0259, h\u0259rb\u00e7il\u0259rin kazarmalara, yerl\u0259rind\u0259n did\u0259rgin d\u00fc\u015fm\u00fc\u015f insanlar\u0131n evl\u0259rin\u0259 qay\u0131tmas\u0131 il\u0259 ba\u011fl\u0131 raz\u0131la\u015fa bil\u0259rdik. Bundan sonra qalan m\u0259s\u0259l\u0259l\u0259ri h\u0259ll etm\u0259k olard\u0131.<\/p>\n<p>2008-ci ild\u0259 Madrid s\u0259n\u0259dind\u0259, sonra 2010-cu il \u00fc\u00e7\u00fcn yenid\u0259n i\u015fl\u0259nmi\u015f variant\u0131nda, sonra Kazan s\u0259n\u0259dind\u0259 g\u00f6st\u0259ril\u0259nl\u0259r &#8211; b\u00fct\u00fcn bunlar i\u015fl\u0259nir, i\u015fl\u0259nir, amma prinsipc\u0259 dan\u0131\u015f\u0131qlar \u00fc\u00e7\u00fcn \u0259sas olaraq qal\u0131r. H\u0259mi\u015f\u0259 h\u0259ms\u0259drl\u0259rimiz\u0259 deyirik: he\u00e7 yer\u0259 getm\u0259y\u0259c\u0259yik, oturub Yerevanla bu g\u00fcn masada olan s\u0259n\u0259d \u00fcz\u0259rind\u0259 \u0259sasl\u0131 dan\u0131\u015f\u0131qlar aparmal\u0131y\u0131q.<\/p>\n","protected":false},"excerpt":{"rendered":"<p>Bak\u0131 v\u0259 Yerevan Da\u011fl\u0131q Qaraba\u011fdak\u0131 b\u00f6hran\u0131n h\u0259lli istiqam\u0259tind\u0259 apar\u0131lan dan\u0131\u015f\u0131qlarda d\u0259yi\u015fiklikl\u0259ri qeyd edib. Bu fikirl\u0259ri\u00a0\u201c\u0130zvestiya\u201dya m\u00fcsahib\u0259sind\u0259 Az\u0259rbaycan Xarici \u0130\u015fl\u0259r naziri Elmar M\u0259mm\u0259dyarov deyib. Ancaq X\u0130N r\u0259hb\u0259ri erm\u0259ni t\u0259r\u0259fi il\u0259 Nyu-Yorkda ba\u015f tutan son g\u00f6r\u00fc\u015f\u00fcnd\u0259n m\u0259yus oldu\u011funu bildirib. Nazir deyib ki, MDB Xarici \u0130\u015fl\u0259r Nazirl\u0259ri \u015euras\u0131n\u0131n A\u015fqabadda ke\u00e7iril\u0259n iclas\u0131 \u00e7\u0259r\u00e7iv\u0259sind\u0259 erm\u0259ni h\u0259mkar\u0131 Z\u00f6hrab Mnatsakanyanla\u00a0yenid\u0259n bu m\u00f6vzuya toxunub. &#8211; A\u015fqabadda MDB Xarici \u0130\u015fl\u0259r Nazirl\u0259ri Zirv\u0259sinin geni\u015fl\u0259ndirilmi\u015f iclas\u0131nda siz v\u0259 erm\u0259ni h\u0259mkar\u0131n\u0131z yana\u015f\u0131 oturmu\u015fdunuz. Buna \u0259saslanaraq Erm\u0259nistan-Az\u0259rbaycan m\u00fcnaqi\u015f\u0259sinin h\u0259llind\u0259 MDB-nin rolunu nec\u0259 qiym\u0259tl\u0259ndirirsiniz? Bu, praktik sah\u0259y\u0259 yay\u0131l\u0131r, yoxsa Bak\u0131 v\u0259 Yerevan\u0131 bir stol&hellip;<\/p>\n","protected":false},"author":2,"featured_media":86697,"comment_status":"closed","ping_status":"closed","sticky":false,"template":"","format":"standard","meta":{"om_disable_all_campaigns":false,"_monsterinsights_skip_tracking":false,"_monsterinsights_sitenote_active":false,"_monsterinsights_sitenote_note":"","_monsterinsights_sitenote_category":0},"categories":[19],"tags":[],"aioseo_notices":[],"gutentor_comment":0,"rttpg_featured_image_url":{"full":["https:\/\/arantv.az\/wp-content\/uploads\/2019\/10\/elmar_mamedyarov_mid.jpg",620,413,false],"landscape":["https:\/\/arantv.az\/wp-content\/uploads\/2019\/10\/elmar_mamedyarov_mid.jpg",620,413,false],"portraits":["https:\/\/arantv.az\/wp-content\/uploads\/2019\/10\/elmar_mamedyarov_mid.jpg",620,413,false],"thumbnail":["https:\/\/arantv.az\/wp-content\/uploads\/2019\/10\/elmar_mamedyarov_mid-150x150.jpg",150,150,true],"medium":["https:\/\/arantv.az\/wp-content\/uploads\/2019\/10\/elmar_mamedyarov_mid-300x200.jpg",300,200,true],"large":["https:\/\/arantv.az\/wp-content\/uploads\/2019\/10\/elmar_mamedyarov_mid.jpg",620,413,false],"1536x1536":["https:\/\/arantv.az\/wp-content\/uploads\/2019\/10\/elmar_mamedyarov_mid.jpg",620,413,false],"2048x2048":["https:\/\/arantv.az\/wp-content\/uploads\/2019\/10\/elmar_mamedyarov_mid.jpg",620,413,false],"post-thumbnail":["https:\/\/arantv.az\/wp-content\/uploads\/2019\/10\/elmar_mamedyarov_mid-240x172.jpg",240,172,true],"advps-thumb-one":["https:\/\/arantv.az\/wp-content\/uploads\/2019\/10\/elmar_mamedyarov_mid.jpg",620,413,false]},"rttpg_author":{"display_name":"V\u00fcsal Rafiqo\u011flu","author_link":"https:\/\/arantv.az\/?author=2"},"rttpg_comment":0,"rttpg_category":"<a href=\"https:\/\/arantv.az\/?cat=19\" rel=\"category\">G\u00fcnd\u0259m<\/a>","rttpg_excerpt":"Bak\u0131 v\u0259 Yerevan Da\u011fl\u0131q Qaraba\u011fdak\u0131 b\u00f6hran\u0131n h\u0259lli istiqam\u0259tind\u0259 apar\u0131lan dan\u0131\u015f\u0131qlarda d\u0259yi\u015fiklikl\u0259ri qeyd edib. Bu fikirl\u0259ri\u00a0\u201c\u0130zvestiya\u201dya m\u00fcsahib\u0259sind\u0259 Az\u0259rbaycan Xarici \u0130\u015fl\u0259r naziri Elmar M\u0259mm\u0259dyarov deyib. Ancaq X\u0130N r\u0259hb\u0259ri erm\u0259ni t\u0259r\u0259fi il\u0259 Nyu-Yorkda ba\u015f tutan son g\u00f6r\u00fc\u015f\u00fcnd\u0259n m\u0259yus oldu\u011funu bildirib. Nazir deyib ki, MDB Xarici \u0130\u015fl\u0259r Nazirl\u0259ri \u015euras\u0131n\u0131n A\u015fqabadda ke\u00e7iril\u0259n iclas\u0131 \u00e7\u0259r\u00e7iv\u0259sind\u0259 erm\u0259ni h\u0259mkar\u0131 Z\u00f6hrab Mnatsakanyanla\u00a0yenid\u0259n bu m\u00f6vzuya&hellip;","_links":{"self":[{"href":"https:\/\/arantv.az\/index.php?rest_route=\/wp\/v2\/posts\/86696"}],"collection":[{"href":"https:\/\/arantv.az\/index.php?rest_route=\/wp\/v2\/posts"}],"about":[{"href":"https:\/\/arantv.az\/index.php?rest_route=\/wp\/v2\/types\/post"}],"author":[{"embeddable":true,"href":"https:\/\/arantv.az\/index.php?rest_route=\/wp\/v2\/users\/2"}],"replies":[{"embeddable":true,"href":"https:\/\/arantv.az\/index.php?rest_route=%2Fwp%2Fv2%2Fcomments&post=86696"}],"version-history":[{"count":0,"href":"https:\/\/arantv.az\/index.php?rest_route=\/wp\/v2\/posts\/86696\/revisions"}],"wp:featuredmedia":[{"embeddable":true,"href":"https:\/\/arantv.az\/index.php?rest_route=\/wp\/v2\/media\/86697"}],"wp:attachment":[{"href":"https:\/\/arantv.az\/index.php?rest_route=%2Fwp%2Fv2%2Fmedia&parent=86696"}],"wp:term":[{"taxonomy":"category","embeddable":true,"href":"https:\/\/arantv.az\/index.php?rest_route=%2Fwp%2Fv2%2Fcategories&post=86696"},{"taxonomy":"post_tag","embeddable":true,"href":"https:\/\/arantv.az\/index.php?rest_route=%2Fwp%2Fv2%2Ftags&post=86696"}],"curies":[{"name":"wp","href":"https:\/\/api.w.org\/{rel}","templated":true}]}}