{"id":86702,"date":"2019-10-17T13:54:17","date_gmt":"2019-10-17T10:54:17","guid":{"rendered":"http:\/\/arantv.az\/?p=86702"},"modified":"2019-10-17T13:54:17","modified_gmt":"2019-10-17T10:54:17","slug":"%c9%99li-%c9%99hm%c9%99dov-az%c9%99rbaycan-respublikasi-butun-dunyada-%c9%99n-ugurlu-g%c9%99nc-dovl%c9%99t-hesab-olunur","status":"publish","type":"post","link":"https:\/\/arantv.az\/?p=86702","title":{"rendered":"\u018fli \u018fhm\u0259dov: &#8220;Az\u0259rbaycan Respublikas\u0131 b\u00fct\u00fcn d\u00fcnyada \u0259n u\u011furlu g\u0259nc d\u00f6vl\u0259t hesab olunur&#8221;"},"content":{"rendered":"<blockquote><p><em><strong>Az\u0259rbaycan\u0131n d\u00f6vl\u0259t m\u00fcst\u0259qilliyinin b\u0259rpa etm\u0259sinin 28-ci ild\u00f6n\u00fcm\u00fc tamam olur. SSR\u0130-nin s\u00fcqutu n\u0259tic\u0259sind\u0259 ba\u015f tutan d\u00f6vl\u0259t m\u00fcst\u0259qilliyi xalq\u0131n q\u0259lbind\u0259 b\u0259sl\u0259diyi ist\u0259k v\u0259 arzular\u0131n t\u0259nt\u0259n\u0259si olmaqla yana\u015f\u0131 eyni zamanda \u00f6lk\u0259mizin g\u0259l\u0259c\u0259k inki\u015faf\u0131 bax\u0131m\u0131ndan m\u00f6ht\u0259\u015f\u0259m \u015fans v\u0259 ba\u015flan\u011f\u0131c idi.<\/strong><\/em><\/p><\/blockquote>\n<p><strong>ARANTV.AZ<\/strong>\u00a0<a href=\"https:\/\/az.trend.az\/\" target=\"_blank\" rel=\"noopener\">Trend<\/a>-\u0259 istinad\u0259n x\u0259b\u0259r verir ki, bunu Yeni Az\u0259rbaycan Partiyas\u0131 S\u0259drinin m\u00fcavini-\u0130cra katibi \u018fli \u018fhm\u0259dov &#8220;18 oktyabr. Etiraf an\u0131&#8221; s\u0259rl\u00f6vh\u0259li m\u0259qal\u0259sind\u0259 qeyd edib.<\/p>\n<p>O bildirib ki, m\u00fcst\u0259qilliy\u0259 qovu\u015fduqdan sonra ilk iki ili \u00e7\u0131xmaq \u015f\u0259rti il\u0259 art\u0131q tarix\u0259 \u00e7evrilmi\u015f 26 il milli dir\u00e7\u0259li\u015fin v\u0259 inki\u015faf\u0131n, m\u00fcst\u0259qil d\u00f6vl\u0259t quruculu\u011funun, sabitliyin v\u0259 \u0259minamanl\u0131\u011f\u0131n, daim y\u00fcks\u0259l\u0259n sosial rifah\u0131n v\u0259 m\u00fcasirliyin bariz ifad\u0259si kimi yadda\u015flara h\u0259kk olunub:<\/p>\n<p>&#8220;F\u0259r\u0259hl\u0259ndirici hald\u0131r ki, Az\u0259rbaycan Respublikas\u0131 b\u00fct\u00fcn d\u00fcnyada \u0259n u\u011furlu g\u0259nc d\u00f6vl\u0259t hesab olunur. Bir n\u0259slin g\u00f6zl\u0259ri \u00f6n\u00fcnd\u0259 h\u0259yat b\u00fct\u00fcnl\u00fckl\u0259 d\u0259yi\u015fdi, m\u00fcst\u0259qilliyin ilk iki ilin\u0259 t\u0259sad\u00fcf ed\u0259n s\u0259ri\u015ft\u0259siz v\u0259 m\u0259suliyy\u0259tsiz r\u0259hb\u0259rl\u0259rin s\u0259hvl\u0259ri v\u0259 g\u00fcnahlar\u0131 \u00fcz\u00fcnd\u0259n h\u0259rt\u0259r\u0259fli b\u00f6hran m\u0259ng\u0259n\u0259sind\u0259 s\u0131x\u0131lan, da\u011f\u0131nt\u0131 v\u0259 talanlardan \u0259ziyy\u0259t \u00e7\u0259k\u0259n \u00f6lk\u0259 q\u0131sa zaman k\u0259siyind\u0259 \u00e7i\u00e7\u0259kl\u0259n\u0259n m\u0259ml\u0259k\u0259t\u0259 \u00e7evrildi. Orta v\u0259 yuxar\u0131 ya\u015fl\u0131 n\u0259slin yax\u015f\u0131 xat\u0131rlad\u0131\u011f\u0131 o Az\u0259rbaycan\u0131 bu g\u00fcn 30 ya\u015f\u0131na q\u0259d\u0259r olan insanlar g\u00f6rm\u0259yib v\u0259 b\u0259lk\u0259 d\u0259 \u00f6lk\u0259mizd\u0259 ger\u00e7\u0259kl\u0259\u015f\u0259n m\u00f6c\u00fcz\u0259ni, onun \u0259sl mahiyy\u0259tini, miqyas\u0131n\u0131 tam d\u0259rk ed\u0259 bilmirl\u0259r. \u00c7\u00fcnki onlar\u0131n t\u0259s\u0259vv\u00fcr\u00fcnd\u0259 yaln\u0131z indiki Az\u0259rbaycan, onun g\u00f6z\u0259llikl\u0259ri h\u0259kk olunub. G\u0259ncl\u0259rin rahatl\u0131\u011f\u0131ndan m\u0259mnun oldu\u011fu indiki h\u0259yat\u0131n v\u0259 \u00fcmumiyy\u0259tl\u0259 bug\u00fcnk\u00fc Az\u0259rbaycan\u0131n 1990-c\u0131 ill\u0259rin \u0259vv\u0259ll\u0259rind\u0259ki Az\u0259rbaycandan n\u0259 q\u0259d\u0259r uzaq m\u0259saf\u0259d\u0259 oldu\u011funu bilm\u0259si yax\u015f\u0131 olard\u0131. Onda \u00f6lk\u0259nin h\u0259yat\u0131nda ba\u015f ver\u0259n \u0259z\u0259m\u0259tli tarixi d\u0259yi\u015fikliyin miqyas\u0131n\u0131 v\u0259 \u0259h\u0259miyy\u0259tini daha d\u00fczg\u00fcn, daha \u0259dal\u0259tli qiym\u0259tl\u0259ndir\u0259 bil\u0259rdil\u0259r&#8221;.<\/p>\n<p>\u018f.\u018fhm\u0259dov qeyd edib ki, 18 oktyabr Az\u0259rbaycan\u0131n m\u00fcst\u0259qilliyi v\u0259 \u0259razi b\u00fct\u00f6vl\u00fcy\u00fc yolunda verdiyimiz qurbanlar\u0131 xat\u0131rlamaq \u00fc\u00e7\u00fcn yax\u015f\u0131 bir f\u00fcrs\u0259tdir: &#8220;Azadl\u0131q, m\u00fcst\u0259qillik yolunda canlar\u0131ndan ke\u00e7\u0259nl\u0259rin xatir\u0259si unudulmur, h\u00f6rm\u0259t v\u0259 ehtiramla yad edilir. Onlar d\u00f6vl\u0259timizin b\u00fct\u00f6vl\u00fcy\u00fc v\u0259 azadl\u0131\u011f\u0131 yolunda \u015f\u0259hid olmu\u015f q\u0259hr\u0259manlard\u0131r.<\/p>\n<p>Bu \u0259lam\u0259tdar g\u00fcnd\u0259 m\u00fcst\u0259qil Az\u0259rbaycan d\u00f6vl\u0259tinin qurucusu \u00fcmummilli lider Heyd\u0259r \u018fliyevin xat\u0131rlanmas\u0131, xatir\u0259sin\u0259 xalq h\u00f6rm\u0259ti v\u0259 ehtiram\u0131n\u0131n ifad\u0259 edilm\u0259si x\u00fcsusi m\u0259na v\u0259 \u0259h\u0259miyy\u0259t k\u0259sb edir. Xalq\u0131n onill\u0259rl\u0259 arzusunda oldu\u011fu m\u00fcst\u0259qilliyin qorunmas\u0131, saxlan\u0131lmas\u0131, \u0259sl milli d\u0259y\u0259r\u0259 v\u0259 nem\u0259t\u0259 \u00e7evrilm\u0259si m\u00fcst\u0259qilliyin ali ifad\u0259si say\u0131lan d\u00f6vl\u0259tin qurulmas\u0131 m\u00fcst\u0259sna olaraq onun xidm\u0259ti say\u0259sind\u0259 m\u00fcmk\u00fcn olmu\u015fdur. Az\u0259rbaycan\u0131n m\u00fcasir tarixinin \u015fahidi olanlar\u0131n v\u0259 ist\u0259r \u00f6lk\u0259 daxilind\u0259, ist\u0259r \u00f6lk\u0259 xaricind\u0259 bu tarixi izl\u0259y\u0259nl\u0259rin h\u0259r biri Heyd\u0259r \u018fliyevin 1993-c\u00fc ilin iyun ay\u0131nda tarixi qay\u0131d\u0131\u015f\u0131n\u0131 Az\u0259rbaycan d\u00f6vl\u0259t\u00e7iliyinin xilas\u0131 kimi d\u0259y\u0259rl\u0259ndirir. \u018fg\u0259r bu qay\u0131d\u0131\u015f ba\u015f tutmasayd\u0131 \u00f6lk\u0259miz v\u0259 onun h\u0259r bir sakini f\u0259rqli tale v\u0259 tarix ya\u015famal\u0131 olacaqd\u0131. Yaln\u0131z Heyd\u0259r \u018fliyevin m\u00fcdrikliyi, t\u0259cr\u00fcb\u0259si, irad\u0259si v\u0259 q\u0259tiyy\u0259ti say\u0259sind\u0259 \u00f6lk\u0259 b\u00fct\u00fcn m\u00fcmk\u00fcn faci\u0259l\u0259rd\u0259n, t\u0259lat\u00fcml\u0259rd\u0259n, par\u00e7alanmalardan xilas oldu, insanlar\u0131n s\u0259birsizlikl\u0259 g\u00f6zl\u0259diyi sabitlik v\u0259 \u0259minamanl\u0131q b\u0259rpa edildi, Az\u0259rbaycana misilsiz iqtisadi v\u0259 geopolitik dividendl\u0259r g\u0259tir\u0259n (v\u0259 bu g\u00fcn d\u0259 g\u0259tirm\u0259kd\u0259 davam ed\u0259n) \u0259srin neft m\u00fcqavil\u0259si imzaland\u0131. B\u00fct\u00fcn bunlar\u0131n n\u0259tic\u0259sind\u0259 m\u00fcst\u0259qillik \u0259b\u0259di v\u0259 d\u00f6nm\u0259z oldu, insanlar onun real b\u0259hr\u0259sini g\u00f6rd\u00fc, h\u0259qiqi d\u0259y\u0259rini v\u0259 m\u0259nas\u0131n\u0131 hiss etm\u0259y\u0259 ba\u015flad\u0131.<\/p>\n<p>Bu g\u00fcn eyni zamanda 2003-c\u00fc ilin prezident se\u00e7kil\u0259rind\u0259 xalq\u0131n d\u0259rin etimad\u0131n\u0131 qazanan Prezident \u0130lham \u018fliyevin y\u00fcr\u00fctd\u00fcy\u00fc siyas\u0259tin m\u00f6ht\u0259\u015f\u0259m t\u0259nt\u0259n\u0259sinin etiraf an\u0131d\u0131r. \u015e\u0259r\u0259fli tarix\u0259 \u00e7evrilmi\u015f 16 il \u0259rzind\u0259 iqtisadiyyat 3 d\u0259f\u0259 b\u00f6y\u00fcd\u00fc, Az\u0259rbaycan d\u00f6vl\u0259tinin q\u00fcdr\u0259ti misilsiz d\u0259r\u0259c\u0259d\u0259 artd\u0131, ordumuz g\u00fccl\u0259ndi v\u0259 d\u00fcnyada 52-ci pill\u0259y\u0259 y\u00fcks\u0259ldi. \u00d6lk\u0259nin simas\u0131 tan\u0131nmaz d\u0259r\u0259c\u0259d\u0259 d\u0259yi\u015fdi, m\u00fcasirl\u0259\u015fdi. Az\u0259rbaycan ya\u015famaq v\u0259 i\u015fl\u0259m\u0259k \u00fc\u00e7\u00fcn cazib\u0259dar m\u0259kana \u00e7evrildi. \u018fhalinin rifah\u0131n\u0131 ard\u0131c\u0131l olaraq yax\u015f\u0131la\u015fd\u0131ran layih\u0259l\u0259r h\u0259yata ke\u00e7irildi v\u0259 h\u0259yata ke\u00e7irilm\u0259kd\u0259dir. Yeni islahatlar strategiyas\u0131 haz\u0131rlan\u0131b u\u011furla t\u0259tbiq edilm\u0259kd\u0259dir. Az\u0259rbaycan indi d\u00fcnyada \u0259n \u00e7ox islahat ke\u00e7ir\u0259n \u00f6lk\u0259l\u0259rd\u0259n biri kimi tan\u0131n\u0131r.<\/p>\n<p>H\u0259yat\u0131m\u0131zda ba\u015f ver\u0259n d\u0259rin transformasiya insanlar\u0131m\u0131zda, onlar\u0131n n\u0259inki h\u0259yat v\u0259 m\u0259i\u015f\u0259tind\u0259, habel\u0259 d\u00fc\u015f\u00fcnc\u0259l\u0259rind\u0259, h\u0259yata m\u00fcnasib\u0259tind\u0259 m\u00fcsb\u0259t d\u0259yi\u015fiklikl\u0259rl\u0259 m\u00fc\u015faiy\u0259t olunur. Nikbinlik, ictimai f\u0259all\u0131q, v\u0259t\u0259np\u0259rv\u0259rlik, m\u00fcasirlik bug\u00fcnki az\u0259rbaycanl\u0131n\u0131 f\u0259rql\u0259ndir\u0259n ba\u015fl\u0131ca x\u00fcsusiyy\u0259tl\u0259rdir. O \u00f6z\u00fcn\u00fcn v\u0259 \u00f6vladlar\u0131n\u0131n g\u0259l\u0259c\u0259yini \u00f6lk\u0259mizin haz\u0131rki inki\u015faf\u0131ndan ayr\u0131 t\u0259s\u0259vv\u00fcr etmir v\u0259 buna g\u00f6r\u0259 d\u0259 bu inki\u015faf\u0131 h\u0259m qoruma\u011fa, h\u0259m d\u0259 ona t\u00f6hf\u0259l\u0259r verm\u0259y\u0259 haz\u0131rd\u0131r. Xalq\u0131n v\u0259 iqtidar\u0131n birliyi h\u0259yat\u0131m\u0131z\u0131n n\u0259inki reall\u0131\u011f\u0131, eyni zamanda g\u0259l\u0259c\u0259k u\u011furlar\u0131m\u0131z\u0131n r\u0259hnidir.<\/p>\n<p>18 oktyabr etiraf an\u0131 h\u0259r \u015feyd\u0259n \u0259vv\u0259l bir daha xalq\u0131m\u0131z\u0131n v\u0259 d\u00f6vl\u0259timizin qar\u015f\u0131s\u0131nda dahi Heyd\u0259r \u018fliyevin m\u00fcst\u0259sna xidm\u0259tl\u0259rinin d\u0259rk edilm\u0259sind\u0259n v\u0259 qiym\u0259tl\u0259ndirilm\u0259sind\u0259n ke\u00e7ir. Bu eyni zamanda son 16 ilin inki\u015faf\u0131n\u0131n, m\u00fcasirl\u0259\u015fm\u0259sinin, Az\u0259rbaycan\u0131n g\u00fcc\u00fcn\u00fcn, q\u00fcdr\u0259tinin, d\u00fcnyadak\u0131 rolunun v\u0259 m\u00fcsb\u0259t imicinin, insanlarda g\u0259l\u0259c\u0259y\u0259 s\u00f6nm\u0259z inam\u0131n formala\u015fmas\u0131n\u0131n memar\u0131 Prezident \u0130lham \u018fliyevin m\u00fcst\u0259sna xidm\u0259tl\u0259rinin bir daha d\u0259rk edilm\u0259si v\u0259 qiym\u0259tl\u0259ndirilm\u0259si an\u0131d\u0131r. Xalqla iqtidar\u0131n haqq\u0131nda b\u0259hs etdiyimiz sars\u0131lmaz birliyi m\u0259hz buna arxalan\u0131r.<\/p>\n<p>Az\u0259rbaycan\u0131n d\u00f6vl\u0259t m\u00fcst\u0259qilliyi \u0259b\u0259di olsun&#8221;.<\/p>\n","protected":false},"excerpt":{"rendered":"<p>Az\u0259rbaycan\u0131n d\u00f6vl\u0259t m\u00fcst\u0259qilliyinin b\u0259rpa etm\u0259sinin 28-ci ild\u00f6n\u00fcm\u00fc tamam olur. SSR\u0130-nin s\u00fcqutu n\u0259tic\u0259sind\u0259 ba\u015f tutan d\u00f6vl\u0259t m\u00fcst\u0259qilliyi xalq\u0131n q\u0259lbind\u0259 b\u0259sl\u0259diyi ist\u0259k v\u0259 arzular\u0131n t\u0259nt\u0259n\u0259si olmaqla yana\u015f\u0131 eyni zamanda \u00f6lk\u0259mizin g\u0259l\u0259c\u0259k inki\u015faf\u0131 bax\u0131m\u0131ndan m\u00f6ht\u0259\u015f\u0259m \u015fans v\u0259 ba\u015flan\u011f\u0131c idi. ARANTV.AZ\u00a0Trend-\u0259 istinad\u0259n x\u0259b\u0259r verir ki, bunu Yeni Az\u0259rbaycan Partiyas\u0131 S\u0259drinin m\u00fcavini-\u0130cra katibi \u018fli \u018fhm\u0259dov &#8220;18 oktyabr. Etiraf an\u0131&#8221; s\u0259rl\u00f6vh\u0259li m\u0259qal\u0259sind\u0259 qeyd edib. O bildirib ki, m\u00fcst\u0259qilliy\u0259 qovu\u015fduqdan sonra ilk iki ili \u00e7\u0131xmaq \u015f\u0259rti il\u0259 art\u0131q tarix\u0259 \u00e7evrilmi\u015f 26 il milli dir\u00e7\u0259li\u015fin v\u0259 inki\u015faf\u0131n, m\u00fcst\u0259qil d\u00f6vl\u0259t quruculu\u011funun, sabitliyin v\u0259 \u0259minamanl\u0131\u011f\u0131n, daim y\u00fcks\u0259l\u0259n sosial rifah\u0131n v\u0259&hellip;<\/p>\n","protected":false},"author":2,"featured_media":86703,"comment_status":"closed","ping_status":"closed","sticky":false,"template":"","format":"standard","meta":{"om_disable_all_campaigns":false,"_monsterinsights_skip_tracking":false,"_monsterinsights_sitenote_active":false,"_monsterinsights_sitenote_note":"","_monsterinsights_sitenote_category":0},"categories":[4],"tags":[],"aioseo_notices":[],"gutentor_comment":0,"rttpg_featured_image_url":{"full":["https:\/\/arantv.az\/wp-content\/uploads\/2019\/10\/794109-1.jpg",800,600,false],"landscape":["https:\/\/arantv.az\/wp-content\/uploads\/2019\/10\/794109-1.jpg",800,600,false],"portraits":["https:\/\/arantv.az\/wp-content\/uploads\/2019\/10\/794109-1.jpg",800,600,false],"thumbnail":["https:\/\/arantv.az\/wp-content\/uploads\/2019\/10\/794109-1-150x150.jpg",150,150,true],"medium":["https:\/\/arantv.az\/wp-content\/uploads\/2019\/10\/794109-1-300x225.jpg",300,225,true],"large":["https:\/\/arantv.az\/wp-content\/uploads\/2019\/10\/794109-1.jpg",640,480,false],"1536x1536":["https:\/\/arantv.az\/wp-content\/uploads\/2019\/10\/794109-1.jpg",800,600,false],"2048x2048":["https:\/\/arantv.az\/wp-content\/uploads\/2019\/10\/794109-1.jpg",800,600,false],"post-thumbnail":["https:\/\/arantv.az\/wp-content\/uploads\/2019\/10\/794109-1-240x172.jpg",240,172,true],"advps-thumb-one":["https:\/\/arantv.az\/wp-content\/uploads\/2019\/10\/794109-1.jpg",800,600,false]},"rttpg_author":{"display_name":"V\u00fcsal Rafiqo\u011flu","author_link":"https:\/\/arantv.az\/?author=2"},"rttpg_comment":0,"rttpg_category":"<a href=\"https:\/\/arantv.az\/?cat=4\" rel=\"category\">Siyas\u0259t<\/a>","rttpg_excerpt":"Az\u0259rbaycan\u0131n d\u00f6vl\u0259t m\u00fcst\u0259qilliyinin b\u0259rpa etm\u0259sinin 28-ci ild\u00f6n\u00fcm\u00fc tamam olur. SSR\u0130-nin s\u00fcqutu n\u0259tic\u0259sind\u0259 ba\u015f tutan d\u00f6vl\u0259t m\u00fcst\u0259qilliyi xalq\u0131n q\u0259lbind\u0259 b\u0259sl\u0259diyi ist\u0259k v\u0259 arzular\u0131n t\u0259nt\u0259n\u0259si olmaqla yana\u015f\u0131 eyni zamanda \u00f6lk\u0259mizin g\u0259l\u0259c\u0259k inki\u015faf\u0131 bax\u0131m\u0131ndan m\u00f6ht\u0259\u015f\u0259m \u015fans v\u0259 ba\u015flan\u011f\u0131c idi. ARANTV.AZ\u00a0Trend-\u0259 istinad\u0259n x\u0259b\u0259r verir ki, bunu Yeni Az\u0259rbaycan Partiyas\u0131 S\u0259drinin m\u00fcavini-\u0130cra katibi \u018fli \u018fhm\u0259dov &#8220;18 oktyabr. Etiraf an\u0131&#8221; s\u0259rl\u00f6vh\u0259li&hellip;","_links":{"self":[{"href":"https:\/\/arantv.az\/index.php?rest_route=\/wp\/v2\/posts\/86702"}],"collection":[{"href":"https:\/\/arantv.az\/index.php?rest_route=\/wp\/v2\/posts"}],"about":[{"href":"https:\/\/arantv.az\/index.php?rest_route=\/wp\/v2\/types\/post"}],"author":[{"embeddable":true,"href":"https:\/\/arantv.az\/index.php?rest_route=\/wp\/v2\/users\/2"}],"replies":[{"embeddable":true,"href":"https:\/\/arantv.az\/index.php?rest_route=%2Fwp%2Fv2%2Fcomments&post=86702"}],"version-history":[{"count":0,"href":"https:\/\/arantv.az\/index.php?rest_route=\/wp\/v2\/posts\/86702\/revisions"}],"wp:featuredmedia":[{"embeddable":true,"href":"https:\/\/arantv.az\/index.php?rest_route=\/wp\/v2\/media\/86703"}],"wp:attachment":[{"href":"https:\/\/arantv.az\/index.php?rest_route=%2Fwp%2Fv2%2Fmedia&parent=86702"}],"wp:term":[{"taxonomy":"category","embeddable":true,"href":"https:\/\/arantv.az\/index.php?rest_route=%2Fwp%2Fv2%2Fcategories&post=86702"},{"taxonomy":"post_tag","embeddable":true,"href":"https:\/\/arantv.az\/index.php?rest_route=%2Fwp%2Fv2%2Ftags&post=86702"}],"curies":[{"name":"wp","href":"https:\/\/api.w.org\/{rel}","templated":true}]}}