{"id":86710,"date":"2019-10-17T13:56:46","date_gmt":"2019-10-17T10:56:46","guid":{"rendered":"http:\/\/arantv.az\/?p=86710"},"modified":"2019-10-17T13:56:46","modified_gmt":"2019-10-17T10:56:46","slug":"prezidentin-media-h%c9%99ssasligi-islahatlara-alternativ-yoxdur","status":"publish","type":"post","link":"https:\/\/arantv.az\/?p=86710","title":{"rendered":"Prezidentin media h\u0259ssasl\u0131\u011f\u0131: islahatlara alternativ yoxdur"},"content":{"rendered":"<p><strong>ARANTV.AZ<\/strong>\u00a0\u00a0<a href=\"https:\/\/az.trend.az\/\" target=\"_blank\" rel=\"noopener\">Trend<\/a>-\u0259 istinad\u0259n M\u0259tbuat \u015euras\u0131n\u0131n S\u0259dri, Milli M\u0259clisin deputat\u0131\u00a0\u018fflatun Ama\u015fovun yaz\u0131s\u0131n\u0131 t\u0259qdim edir:<\/p>\n<p>Az\u0259rbaycan Respublikas\u0131n\u0131n Prezidenti c\u0259nab \u0130lham \u018fliyev oktyabr\u0131n 15-d\u0259 ke\u00e7irdiyi m\u00fc\u015favir\u0259d\u0259 \u00f6lk\u0259nin inki\u015faf\u0131 il\u0259 ba\u011fl\u0131 bir s\u0131ra vacib m\u0259qamlar\u0131 vur\u011fulad\u0131. O, h\u0259m\u00e7inin bu inki\u015faf \u00fc\u00e7\u00fcn apar\u0131lan islahatlara mane\u00e7ilik t\u00f6r\u0259d\u0259n hallar bar\u0259d\u0259 d\u0259 \u0259trafl\u0131 s\u00f6z a\u00e7d\u0131. \u0130slahatlar\u0131n iqtidarda olan b\u0259zi \u015f\u0259xsl\u0259rin m\u0259nafeyin\u0259 toxundu\u011funu diqq\u0259t\u0259 \u00e7atd\u0131ran d\u00f6vl\u0259t ba\u015f\u00e7\u0131m\u0131z h\u0259min \u015f\u0259xsl\u0259rin \u00f6z ist\u0259k v\u0259 maraqlar\u0131n\u0131 t\u0259min etm\u0259k \u00fc\u00e7\u00fcn m\u0259tbuatda qarayaxma kampaniyas\u0131 apard\u0131qlar\u0131n\u0131 \u00f6n\u0259 \u00e7\u0259kdi. C\u0259nab \u0130lham \u018fliyev\u0259 bel\u0259 h\u0259ssas m\u0259s\u0259l\u0259y\u0259 diqq\u0259t ay\u0131rd\u0131\u011f\u0131 \u00fc\u00e7\u00fcn t\u0259\u015f\u0259kk\u00fcr\u00fcm\u00fc bildirir\u0259m.<\/p>\n<p>Az\u0259rbaycan M\u0259tbuat \u015euras\u0131 ayr\u0131-ayr\u0131 \u015f\u0259xsl\u0259rin mediadan korporativ maraqlar namin\u0259 yararland\u0131qlar\u0131 reall\u0131\u011f\u0131n\u0131 d\u0259f\u0259l\u0259rl\u0259 vur\u011fulay\u0131b. Bunu b\u0259z\u0259n \u00f6zl\u0259rin\u0259 r\u0259qib \u015f\u0259xsl\u0259r bar\u0259d\u0259 kompramat materiallar d\u00f6vriyy\u0259y\u0259 buraxmaqla ger\u00e7\u0259kl\u0259\u015fdiribl\u0259r. H\u0259min materiallar is\u0259 bir qayda olaraq jurnalistikadan sui-istifad\u0259 ed\u0259nl\u0259rin \u0259lin\u0259 d\u00fc\u015f\u00fcb. M\u0259tbuat \u015euras\u0131 bel\u0259l\u0259rini &#8220;reket jurnalistl\u0259r&#8221; adland\u0131r\u0131r. H\u0259tta b\u0259zi m\u0259murlarla &#8220;reket jurnalistl\u0259r&#8221; aras\u0131nda t\u0259mas\u0131n oldu\u011funa dair \u015f\u00fcbh\u0259l\u0259rimiz d\u0259 olub. Bu q\u0259na\u0259timiz \u015euraya daxil olan \u015fikay\u0259tl\u0259rin motivin\u0259 \u0259saslan\u0131b.<\/p>\n<p>Az\u0259rbaycan M\u0259tbuat \u015euras\u0131 bel\u0259 hallara qar\u015f\u0131 daim m\u00fcbariz\u0259 apar\u0131b. \u0130ll\u0259rdir ki, \u015euran\u0131n t\u0259rkibind\u0259 &#8220;Reket jurnalistika&#8221;ya qar\u015f\u0131 m\u00fcbariz\u0259 Komissiyas\u0131 f\u0259aliyy\u0259t g\u00f6st\u0259rm\u0259kd\u0259dir. Komissiyada d\u00f6vl\u0259t qurumlar\u0131n\u0131n n\u00fcmay\u0259nd\u0259l\u0259ri d\u0259 t\u0259msil olunurlar.<\/p>\n<p>M\u0259tbuat \u015euras\u0131 pe\u015f\u0259 v\u0259zif\u0259sind\u0259n sui-istifad\u0259 ed\u0259n, insanlar\u0131n \u015f\u0259r\u0259f v\u0259 l\u0259yaq\u0259tini a\u015fa\u011f\u0131layan, i\u015fg\u00fczar n\u00fcfuzuna z\u0259r\u0259r vuran k\u00fctl\u0259vi informasiya vasit\u0259l\u0259rinin adlar\u0131n\u0131n yer ald\u0131\u011f\u0131 &#8220;qara siyah\u0131&#8221; t\u0259rtib edib. &#8220;Qara siyah\u0131&#8221; media sah\u0259sind\u0259ki yar\u0131tmazl\u0131qlara qar\u015f\u0131 m\u00fcbariz\u0259d\u0259 \u0259n tutarl\u0131 ictimai q\u0131naq t\u0259dbiridir. Ancaq bu yet\u0259rlidirmi? T\u0259bii ki, yox.<\/p>\n<p>B\u0259li, ictimai q\u0131naq yet\u0259rli deyil. \u00c7\u00fcnki m\u0259s\u0259l\u0259nin k\u00f6k\u00fcnd\u0259 hans\u0131sa K\u0130V-in pe\u015f\u0259 m\u00fcst\u0259visind\u0259 yol verdiyi n\u00f6qsan v\u0259 ya n\u00f6qsanlar dayanm\u0131r. Bir \u00e7ox m\u0259s\u0259l\u0259l\u0259r bil\u0259r\u0259kd\u0259n, planla\u015fd\u0131r\u0131lm\u0131\u015f \u015f\u0259kild\u0259 h\u0259yata ke\u00e7irilir. C\u0259nab Prezidentin \u00e7\u0131x\u0131\u015f\u0131nda s\u0259sl\u0259ndirdiyi m\u0259qamlar m\u0259hz bundan ir\u0259li g\u0259lir.<\/p>\n<p>\u00d6lk\u0259d\u0259 apar\u0131lan islahatlar\u0131 g\u00f6zl\u0259ri g\u00f6t\u00fcrm\u0259y\u0259n q\u00fcvv\u0259l\u0259r m\u00f6vcuddur. Ancaq m\u0259s\u0259l\u0259nin dig\u0259r t\u0259r\u0259fi d\u0259 var. He\u00e7 k\u0259s t\u0259minat ver\u0259 bilm\u0259z ki, bu q\u00fcvv\u0259l\u0259r n\u0259 vaxtsa xaricd\u0259ki anti-milli dair\u0259l\u0259rl\u0259 \u0259laq\u0259 qurmayacaqlar. Bu g\u00fcn islahat\u0131 \u00f6zl\u0259rinin \u015f\u0259xsi maraqlar\u0131na t\u0259hdid kimi g\u00f6r\u0259nl\u0259r sabah bu t\u0259hl\u00fck\u0259ni aradan qald\u0131rmaq \u00fc\u00e7\u00fcn kiml\u0259 des\u0259n \u0259m\u0259kda\u015fl\u0131\u011fa ged\u0259rl\u0259r. \u015e\u00fcbh\u0259siz ki, haz\u0131rk\u0131 bo\u015fluqda onlar\u0131n median\u0131n g\u00fcc\u00fcnd\u0259n faydalanma ehtimallar\u0131 m\u00fcmk\u00fcnd\u00fcr. Dem\u0259li, qar\u015f\u0131da duran v\u0259zif\u0259 h\u0259min bo\u015flu\u011fu aradan qald\u0131rmaqd\u0131r. Y\u0259ni bir daha vur\u011fulay\u0131m, yaln\u0131z ictimai q\u0131naqla kifay\u0259tl\u0259nm\u0259k olmaz.<\/p>\n<p>Median\u0131n s\u0131rf d\u00f6vl\u0259t t\u0259r\u0259find\u0259n nizamland\u0131\u011f\u0131, t\u0259nziml\u0259ndiyi d\u00f6vr\u0259 qay\u0131da bilm\u0259rik. Buna g\u00f6r\u0259 Az\u0259rbaycan M\u0259tbuat \u015euras\u0131n\u0131n h\u00fcquqi statusunun d\u0259yi\u015fdirilm\u0259sini t\u0259klif etmi\u015fik. N\u0259z\u0259r\u0259 almaq laz\u0131md\u0131r ki, median\u0131n \u00f6z\u00fcn\u00fct\u0259nziml\u0259m\u0259 modeli kimi \u015euran\u0131n ictimai q\u0131naqdan ba\u015fqa m\u00fc\u0259yy\u0259n t\u0259sir r\u0131\u00e7aqlar\u0131 olmal\u0131d\u0131r. Bu, yaln\u0131z bizim fikrimiz deyil, b\u00fct\u00f6vl\u00fckd\u0259 media ictimaiyy\u0259tinin m\u00f6vqeyidir.<\/p>\n<p>\u0130kincisi, bu g\u00fcn internet media orqanlar\u0131n\u0131n h\u0259yat\u0131m\u0131za t\u0259siri \u00e7ox g\u00fccl\u00fcd\u00fcr. Amma bu t\u0259sir c\u0259miyy\u0259tin t\u0259l\u0259bl\u0259rin\u0259 n\u0259 d\u0259r\u0259c\u0259d\u0259 adekvatd\u0131r? Biz b\u0259z\u0259n yay\u0131mlad\u0131\u011f\u0131 material \u015fikay\u0259t\u0259 s\u0259b\u0259b olmu\u015f internet K\u0130V-in \u00fcnvan\u0131n\u0131 tapa bilmirik. Sayta bax\u0131rsan, he\u00e7 bir \u0259laq\u0259 vasit\u0259sin\u0259 rast g\u0259linmir. \u00c7\u00fcnki K\u0130V kimi bunu onlardan he\u00e7 t\u0259l\u0259b ed\u0259n d\u0259 yoxdur. Y\u0259ni m\u0259s\u0259l\u0259nin h\u00fcquqi m\u0259suliyy\u0259tini da\u015f\u0131m\u0131rlar. Buna g\u00f6r\u0259 t\u0259klif etmi\u015fik ki, internet media h\u00fcquqi m\u00fcnasib\u0259tl\u0259r sistemind\u0259 \u00f6z\u00fcn\u0259 m\u0259hz K\u0130V kimi yer tutsun.<\/p>\n<p>\u00dcmum\u0259n islahatlar K\u0130V sah\u0259sini d\u0259 \u0259hat\u0259 etm\u0259lidir. Reklam bazar\u0131 geni\u015fl\u0259ndirilm\u0259lidir. Bunun \u00fc\u00e7\u00fcn h\u00fcquqi mexanizml\u0259r i\u015f\u0259 sal\u0131nmal\u0131d\u0131r. K\u0130V-l\u0259rin yay\u0131m\u0131 v\u0259 sat\u0131\u015f\u0131 i\u015fi t\u0259kmill\u0259\u015fdirilm\u0259lidir. \u018fg\u0259r birba\u015fa qanunvericilik islahat\u0131ndan dan\u0131\u015f\u0131r\u0131qsa, diffamasiya m\u0259s\u0259l\u0259sin\u0259 ciddi \u00f6n\u0259m verilm\u0259lidir. N\u0259z\u0259r\u0259 al\u0131nmal\u0131d\u0131r ki, diffamasiyan\u0131n dekriminalla\u015fd\u0131r\u0131lmas\u0131 yaln\u0131z t\u0259hqir v\u0259 b\u00f6htana g\u00f6r\u0259 cinay\u0259t m\u0259suliyy\u0259tinin aradan qald\u0131r\u0131lmas\u0131 dem\u0259k deyil. Diffamasiya m\u00fchiti mediaya yeni d\u00fcz\u0259n g\u0259tir\u0259n sistemdir. D\u00fcnya praktikas\u0131na baxsaq, bu sistemd\u0259 s\u00f6z\u0259, ifad\u0259 edil\u0259n fikr\u0259 g\u00f6r\u0259 m\u0259suliyy\u0259t h\u0259dd\u0259n art\u0131q b\u00f6y\u00fckd\u00fcr, c\u0259za t\u0259dbirl\u0259ri is\u0259 kifay\u0259t q\u0259d\u0259r adekvatd\u0131r. Biz buna nail olmal\u0131y\u0131q.<\/p>\n<p>Bir daha bildirm\u0259liy\u0259m ki, c\u0259nab \u0130lham \u018fliyevin iqtisadi m\u00fc\u015favir\u0259d\u0259 s\u0259sl\u0259ndirdiyi fikirl\u0259r son d\u0259r\u0259c\u0259 vacibdir, aktuald\u0131r. \u0130st\u0259nil\u0259n c\u0259miyy\u0259td\u0259 yeniliyi bir n\u00f6v, s\u00fcng\u00fc il\u0259 qar\u015f\u0131layanlar olur. Az\u0259rbaycanda da var. D\u00f6vl\u0259t ba\u015f\u00e7\u0131m\u0131z \u00e7\u0131x\u0131\u015f\u0131nda bunun media \u00fcz\u0259rind\u0259n ger\u00e7\u0259kli\u015fdirildiyinin anonsunu verdi. Bu bizim \u00fc\u00e7\u00fcn kifay\u0259t q\u0259d\u0259r ciddi siqnald\u0131r.<\/p>\n<p>\u018flb\u0259tt\u0259, media islahat gedi\u015find\u0259 n\u0259z\u0259r\u0259\u00e7arpan n\u00f6qsanlar\u0131, \u00e7at\u0131\u015fmazl\u0131qlar\u0131 diqq\u0259t\u0259 \u00e7atd\u0131rmal\u0131, h\u0259tta \u0259n s\u0259rt t\u0259nqid\u0259 d\u0259 yer verm\u0259lidir. Ancaq he\u00e7 bir halda t\u0259nqid q\u0259r\u0259z\u0259 k\u00f6kl\u0259nm\u0259m\u0259lidir, onun h\u0259r\u0259k\u0259tverici q\u00fcvv\u0259si yaln\u0131z ictimai maraq v\u0259 m\u0259nafe olmal\u0131d\u0131r. Hans\u0131sa media orqan\u0131 n\u0259yins\u0259 m\u00fcqabilind\u0259 islahat\u0131n qar\u015f\u0131s\u0131nda dayanan q\u00fcvv\u0259nin ruporu rolunda \u00e7\u0131x\u0131\u015f edirs\u0259, \u00f6z\u00fcn\u00fcn ictimai missiyas\u0131n\u0131 unutmu\u015f olur. D\u00f6vl\u0259t ba\u015f\u00e7\u0131s\u0131n\u0131n da bildirdiyi kimi, ortaya \u00e7ox ciddi siyasi irad\u0259 qoyulub &#8211; &#8220;Biz Az\u0259rbaycan\u0131 m\u00fcasir, s\u00fcr\u0259tl\u0259 inki\u015faf ed\u0259n, \u015f\u0259ffafl\u0131\u011f\u0131 \u00f6z siyas\u0259tind\u0259 bayraq ed\u0259n \u00f6lk\u0259 kimi g\u00f6rm\u0259k ist\u0259yirik v\u0259 buna nail olaca\u011f\u0131q&#8221;. Pe\u015f\u0259sin\u0259 sadiq jurnalistl\u0259rin topla\u015fd\u0131qlar\u0131 media orqanlar\u0131m\u0131z m\u0259hz bunun \u00fc\u00e7\u00fcn \u00e7al\u0131\u015f\u0131rlar v\u0259 he\u00e7 bir q\u00fcvv\u0259 bu yolun gedilm\u0259sin\u0259 qar\u015f\u0131 \u00e7\u0131xa bilm\u0259z.<\/p>\n","protected":false},"excerpt":{"rendered":"<p>ARANTV.AZ\u00a0\u00a0Trend-\u0259 istinad\u0259n M\u0259tbuat \u015euras\u0131n\u0131n S\u0259dri, Milli M\u0259clisin deputat\u0131\u00a0\u018fflatun Ama\u015fovun yaz\u0131s\u0131n\u0131 t\u0259qdim edir: Az\u0259rbaycan Respublikas\u0131n\u0131n Prezidenti c\u0259nab \u0130lham \u018fliyev oktyabr\u0131n 15-d\u0259 ke\u00e7irdiyi m\u00fc\u015favir\u0259d\u0259 \u00f6lk\u0259nin inki\u015faf\u0131 il\u0259 ba\u011fl\u0131 bir s\u0131ra vacib m\u0259qamlar\u0131 vur\u011fulad\u0131. O, h\u0259m\u00e7inin bu inki\u015faf \u00fc\u00e7\u00fcn apar\u0131lan islahatlara mane\u00e7ilik t\u00f6r\u0259d\u0259n hallar bar\u0259d\u0259 d\u0259 \u0259trafl\u0131 s\u00f6z a\u00e7d\u0131. \u0130slahatlar\u0131n iqtidarda olan b\u0259zi \u015f\u0259xsl\u0259rin m\u0259nafeyin\u0259 toxundu\u011funu diqq\u0259t\u0259 \u00e7atd\u0131ran d\u00f6vl\u0259t ba\u015f\u00e7\u0131m\u0131z h\u0259min \u015f\u0259xsl\u0259rin \u00f6z ist\u0259k v\u0259 maraqlar\u0131n\u0131 t\u0259min etm\u0259k \u00fc\u00e7\u00fcn m\u0259tbuatda qarayaxma kampaniyas\u0131 apard\u0131qlar\u0131n\u0131 \u00f6n\u0259 \u00e7\u0259kdi. C\u0259nab \u0130lham \u018fliyev\u0259 bel\u0259 h\u0259ssas m\u0259s\u0259l\u0259y\u0259 diqq\u0259t ay\u0131rd\u0131\u011f\u0131 \u00fc\u00e7\u00fcn t\u0259\u015f\u0259kk\u00fcr\u00fcm\u00fc bildirir\u0259m. Az\u0259rbaycan M\u0259tbuat \u015euras\u0131 ayr\u0131-ayr\u0131 \u015f\u0259xsl\u0259rin mediadan korporativ&hellip;<\/p>\n","protected":false},"author":2,"featured_media":86711,"comment_status":"closed","ping_status":"closed","sticky":false,"template":"","format":"standard","meta":{"om_disable_all_campaigns":false,"_monsterinsights_skip_tracking":false,"_monsterinsights_sitenote_active":false,"_monsterinsights_sitenote_note":"","_monsterinsights_sitenote_category":0},"categories":[1],"tags":[],"aioseo_notices":[],"gutentor_comment":0,"rttpg_featured_image_url":{"full":["https:\/\/arantv.az\/wp-content\/uploads\/2019\/10\/795009.jpg",800,600,false],"landscape":["https:\/\/arantv.az\/wp-content\/uploads\/2019\/10\/795009.jpg",800,600,false],"portraits":["https:\/\/arantv.az\/wp-content\/uploads\/2019\/10\/795009.jpg",800,600,false],"thumbnail":["https:\/\/arantv.az\/wp-content\/uploads\/2019\/10\/795009-150x150.jpg",150,150,true],"medium":["https:\/\/arantv.az\/wp-content\/uploads\/2019\/10\/795009-300x225.jpg",300,225,true],"large":["https:\/\/arantv.az\/wp-content\/uploads\/2019\/10\/795009.jpg",640,480,false],"1536x1536":["https:\/\/arantv.az\/wp-content\/uploads\/2019\/10\/795009.jpg",800,600,false],"2048x2048":["https:\/\/arantv.az\/wp-content\/uploads\/2019\/10\/795009.jpg",800,600,false],"post-thumbnail":["https:\/\/arantv.az\/wp-content\/uploads\/2019\/10\/795009-240x172.jpg",240,172,true],"advps-thumb-one":["https:\/\/arantv.az\/wp-content\/uploads\/2019\/10\/795009.jpg",800,600,false]},"rttpg_author":{"display_name":"V\u00fcsal Rafiqo\u011flu","author_link":"https:\/\/arantv.az\/?author=2"},"rttpg_comment":0,"rttpg_category":"<a href=\"https:\/\/arantv.az\/?cat=1\" rel=\"category\">C\u0259miyy\u0259t<\/a>","rttpg_excerpt":"ARANTV.AZ\u00a0\u00a0Trend-\u0259 istinad\u0259n M\u0259tbuat \u015euras\u0131n\u0131n S\u0259dri, Milli M\u0259clisin deputat\u0131\u00a0\u018fflatun Ama\u015fovun yaz\u0131s\u0131n\u0131 t\u0259qdim edir: Az\u0259rbaycan Respublikas\u0131n\u0131n Prezidenti c\u0259nab \u0130lham \u018fliyev oktyabr\u0131n 15-d\u0259 ke\u00e7irdiyi m\u00fc\u015favir\u0259d\u0259 \u00f6lk\u0259nin inki\u015faf\u0131 il\u0259 ba\u011fl\u0131 bir s\u0131ra vacib m\u0259qamlar\u0131 vur\u011fulad\u0131. O, h\u0259m\u00e7inin bu inki\u015faf \u00fc\u00e7\u00fcn apar\u0131lan islahatlara mane\u00e7ilik t\u00f6r\u0259d\u0259n hallar bar\u0259d\u0259 d\u0259 \u0259trafl\u0131 s\u00f6z a\u00e7d\u0131. \u0130slahatlar\u0131n iqtidarda olan b\u0259zi \u015f\u0259xsl\u0259rin m\u0259nafeyin\u0259 toxundu\u011funu diqq\u0259t\u0259 \u00e7atd\u0131ran&hellip;","_links":{"self":[{"href":"https:\/\/arantv.az\/index.php?rest_route=\/wp\/v2\/posts\/86710"}],"collection":[{"href":"https:\/\/arantv.az\/index.php?rest_route=\/wp\/v2\/posts"}],"about":[{"href":"https:\/\/arantv.az\/index.php?rest_route=\/wp\/v2\/types\/post"}],"author":[{"embeddable":true,"href":"https:\/\/arantv.az\/index.php?rest_route=\/wp\/v2\/users\/2"}],"replies":[{"embeddable":true,"href":"https:\/\/arantv.az\/index.php?rest_route=%2Fwp%2Fv2%2Fcomments&post=86710"}],"version-history":[{"count":0,"href":"https:\/\/arantv.az\/index.php?rest_route=\/wp\/v2\/posts\/86710\/revisions"}],"wp:featuredmedia":[{"embeddable":true,"href":"https:\/\/arantv.az\/index.php?rest_route=\/wp\/v2\/media\/86711"}],"wp:attachment":[{"href":"https:\/\/arantv.az\/index.php?rest_route=%2Fwp%2Fv2%2Fmedia&parent=86710"}],"wp:term":[{"taxonomy":"category","embeddable":true,"href":"https:\/\/arantv.az\/index.php?rest_route=%2Fwp%2Fv2%2Fcategories&post=86710"},{"taxonomy":"post_tag","embeddable":true,"href":"https:\/\/arantv.az\/index.php?rest_route=%2Fwp%2Fv2%2Ftags&post=86710"}],"curies":[{"name":"wp","href":"https:\/\/api.w.org\/{rel}","templated":true}]}}