{"id":86714,"date":"2019-10-17T14:00:43","date_gmt":"2019-10-17T11:00:43","guid":{"rendered":"http:\/\/arantv.az\/?p=86714"},"modified":"2019-10-17T14:00:43","modified_gmt":"2019-10-17T11:00:43","slug":"rus-sevgilisinin-ustund%c9%99-arvadina-isg%c9%99nc%c9%99-verdi-qadin-ozunu-asdi-t%c9%99rt%c9%99rd%c9%99-sok-olay","status":"publish","type":"post","link":"https:\/\/arantv.az\/?p=86714","title":{"rendered":"Rus sevgilisinin \u00fcst\u00fcnd\u0259 arvad\u0131na i\u015fg\u0259nc\u0259 verdi, qad\u0131n \u00f6z\u00fcn\u00fc asd\u0131 \u2013 T\u0259rt\u0259rd\u0259 \u015fok olay"},"content":{"rendered":"<p>T\u0259rt\u0259r rayonunda arvad\u0131na i\u015fg\u0259nc\u0259 verm\u0259kd\u0259, onu intihar h\u0259ddin\u0259 \u00e7atd\u0131rmaqda ittiham olunan 1989-cu il t\u0259v\u0259ll\u00fcdl\u00fc Emin Quliyevin cinay\u0259t i\u015fi \u00fczr\u0259 m\u0259hk\u0259m\u0259 prosesi ba\u015fa \u00e7at\u0131b.<\/p>\n<p><strong>ARANTV.AZ<\/strong>\u00a0 x\u0259b\u0259r verir ki, Emin Quliyev arvad\u0131 N\u0259rgiz Quliyeva il\u0259 m\u00fct\u0259madi olaraq s\u0259b\u0259bsiz yer\u0259 m\u00fcbahis\u0259 edib, onu s\u00f6y\u00fcb v\u0259 t\u0259hqir edib.<\/p>\n<div id=\"AdviadNativeVideo0\" class=\"AdviadNativeVideo\"><\/div>\n<p>2012-ci ilin avqustun sonlar\u0131nda T\u0259rt\u0259r rayonu Mam\u0131rl\u0131 k\u0259ndind\u0259 ya\u015fad\u0131qlar\u0131 evin h\u0259y\u0259tind\u0259 N\u0259rgiz Quliyevan\u0131 t\u0259hqir ed\u0259r\u0259k d\u00f6y\u00fcb, 2014-c\u00fc ilin oktyabr\u0131n ortalar\u0131nda v\u0259 2015-ci ilin iyununda is\u0259 a\u011fac par\u00e7as\u0131 il\u0259 d\u00f6y\u00fcb.<\/p>\n<p>Emin Quliyev 2017-ci ilin may\u0131n \u0259vv\u0259ll\u0259rind\u0259 arvad\u0131n\u0131 yumruq v\u0259 t\u0259pikl\u0259 vuraraq, ona m\u00fcxt\u0259lif d\u0259r\u0259c\u0259li b\u0259d\u0259n x\u0259sar\u0259ti yetirib.<\/p>\n<p>\u018fri t\u0259r\u0259find\u0259n amans\u0131zl\u0131qla d\u00f6y\u00fcl\u0259n N\u0259rgiz Quliyeva bo\u015fanmaq m\u0259qs\u0259di il\u0259 d\u0259f\u0259l\u0259rl\u0259 atas\u0131 \u0130smay\u0131l \u0130smay\u0131lovun evin\u0259 gets\u0259 d\u0259, iki azya\u015fl\u0131 u\u015faqlar\u0131n\u0131n olmas\u0131 v\u0259 ail\u0259 \u00fczvl\u0259rinin k\u0259nd aras\u0131nda \u0259rind\u0259n bo\u015fanmas\u0131na pis bax\u0131laca\u011f\u0131n\u0131 d\u00fc\u015f\u00fcnm\u0259l\u0259ri il\u0259 \u0259laq\u0259dar yenid\u0259n \u0259ri evin\u0259 qay\u0131d\u0131b.<\/p>\n<p>Ukraynal\u0131 sevgilisi aran\u0131 qar\u0131\u015fd\u0131rd\u0131<\/p>\n<p>Lakin Emin Quliyev onunla amans\u0131z r\u0259ftar\u0131na davam etdirib. O, 2018-ci ilin yanvar\u0131n \u0259vv\u0259ll\u0259rind\u0259 N\u0259rgiz Quliyeva il\u0259 yenid\u0259n s\u0259b\u0259bsiz yer\u0259 m\u00fcbahis\u0259 ed\u0259r\u0259k onun k\u00fcr\u0259k nahiy\u0259sind\u0259n t\u0259pikl\u0259 vurub.<\/p>\n<p>H\u0259min vaxt N\u0259rgiz Quliyeva m\u00fcxt\u0259lif d\u0259r\u0259c\u0259li b\u0259d\u0259n x\u0259sar\u0259tl\u0259ri al\u0131b. Yanvar\u0131n 26-da Emin Quliyev \u0259vv\u0259ll\u0259r evli oldu\u011fu v\u0259 2011-ci ild\u0259 bo\u015fad\u0131\u011f\u0131 Ukrayna Respublikas\u0131nda ya\u015fayan qad\u0131na z\u0259ng edib.<\/p>\n<p>Bundan sonra N\u0259rgiz Quliyeva h\u0259min qad\u0131na mesaj yaz\u0131b. Buna g\u00f6r\u0259 d\u0259 \u0259r-arvad aras\u0131nda m\u00fcbahis\u0259 yaran\u0131b. Emin Quliyev yen\u0259 d\u0259 N\u0259rgizin v\u0259 yax\u0131n qohumlar\u0131n\u0131n \u00fcnvan\u0131na nalayiq s\u00f6y\u00fc\u015fl\u0259r s\u00f6y\u00fcb, onu t\u0259hqir edib.<\/p>\n<p>\u018fm\u0259khaqq\u0131 kart\u0131n\u0131 \u0259lind\u0259n ald\u0131, sonra&#8230;<\/p>\n<p>Emin Quliyev ard\u0131c\u0131l h\u0259r\u0259k\u0259tl\u0259ri il\u0259 15 sentyabr 2017-ci ild\u0259n etibar\u0259n T\u0259rt\u0259r rayonunun Mam\u0131rl\u0131 k\u0259nd m\u0259kt\u0259bind\u0259 laborant i\u015fl\u0259y\u0259n N\u0259rgiz Quliyevan\u0131n \u0259m\u0259khaqq\u0131 kart\u0131n\u0131 \u0259l\u0259 ke\u00e7ir\u0259r\u0259k, onun ayl\u0131q \u0259m\u0259k haqq\u0131s\u0131n\u0131n \u00f6z\u00fc \u0259ld\u0259 edib. Bu s\u0259b\u0259bd\u0259n o, arvad\u0131n\u0131 maddi c\u0259h\u0259td\u0259n tam as\u0131l\u0131 v\u0259ziyy\u0259t\u0259 sal\u0131b.<\/p>\n<p>N\u0259rgiz Quliyeva \u0259ri t\u0259r\u0259find\u0259n m\u00fct\u0259madi olaraq d\u00f6y\u00fcl\u0259r\u0259k t\u0259hqir olunmas\u0131 n\u0259tic\u0259sind\u0259 yanvar\u0131n 27-da, saat 16 rad\u0259l\u0259rind\u0259 evd\u0259 he\u00e7 kimin olmad\u0131\u011f\u0131 vaxtda \u00f6z\u00fcn\u00fc T\u0259rt\u0259r rayonu Mam\u0131rl\u0131 k\u0259ndind\u0259 ya\u015fad\u0131\u011f\u0131 evin h\u0259y\u0259tind\u0259ki t\u00f6vl\u0259nin giri\u015f qap\u0131s\u0131ndan \u015f\u0259rfl\u0259 asaraq \u00f6ld\u00fcr\u00fcb.<\/p>\n<p>\u0130stintaq orqan\u0131 t\u0259r\u0259find\u0259n Emin Quliyev bar\u0259sind\u0259 Cinay\u0259t M\u0259c\u0259ll\u0259sinin 125-ci (\u00f6z\u00fcn\u00fc \u00f6ld\u00fcrm\u0259 h\u0259ddin\u0259 \u00e7atd\u0131rma) madd\u0259si il\u0259 ittiham elan edilib.<\/p>\n<p>&#8220;Anna m\u0259nim soyad\u0131m\u0131 g\u00f6t\u00fcrd\u00fc&#8221;<\/p>\n<p>Cinay\u0259t i\u015fi \u00fczr\u0259 t\u0259qsirl\u0259ndiril\u0259n \u015f\u0259xs qismind\u0259 ifad\u0259 ver\u0259n Emin Quliyev elan olunmu\u015f ittiham \u00fczr\u0259 \u00f6z\u00fcn\u00fc t\u0259qsirli bilm\u0259yib. O bildirib ki, 2012-ci ilin iyununda N\u0259rgiz Quliyeva il\u0259 evl\u0259nib, birg\u0259 nikahdan 2013-c\u00fc ild\u0259 o\u011flu v\u0259 2015-ci ild\u0259 q\u0131z\u0131 anadan olub: &#8220;N\u0259rgizl\u0259 ail\u0259 qurmam\u0131\u015fdan \u0259vv\u0259l 2007-ci ild\u0259n Ukraynada ya\u015fam\u0131\u015fam. 2007-ci ilin sonlar\u0131nda orada Anna Nikolayeva adl\u0131 qad\u0131nla ya\u015fam\u0131\u015fam. 2011-ci ild\u0259 Anna hamil\u0259 qald\u0131 v\u0259 onunla evl\u0259ndim.<\/p>\n<p>Evl\u0259ndikd\u0259n sonra m\u0259nim soyad\u0131m\u0131 g\u00f6t\u00fcrd\u00fc v\u0259 Anna Quliyeva ad\u0131n\u0131 ald\u0131.<\/p>\n<p>Anna Quliyevadan do\u011fulmu\u015f u\u015fa\u011f\u0131n\u0131n 6 ay\u0131 olark\u0259n, t\u0259xmin\u0259n 2012-ci ild\u0259 T\u0259rt\u0259r\u0259 qay\u0131td\u0131m. Ukraynada olan u\u015fa\u011f\u0131m\u0131n ad\u0131 Murad Quliyevdir&#8221;.<\/p>\n<p>T\u0259qsirl\u0259ndiril\u0259n \u015f\u0259xs qeyd edib ki, T\u0259rt\u0259r rayonuna qay\u0131td\u0131qdan sonra d\u0259f\u0259l\u0259rl\u0259 Ukraynaya getm\u0259k \u00fc\u00e7\u00fcn s\u0259n\u0259dl\u0259rini ist\u0259yib: &#8220;Valideynl\u0259rim buna icaz\u0259 verm\u0259di v\u0259 rayonda evl\u0259nm\u0259yimi ist\u0259dil\u0259r. N\u0259rgiz Quliyeva il\u0259 2012-ci ild\u0259 evl\u0259ndim. Biz evl\u0259n\u0259rk\u0259n N\u0259rgiz v\u0259 anas\u0131 M\u0259tan\u0259tin m\u0259nim \u0259vv\u0259ll\u0259r Ukraynada evli olma\u011f\u0131mdan x\u0259b\u0259rl\u0259ri olub. Ukraynadan g\u0259ldikd\u0259n sonra Anna birt\u0259r\u0259fli \u0259riz\u0259 ver\u0259r\u0259k m\u0259nd\u0259n bo\u015fand\u0131, aliment \u00fc\u00e7\u00fcn Ukraynada m\u0259ni m\u0259hk\u0259m\u0259y\u0259 verdi. Evli oldu\u011fum d\u00f6vrd\u0259 Anna il\u0259 \u0259laq\u0259 saxlamad\u0131m. Lakin t\u0259l\u0259b etdiyi \u00fc\u00e7\u00fcn Annaya 2017-ci ilin 14 noyabr tarixd\u0259 Ukraynadak\u0131 u\u015fa\u011f\u0131n\u0131n ad\u0131na bank vasit\u0259sil\u0259 204 manat m\u0259bl\u0259\u011find\u0259 pul g\u00f6nd\u0259rdim&#8221;.<\/p>\n<p>&#8220;Annan\u0131n n\u00f6mr\u0259sini telefonumdan silm\u0259dim&#8221;<\/p>\n<p>Emin Quliyev qeyd edib ki, Ukraynadak\u0131 u\u015fa\u011f\u0131na pul g\u00f6nd\u0259rm\u0259sind\u0259n N\u0259rgizin x\u0259b\u0259ri olmay\u0131b: &#8220;Sonralar Anna ya\u015fad\u0131\u011f\u0131m yer \u00fczr\u0259 m\u0259hk\u0259m\u0259d\u0259 m\u0259nim valideynlik h\u00fcququndan m\u0259hrum edilm\u0259ml\u0259 ba\u011fl\u0131 iddia qald\u0131rd\u0131 v\u0259 h\u0259min iddian\u0131 q\u0259bul etdim.<\/p>\n<p>2018-ci ild\u0259 26 yanvara ke\u00e7\u0259n gec\u0259 Annaya z\u0259ng etdim. H\u0259min vaxt onunla v\u0259 u\u015fa\u011f\u0131mla dan\u0131\u015fd\u0131m. S\u0259hv\u0259n Annan\u0131n mobil n\u00f6mr\u0259sini telefonumdan silm\u0259dim&#8221;.<\/p>\n<p>Emin Quliyevin s\u00f6zl\u0259rin\u0259 g\u00f6r\u0259, yanvar\u0131n 26-da ax\u015fam saatlar\u0131nda yatd\u0131\u011f\u0131 vaxt N\u0259rgiz telefonda Annan\u0131n n\u00f6mr\u0259sini g\u00f6r\u00fcb v\u0259 ona mesaj yaz\u0131b: &#8220;Yuxudan durduqdan sonra N\u0259rgizin Annaya telefonla mesaj yazmas\u0131 s\u0259b\u0259bind\u0259n onunla m\u00fcbahis\u0259 etdim. Aram\u0131zda olan m\u00fcbahis\u0259l\u0259r N\u0259rgizin q\u0131sqancl\u0131\u011f\u0131 s\u0259b\u0259bind\u0259n olub. Ail\u0259li oldu\u011fumuz d\u00f6vrd\u0259 yolda\u015f\u0131mla aram\u0131zda h\u0259r bir ail\u0259d\u0259 oldu\u011fu kimi x\u0131rda m\u00fcbahis\u0259l\u0259r olub. Lakin N\u0259rgizi he\u00e7 vaxt d\u00f6ym\u0259mi\u015f\u0259m&#8221;.<\/p>\n<p>&#8220;N\u0259rgizin \u00f6z\u00fcn\u00fc \u00f6ld\u00fcrd\u00fcy\u00fcn\u00fc \u00f6yr\u0259ndim&#8221;<\/p>\n<p>Emin Quliyev qeyd edib ki, yanvar\u0131n 27-d\u0259, saat 7 rad\u0259l\u0259rind\u0259 anas\u0131 Aid\u0259 v\u0259 h\u0259yat yolda\u015f\u0131 N\u0259rgiz m\u0259kt\u0259bd\u0259 i\u015fl\u0259diyind\u0259n qaynanas\u0131 M\u0259tan\u0259t u\u015faqlara baxmaq \u00fc\u00e7\u00fcn onlar\u0131n evin\u0259 g\u0259lib: &#8220;Qaynanam 08.15-d\u0259 ev\u0259 g\u0259ldiyi zaman N\u0259rgiz v\u0259 anam Aid\u0259 T\u0259rt\u0259r rayonunun Mam\u0131rl\u0131 k\u0259nd m\u0259kt\u0259bin\u0259 getmi\u015fdil\u0259r. N\u0259rgiz 2017-ci ilin sentyabr\u0131ndan Mam\u0131rl\u0131 k\u0259nd m\u0259kt\u0259bind\u0259 laborant i\u015fl\u0259m\u0259y\u0259 ba\u015flam\u0131\u015fd\u0131. Yanvar\u0131n 27-d\u0259 tezd\u0259n h\u0259y\u0259td\u0259 ev\u0259 girdim. H\u0259min vaxt evd\u0259 qaynanam M\u0259tan\u0259t v\u0259 2 u\u015fa\u011f\u0131 var idi. N\u0259rgiz i\u015f\u0259 getdiyind\u0259n M\u0259tan\u0259t i\u015f g\u00fcn\u00fc vaxt\u0131 h\u0259mi\u015f\u0259 biz\u0259 g\u0259lib, u\u015faqlar\u0131 saxlay\u0131rd\u0131.<\/p>\n<p>H\u0259min g\u00fcn anam\u0131n qohumu \u00dclfan v\u0259 atam\u0131n qohumu T\u0259brizl\u0259 birlikd\u0259 Bak\u0131 \u015f\u0259h\u0259rind\u0259 dig\u0259r qohumlar\u0131m\u0131z Z\u00fclf\u00fcqar\u0131n aya\u011f\u0131 k\u0259sildiyi \u00fc\u00e7\u00fcn ona ba\u015f \u00e7\u0259km\u0259k \u00fc\u00e7\u00fcn paytaxta getdik. Bak\u0131 \u015f\u0259h\u0259rind\u0259 olark\u0259n saat 15.51-d\u0259 N\u0259rgizin istifad\u0259 etdiyi telefon n\u00f6mr\u0259sind\u0259n m\u0259n\u0259 z\u0259ng g\u0259ldi. Z\u00fclf\u00fcqar\u0131n evind\u0259 yem\u0259k yediyimd\u0259n telefonla dan\u0131\u015fa bilm\u0259dim, telefona m\u0259\u015f\u011ful verdim. Aram\u0131zda h\u0259r hans\u0131 dan\u0131\u015f\u0131q olmay\u0131b. Saat 16:55-d\u0259 atamdan z\u0259ng g\u0259ldi. Atam bildirdi ki, tez g\u0259l ev\u0259, deyirl\u0259r, N\u0259rgiz \u00f6z\u00fcn\u00fc as\u0131b. H\u0259min vaxt T\u0259brizl\u0259 birlikd\u0259 Bak\u0131 \u015f\u0259h\u0259rind\u0259n yola \u00e7\u0131xd\u0131q v\u0259 saat 23 rad\u0259l\u0259rind\u0259 T\u0259rt\u0259r rayonuna \u00e7atd\u0131q.<\/p>\n<p>N\u0259rgizin \u00f6z\u00fcn\u00fc ya\u015fad\u0131\u011f\u0131m\u0131z h\u0259y\u0259td\u0259 olan t\u00f6vl\u0259nin qar\u015f\u0131s\u0131nda asaraq \u00f6ld\u00fcrd\u00fcy\u00fcn\u00fc \u00f6yr\u0259ndim&#8221;.<\/p>\n<p>&#8220;He\u00e7 bir \u00e7\u0259tinliyimiz yox idi&#8221;<\/p>\n<p>Emin Quliyev bildirib ki, valideynl\u0259ri il\u0259 birlikd\u0259 ya\u015fay\u0131b: &#8220;Atam t\u0259mir emalatxanas\u0131nda, anam m\u00fc\u0259llim i\u015fl\u0259m\u0259kl\u0259 ev\u0259 qazanc g\u0259tiribl\u0259r. \u00d6z\u00fcm d\u0259 &#8220;Qazel&#8221; markal\u0131 y\u00fck avtomobili idar\u0259 etm\u0259kl\u0259 ail\u0259mi doland\u0131rm\u0131\u015fam. Ail\u0259d\u0259 ya\u015fayanlar\u0131n, h\u0259m\u00e7inin N\u0259rgizin he\u00e7 bir \u00e7\u0259tinliyi olmay\u0131b. N\u0259rgiz i\u015fl\u0259m\u0259k ist\u0259diyind\u0259n anam onu k\u0259nd m\u0259kt\u0259bin\u0259 laborant i\u015fin\u0259 d\u00fcz\u0259ltmi\u015fdi.<\/p>\n<p>N\u0259rgiz ke\u00e7\u0259n 2017-ci ilin sentyabr\u0131n 15-d\u0259n h\u0259r g\u00fcn anamla m\u0259kt\u0259b\u0259 gedib, g\u00fcn\u00fcn ikinci yar\u0131s\u0131nda ev\u0259 qay\u0131d\u0131b. Evd\u0259 qalan 2 u\u015fa\u011fa qaynanam bax\u0131b. N\u0259rgiz i\u015fl\u0259diyi m\u0259kt\u0259bd\u0259n maa\u015f\u0131n\u0131 al\u0131b, \u00f6z\u00fcn\u0259 v\u0259 ail\u0259y\u0259 x\u0259rcl\u0259yib. He\u00e7 vaxt onun \u0259m\u0259k haqq\u0131n\u0131 almam\u0131\u015fam. Maa\u015f kart\u0131n\u0131 bankdan dekabr ay\u0131nda al\u0131b, pulu anamla birlikd\u0259 bankomatdan \u00e7\u0131xar\u0131blar&#8221;.<\/p>\n<p>&#8220;Bu s\u0259b\u0259bd\u0259n intihar ed\u0259c\u0259yini d\u00fc\u015f\u00fcnm\u0259mi\u015f\u0259m&#8221;<\/p>\n<p>Emin Quliyev deyib ki, N\u0259rgizl\u0259 olan nikahdan iki u\u015faqlar\u0131 qal\u0131b: &#8220;U\u015fa\u011f\u0131n biri qay\u0131nanam M\u0259tan\u0259tin evind\u0259, dig\u0259ri is\u0259 \u00f6z\u00fcm\u00fcn yan\u0131mda ya\u015fay\u0131r. \u0130ntiharda m\u0259nim he\u00e7 bir t\u0259qsirim yoxdur. Evli oldu\u011fumuz d\u00f6vrd\u0259 onu d\u00f6ym\u0259mi\u015f\u0259m, onunla amans\u0131z r\u0259ftar etm\u0259mi\u015f\u0259m. N\u0259rgiz m\u0259nim Ukraynada olan ail\u0259m\u0259 g\u00f6r\u0259 q\u0131sqancl\u0131q edib v\u0259 bu s\u0259b\u0259bd\u0259n intihar edib. He\u00e7 vaxt N\u0259rgizin bu s\u0259b\u0259bd\u0259n intihar ed\u0259c\u0259yini d\u00fc\u015f\u00fcnm\u0259mi\u015f\u0259m&#8221;.<\/p>\n<p>T\u0259rt\u0259r rayon M\u0259hk\u0259m\u0259sinin h\u00f6km\u00fc il\u0259 Emin Quliyevin ittiham olundu\u011fu \u0259m\u0259l s\u00fcbuta yetirilm\u0259yib. M\u0259hk\u0259m\u0259 onun bar\u0259sind\u0259 b\u0259ra\u0259t h\u00f6km\u00fc \u00e7\u0131xar\u0131b.<\/p>\n<p>Bu h\u00f6kmd\u0259n naraz\u0131 qalan prokuror apelyasiya protesti verib. Prokuror b\u0259ra\u0259t h\u00f6km\u00fcn\u00fcn l\u0259\u011fv edilm\u0259sini, ittihamedici h\u00f6km\u00fcn \u00e7\u0131xar\u0131lmas\u0131n\u0131 ist\u0259yib.<\/p>\n<p>G\u0259nc\u0259 Apelyasiya M\u0259hk\u0259m\u0259sinin q\u0259rar\u0131 il\u0259 prokurorun protesti t\u0259min olunmay\u0131b. Bu q\u0259rardan naraz\u0131 qalan prokuror kasasiya protesti verib. Prokurorun protesti ara\u015fd\u0131r\u0131lmas\u0131 \u00fc\u00e7\u00fcn Ali M\u0259hk\u0259m\u0259y\u0259 g\u00f6nd\u0259rilib.<\/p>\n<p>Hakim \u0130mran Hac\u0131qay\u0131bovun s\u0259drliyi il\u0259 ba\u015f tutan iclasda kasasiya protestinin d\u0259lill\u0259ri ara\u015fd\u0131r\u0131l\u0131b, sonda q\u0259rar elan edilib.<\/p>\n<p>Prokurorun protesti t\u0259min olunmay\u0131b.Teleqraf.com<\/p>\n","protected":false},"excerpt":{"rendered":"<p>T\u0259rt\u0259r rayonunda arvad\u0131na i\u015fg\u0259nc\u0259 verm\u0259kd\u0259, onu intihar h\u0259ddin\u0259 \u00e7atd\u0131rmaqda ittiham olunan 1989-cu il t\u0259v\u0259ll\u00fcdl\u00fc Emin Quliyevin cinay\u0259t i\u015fi \u00fczr\u0259 m\u0259hk\u0259m\u0259 prosesi ba\u015fa \u00e7at\u0131b. ARANTV.AZ\u00a0 x\u0259b\u0259r verir ki, Emin Quliyev arvad\u0131 N\u0259rgiz Quliyeva il\u0259 m\u00fct\u0259madi olaraq s\u0259b\u0259bsiz yer\u0259 m\u00fcbahis\u0259 edib, onu s\u00f6y\u00fcb v\u0259 t\u0259hqir edib. 2012-ci ilin avqustun sonlar\u0131nda T\u0259rt\u0259r rayonu Mam\u0131rl\u0131 k\u0259ndind\u0259 ya\u015fad\u0131qlar\u0131 evin h\u0259y\u0259tind\u0259 N\u0259rgiz Quliyevan\u0131 t\u0259hqir ed\u0259r\u0259k d\u00f6y\u00fcb, 2014-c\u00fc ilin oktyabr\u0131n ortalar\u0131nda v\u0259 2015-ci ilin iyununda is\u0259 a\u011fac par\u00e7as\u0131 il\u0259 d\u00f6y\u00fcb. Emin Quliyev 2017-ci ilin may\u0131n \u0259vv\u0259ll\u0259rind\u0259 arvad\u0131n\u0131 yumruq v\u0259 t\u0259pikl\u0259 vuraraq, ona m\u00fcxt\u0259lif d\u0259r\u0259c\u0259li b\u0259d\u0259n x\u0259sar\u0259ti yetirib.&hellip;<\/p>\n","protected":false},"author":2,"featured_media":86715,"comment_status":"closed","ping_status":"closed","sticky":false,"template":"","format":"standard","meta":{"om_disable_all_campaigns":false,"_monsterinsights_skip_tracking":false,"_monsterinsights_sitenote_active":false,"_monsterinsights_sitenote_note":"","_monsterinsights_sitenote_category":0},"categories":[3],"tags":[],"aioseo_notices":[],"gutentor_comment":0,"rttpg_featured_image_url":{"full":["https:\/\/arantv.az\/wp-content\/uploads\/2019\/10\/1571307580intihar.jpg",549,332,false],"landscape":["https:\/\/arantv.az\/wp-content\/uploads\/2019\/10\/1571307580intihar.jpg",549,332,false],"portraits":["https:\/\/arantv.az\/wp-content\/uploads\/2019\/10\/1571307580intihar.jpg",549,332,false],"thumbnail":["https:\/\/arantv.az\/wp-content\/uploads\/2019\/10\/1571307580intihar-150x150.jpg",150,150,true],"medium":["https:\/\/arantv.az\/wp-content\/uploads\/2019\/10\/1571307580intihar-300x181.jpg",300,181,true],"large":["https:\/\/arantv.az\/wp-content\/uploads\/2019\/10\/1571307580intihar.jpg",549,332,false],"1536x1536":["https:\/\/arantv.az\/wp-content\/uploads\/2019\/10\/1571307580intihar.jpg",549,332,false],"2048x2048":["https:\/\/arantv.az\/wp-content\/uploads\/2019\/10\/1571307580intihar.jpg",549,332,false],"post-thumbnail":["https:\/\/arantv.az\/wp-content\/uploads\/2019\/10\/1571307580intihar-240x172.jpg",240,172,true],"advps-thumb-one":["https:\/\/arantv.az\/wp-content\/uploads\/2019\/10\/1571307580intihar.jpg",549,332,false]},"rttpg_author":{"display_name":"V\u00fcsal Rafiqo\u011flu","author_link":"https:\/\/arantv.az\/?author=2"},"rttpg_comment":0,"rttpg_category":"<a href=\"https:\/\/arantv.az\/?cat=3\" rel=\"category\">Kriminal<\/a>","rttpg_excerpt":"T\u0259rt\u0259r rayonunda arvad\u0131na i\u015fg\u0259nc\u0259 verm\u0259kd\u0259, onu intihar h\u0259ddin\u0259 \u00e7atd\u0131rmaqda ittiham olunan 1989-cu il t\u0259v\u0259ll\u00fcdl\u00fc Emin Quliyevin cinay\u0259t i\u015fi \u00fczr\u0259 m\u0259hk\u0259m\u0259 prosesi ba\u015fa \u00e7at\u0131b. ARANTV.AZ\u00a0 x\u0259b\u0259r verir ki, Emin Quliyev arvad\u0131 N\u0259rgiz Quliyeva il\u0259 m\u00fct\u0259madi olaraq s\u0259b\u0259bsiz yer\u0259 m\u00fcbahis\u0259 edib, onu s\u00f6y\u00fcb v\u0259 t\u0259hqir edib. 2012-ci ilin avqustun sonlar\u0131nda T\u0259rt\u0259r rayonu Mam\u0131rl\u0131 k\u0259ndind\u0259 ya\u015fad\u0131qlar\u0131 evin h\u0259y\u0259tind\u0259&hellip;","_links":{"self":[{"href":"https:\/\/arantv.az\/index.php?rest_route=\/wp\/v2\/posts\/86714"}],"collection":[{"href":"https:\/\/arantv.az\/index.php?rest_route=\/wp\/v2\/posts"}],"about":[{"href":"https:\/\/arantv.az\/index.php?rest_route=\/wp\/v2\/types\/post"}],"author":[{"embeddable":true,"href":"https:\/\/arantv.az\/index.php?rest_route=\/wp\/v2\/users\/2"}],"replies":[{"embeddable":true,"href":"https:\/\/arantv.az\/index.php?rest_route=%2Fwp%2Fv2%2Fcomments&post=86714"}],"version-history":[{"count":0,"href":"https:\/\/arantv.az\/index.php?rest_route=\/wp\/v2\/posts\/86714\/revisions"}],"wp:featuredmedia":[{"embeddable":true,"href":"https:\/\/arantv.az\/index.php?rest_route=\/wp\/v2\/media\/86715"}],"wp:attachment":[{"href":"https:\/\/arantv.az\/index.php?rest_route=%2Fwp%2Fv2%2Fmedia&parent=86714"}],"wp:term":[{"taxonomy":"category","embeddable":true,"href":"https:\/\/arantv.az\/index.php?rest_route=%2Fwp%2Fv2%2Fcategories&post=86714"},{"taxonomy":"post_tag","embeddable":true,"href":"https:\/\/arantv.az\/index.php?rest_route=%2Fwp%2Fv2%2Ftags&post=86714"}],"curies":[{"name":"wp","href":"https:\/\/api.w.org\/{rel}","templated":true}]}}