{"id":86718,"date":"2019-10-17T14:23:55","date_gmt":"2019-10-17T11:23:55","guid":{"rendered":"http:\/\/arantv.az\/?p=86718"},"modified":"2019-10-17T14:23:55","modified_gmt":"2019-10-17T11:23:55","slug":"prezident-ilham-%c9%99liyev-az%c9%99rbaycan-avtomobil-yollari-dovl%c9%99t-agentliyinin-idar%c9%99-hey%c9%99tinin-s%c9%99drini-q%c9%99bul-edib-foto","status":"publish","type":"post","link":"https:\/\/arantv.az\/?p=86718","title":{"rendered":"Prezident \u0130lham \u018fliyev Az\u0259rbaycan Avtomobil Yollar\u0131 D\u00f6vl\u0259t Agentliyinin idar\u0259 hey\u0259tinin s\u0259drini q\u0259bul edib &#8211; FOTO"},"content":{"rendered":"<p><strong>ARANTV.AZ\u00a0<\/strong>\u00a0<a href=\"https:\/\/azertag.az\/\" target=\"_blank\" rel=\"noopener\">AZ\u018fRTAC<\/a>-a istinad\u0259n x\u0259b\u0259r verir ki, Az\u0259rbaycan Respublikas\u0131n\u0131n Prezidenti \u0130lham \u018fliyev oktyabr\u0131n 17-d\u0259 Az\u0259rbaycan Avtomobil Yollar\u0131 D\u00f6vl\u0259t Agentliyinin idar\u0259 hey\u0259tinin s\u0259dri Saleh M\u0259mm\u0259dovu q\u0259bul edib.<\/p>\n<p><em><strong>X\u0259b\u0259r yenil\u0259n\u0259c\u0259k&#8230;<\/strong><\/em><\/p>\n<h4><\/h4>\n<div class=\"article-gallery\">\n<div class=\"lSSlideOuter \">\n<div class=\"lSSlideWrapper usingCss\">\n<ul class=\"images-list lightSlider lsGrab lSSlide\">\n<li class=\"lslide active\" data-src=\"https:\/\/img.milli.az\/2019\/10\/17\/795031_(1).jpg\" data-fancybox=\"795031\"><img src=\"https:\/\/img.milli.az\/2019\/10\/17\/795031_(1).jpg\" alt=\"\" \/><\/li>\n<li class=\"lslide\" data-src=\"https:\/\/img.milli.az\/2019\/10\/17\/795031_(2).jpg\" data-fancybox=\"795031\"><img src=\"https:\/\/img.milli.az\/2019\/10\/17\/795031_(2).jpg\" alt=\"\" \/><\/li>\n<\/ul>\n<div class=\"lSAction\"><\/div>\n<\/div>\n<\/div>\n<div class=\"lSSlideOuter \">\n<div class=\"lSSlideWrapper usingCss\"><\/div>\n<\/div>\n<\/div>\n","protected":false},"excerpt":{"rendered":"<p>ARANTV.AZ\u00a0\u00a0AZ\u018fRTAC-a istinad\u0259n x\u0259b\u0259r verir ki, Az\u0259rbaycan Respublikas\u0131n\u0131n Prezidenti \u0130lham \u018fliyev oktyabr\u0131n 17-d\u0259 Az\u0259rbaycan Avtomobil Yollar\u0131 D\u00f6vl\u0259t Agentliyinin idar\u0259 hey\u0259tinin s\u0259dri Saleh M\u0259mm\u0259dovu q\u0259bul edib. X\u0259b\u0259r yenil\u0259n\u0259c\u0259k&#8230;<\/p>\n","protected":false},"author":2,"featured_media":86719,"comment_status":"closed","ping_status":"closed","sticky":false,"template":"","format":"standard","meta":{"om_disable_all_campaigns":false,"_monsterinsights_skip_tracking":false,"_monsterinsights_sitenote_active":false,"_monsterinsights_sitenote_note":"","_monsterinsights_sitenote_category":0},"categories":[4],"tags":[],"aioseo_notices":[],"gutentor_comment":0,"rttpg_featured_image_url":{"full":["https:\/\/arantv.az\/wp-content\/uploads\/2019\/10\/795031_1.jpg",1280,849,false],"landscape":["https:\/\/arantv.az\/wp-content\/uploads\/2019\/10\/795031_1.jpg",1280,849,false],"portraits":["https:\/\/arantv.az\/wp-content\/uploads\/2019\/10\/795031_1.jpg",1280,849,false],"thumbnail":["https:\/\/arantv.az\/wp-content\/uploads\/2019\/10\/795031_1-150x150.jpg",150,150,true],"medium":["https:\/\/arantv.az\/wp-content\/uploads\/2019\/10\/795031_1-300x199.jpg",300,199,true],"large":["https:\/\/arantv.az\/wp-content\/uploads\/2019\/10\/795031_1-1024x679.jpg",640,424,true],"1536x1536":["https:\/\/arantv.az\/wp-content\/uploads\/2019\/10\/795031_1.jpg",1280,849,false],"2048x2048":["https:\/\/arantv.az\/wp-content\/uploads\/2019\/10\/795031_1.jpg",1280,849,false],"post-thumbnail":["https:\/\/arantv.az\/wp-content\/uploads\/2019\/10\/795031_1-240x172.jpg",240,172,true],"advps-thumb-one":["https:\/\/arantv.az\/wp-content\/uploads\/2019\/10\/795031_1-1200x620.jpg",1200,620,true]},"rttpg_author":{"display_name":"V\u00fcsal Rafiqo\u011flu","author_link":"https:\/\/arantv.az\/?author=2"},"rttpg_comment":0,"rttpg_category":"<a href=\"https:\/\/arantv.az\/?cat=4\" rel=\"category\">Siyas\u0259t<\/a>","rttpg_excerpt":"ARANTV.AZ\u00a0\u00a0AZ\u018fRTAC-a istinad\u0259n x\u0259b\u0259r verir ki, Az\u0259rbaycan Respublikas\u0131n\u0131n Prezidenti \u0130lham \u018fliyev oktyabr\u0131n 17-d\u0259 Az\u0259rbaycan Avtomobil Yollar\u0131 D\u00f6vl\u0259t Agentliyinin idar\u0259 hey\u0259tinin s\u0259dri Saleh M\u0259mm\u0259dovu q\u0259bul edib. X\u0259b\u0259r yenil\u0259n\u0259c\u0259k&#8230;","_links":{"self":[{"href":"https:\/\/arantv.az\/index.php?rest_route=\/wp\/v2\/posts\/86718"}],"collection":[{"href":"https:\/\/arantv.az\/index.php?rest_route=\/wp\/v2\/posts"}],"about":[{"href":"https:\/\/arantv.az\/index.php?rest_route=\/wp\/v2\/types\/post"}],"author":[{"embeddable":true,"href":"https:\/\/arantv.az\/index.php?rest_route=\/wp\/v2\/users\/2"}],"replies":[{"embeddable":true,"href":"https:\/\/arantv.az\/index.php?rest_route=%2Fwp%2Fv2%2Fcomments&post=86718"}],"version-history":[{"count":0,"href":"https:\/\/arantv.az\/index.php?rest_route=\/wp\/v2\/posts\/86718\/revisions"}],"wp:featuredmedia":[{"embeddable":true,"href":"https:\/\/arantv.az\/index.php?rest_route=\/wp\/v2\/media\/86719"}],"wp:attachment":[{"href":"https:\/\/arantv.az\/index.php?rest_route=%2Fwp%2Fv2%2Fmedia&parent=86718"}],"wp:term":[{"taxonomy":"category","embeddable":true,"href":"https:\/\/arantv.az\/index.php?rest_route=%2Fwp%2Fv2%2Fcategories&post=86718"},{"taxonomy":"post_tag","embeddable":true,"href":"https:\/\/arantv.az\/index.php?rest_route=%2Fwp%2Fv2%2Ftags&post=86718"}],"curies":[{"name":"wp","href":"https:\/\/api.w.org\/{rel}","templated":true}]}}