{"id":86722,"date":"2019-10-17T14:24:33","date_gmt":"2019-10-17T11:24:33","guid":{"rendered":"http:\/\/arantv.az\/?p=86722"},"modified":"2019-10-17T14:24:33","modified_gmt":"2019-10-17T11:24:33","slug":"vilay%c9%99t-eyvazov-generali-v%c9%99zif%c9%99sind%c9%99n-azad-etdi","status":"publish","type":"post","link":"https:\/\/arantv.az\/?p=86722","title":{"rendered":"Vilay\u0259t Eyvazov general\u0131 V\u018fZ\u0130F\u018fS\u0130ND\u018fN AZAD ETD\u0130"},"content":{"rendered":"<p><strong>Az\u0259rbaycan Respublikas\u0131nda \u0130nterpolun Milli M\u0259rk\u0259zi B\u00fcrosunun r\u0259isi, polis general-mayoru Mehman T\u0259hm\u0259zov v\u0259zif\u0259sind\u0259n azad edil\u0259r\u0259k t\u0259qa\u00fcd\u0259 g\u00f6nd\u0259rilib.<\/strong><\/p>\n<p><strong>ARANTV.AZ<\/strong> unikal.org-a istinad\u0259n x\u0259b\u0259r verir ki, bu bar\u0259d\u0259 Daxili \u0130\u015fl\u0259r naziri, general-polkovnik Vilay\u0259t Eyvazov m\u00fcvafiq \u0259mr imzalay\u0131b.<\/p>\n<p>\u018fmr\u0259 \u0259sas\u0259n, M.T\u0259hm\u0259zov xidm\u0259td\u0259 olman\u0131n son h\u0259ddi il\u0259 \u0259laq\u0259dar olaraq t\u0259qa\u00fcd\u0259 g\u00f6nd\u0259rilib.<\/p>\n<p>\u0130nterpolun Milli M\u0259rk\u0259zi B\u00fcrosunun r\u0259isi v\u0259zif\u0259sin\u0259 h\u0259l\u0259lik t\u0259yinat olunmay\u0131b.<\/p>\n<p>Daxili \u0130\u015fl\u0259r Nazirliyinin M\u0259tbuat xidm\u0259tind\u0259n &#8220;Report&#8221;a fakt\u0131 t\u0259sdiql\u0259yibl\u0259r.<\/p>\n<div>\n<div id=\"AdviadNativeVideo0\" class=\"AdviadNativeVideo\"><\/div>\n<\/div>\n<p>Qeyd ed\u0259k ki, M.T\u0259hm\u0259zov Az\u0259rbaycan Respublikas\u0131nda \u0130nterpolun Milli M\u0259rk\u0259zi B\u00fcrosunun r\u0259isi v\u0259zif\u0259sin\u0259 2012-ci ild\u0259 t\u0259yin edilib.<\/p>\n","protected":false},"excerpt":{"rendered":"<p>Az\u0259rbaycan Respublikas\u0131nda \u0130nterpolun Milli M\u0259rk\u0259zi B\u00fcrosunun r\u0259isi, polis general-mayoru Mehman T\u0259hm\u0259zov v\u0259zif\u0259sind\u0259n azad edil\u0259r\u0259k t\u0259qa\u00fcd\u0259 g\u00f6nd\u0259rilib. ARANTV.AZ unikal.org-a istinad\u0259n x\u0259b\u0259r verir ki, bu bar\u0259d\u0259 Daxili \u0130\u015fl\u0259r naziri, general-polkovnik Vilay\u0259t Eyvazov m\u00fcvafiq \u0259mr imzalay\u0131b. \u018fmr\u0259 \u0259sas\u0259n, M.T\u0259hm\u0259zov xidm\u0259td\u0259 olman\u0131n son h\u0259ddi il\u0259 \u0259laq\u0259dar olaraq t\u0259qa\u00fcd\u0259 g\u00f6nd\u0259rilib. \u0130nterpolun Milli M\u0259rk\u0259zi B\u00fcrosunun r\u0259isi v\u0259zif\u0259sin\u0259 h\u0259l\u0259lik t\u0259yinat olunmay\u0131b. Daxili \u0130\u015fl\u0259r Nazirliyinin M\u0259tbuat xidm\u0259tind\u0259n &#8220;Report&#8221;a fakt\u0131 t\u0259sdiql\u0259yibl\u0259r. Qeyd ed\u0259k ki, M.T\u0259hm\u0259zov Az\u0259rbaycan Respublikas\u0131nda \u0130nterpolun Milli M\u0259rk\u0259zi B\u00fcrosunun r\u0259isi v\u0259zif\u0259sin\u0259 2012-ci ild\u0259 t\u0259yin edilib.<\/p>\n","protected":false},"author":2,"featured_media":86723,"comment_status":"closed","ping_status":"closed","sticky":false,"template":"","format":"standard","meta":{"om_disable_all_campaigns":false,"_monsterinsights_skip_tracking":false,"_monsterinsights_sitenote_active":false,"_monsterinsights_sitenote_note":"","_monsterinsights_sitenote_category":0},"categories":[1],"tags":[],"aioseo_notices":[],"gutentor_comment":0,"rttpg_featured_image_url":{"full":["https:\/\/arantv.az\/wp-content\/uploads\/2019\/10\/vilayet_eyvazov_0847-1.jpg",800,600,false],"landscape":["https:\/\/arantv.az\/wp-content\/uploads\/2019\/10\/vilayet_eyvazov_0847-1.jpg",800,600,false],"portraits":["https:\/\/arantv.az\/wp-content\/uploads\/2019\/10\/vilayet_eyvazov_0847-1.jpg",800,600,false],"thumbnail":["https:\/\/arantv.az\/wp-content\/uploads\/2019\/10\/vilayet_eyvazov_0847-1-150x150.jpg",150,150,true],"medium":["https:\/\/arantv.az\/wp-content\/uploads\/2019\/10\/vilayet_eyvazov_0847-1-300x225.jpg",300,225,true],"large":["https:\/\/arantv.az\/wp-content\/uploads\/2019\/10\/vilayet_eyvazov_0847-1.jpg",640,480,false],"1536x1536":["https:\/\/arantv.az\/wp-content\/uploads\/2019\/10\/vilayet_eyvazov_0847-1.jpg",800,600,false],"2048x2048":["https:\/\/arantv.az\/wp-content\/uploads\/2019\/10\/vilayet_eyvazov_0847-1.jpg",800,600,false],"post-thumbnail":["https:\/\/arantv.az\/wp-content\/uploads\/2019\/10\/vilayet_eyvazov_0847-1-240x172.jpg",240,172,true],"advps-thumb-one":["https:\/\/arantv.az\/wp-content\/uploads\/2019\/10\/vilayet_eyvazov_0847-1.jpg",800,600,false]},"rttpg_author":{"display_name":"V\u00fcsal Rafiqo\u011flu","author_link":"https:\/\/arantv.az\/?author=2"},"rttpg_comment":0,"rttpg_category":"<a href=\"https:\/\/arantv.az\/?cat=1\" rel=\"category\">C\u0259miyy\u0259t<\/a>","rttpg_excerpt":"Az\u0259rbaycan Respublikas\u0131nda \u0130nterpolun Milli M\u0259rk\u0259zi B\u00fcrosunun r\u0259isi, polis general-mayoru Mehman T\u0259hm\u0259zov v\u0259zif\u0259sind\u0259n azad edil\u0259r\u0259k t\u0259qa\u00fcd\u0259 g\u00f6nd\u0259rilib. ARANTV.AZ unikal.org-a istinad\u0259n x\u0259b\u0259r verir ki, bu bar\u0259d\u0259 Daxili \u0130\u015fl\u0259r naziri, general-polkovnik Vilay\u0259t Eyvazov m\u00fcvafiq \u0259mr imzalay\u0131b. \u018fmr\u0259 \u0259sas\u0259n, M.T\u0259hm\u0259zov xidm\u0259td\u0259 olman\u0131n son h\u0259ddi il\u0259 \u0259laq\u0259dar olaraq t\u0259qa\u00fcd\u0259 g\u00f6nd\u0259rilib. \u0130nterpolun Milli M\u0259rk\u0259zi B\u00fcrosunun r\u0259isi v\u0259zif\u0259sin\u0259 h\u0259l\u0259lik t\u0259yinat olunmay\u0131b. Daxili&hellip;","_links":{"self":[{"href":"https:\/\/arantv.az\/index.php?rest_route=\/wp\/v2\/posts\/86722"}],"collection":[{"href":"https:\/\/arantv.az\/index.php?rest_route=\/wp\/v2\/posts"}],"about":[{"href":"https:\/\/arantv.az\/index.php?rest_route=\/wp\/v2\/types\/post"}],"author":[{"embeddable":true,"href":"https:\/\/arantv.az\/index.php?rest_route=\/wp\/v2\/users\/2"}],"replies":[{"embeddable":true,"href":"https:\/\/arantv.az\/index.php?rest_route=%2Fwp%2Fv2%2Fcomments&post=86722"}],"version-history":[{"count":0,"href":"https:\/\/arantv.az\/index.php?rest_route=\/wp\/v2\/posts\/86722\/revisions"}],"wp:featuredmedia":[{"embeddable":true,"href":"https:\/\/arantv.az\/index.php?rest_route=\/wp\/v2\/media\/86723"}],"wp:attachment":[{"href":"https:\/\/arantv.az\/index.php?rest_route=%2Fwp%2Fv2%2Fmedia&parent=86722"}],"wp:term":[{"taxonomy":"category","embeddable":true,"href":"https:\/\/arantv.az\/index.php?rest_route=%2Fwp%2Fv2%2Fcategories&post=86722"},{"taxonomy":"post_tag","embeddable":true,"href":"https:\/\/arantv.az\/index.php?rest_route=%2Fwp%2Fv2%2Ftags&post=86722"}],"curies":[{"name":"wp","href":"https:\/\/api.w.org\/{rel}","templated":true}]}}