{"id":86874,"date":"2019-10-18T09:22:23","date_gmt":"2019-10-18T06:22:23","guid":{"rendered":"http:\/\/arantv.az\/?p=86874"},"modified":"2019-10-18T09:22:23","modified_gmt":"2019-10-18T06:22:23","slug":"bu-%c9%99razil%c9%99rd%c9%99-qaz-olmayacaq-4","status":"publish","type":"post","link":"https:\/\/arantv.az\/?p=86874","title":{"rendered":"Bu \u0259razil\u0259rd\u0259 qaz olmayacaq"},"content":{"rendered":"<p>Oktyabr\u0131n 18-d\u0259 s\u0259h\u0259r saat 10:00-dan i\u015fl\u0259r ba\u015fa \u00e7atanad\u0259k a\u015fkarlanan qaz s\u0131zmalar\u0131n\u0131n l\u0259\u011fvi icra olunark\u0259n N\u0259rimanov rayonu, \u00c7ermet q\u0259s\u0259b\u0259si, Z.B\u00fcnyatov, Azadl\u0131q, Atat\u00fcrk prospektl\u0259rind\u0259, \u018f.Qay\u0131bov, M.\u018flizad\u0259, X.\u015eu\u015finski, S.R\u0259hman, M.S\u0259nani v\u0259 akademik H\u0259s\u0259n \u018fliyev k\u00fc\u00e7\u0259l\u0259rind\u0259 qaz t\u0259minat\u0131nda fasil\u0259l\u0259r yaranacaq. Saat 10:00-dan 16:00-d\u0259k is\u0259 t\u0259mir i\u015fl\u0259rinin apar\u0131lmas\u0131na g\u00f6r\u0259 L\u0259nk\u0259ran rayonunun bir ne\u00e7\u0259 ya\u015fay\u0131\u015f m\u0259nt\u0259q\u0259sind\u0259 qaz t\u0259chizat\u0131nda m\u00fcv\u0259qq\u0259ti dayand\u0131rmalar olacaq.<\/p>\n<div id=\"AdviadNativeVideo0\" class=\"AdviadNativeVideo\"><\/div>\n<p>Bu bar\u0259d\u0259 \u201cAz\u0259riqaz\u201d \u0130stehsalat Birliyi m\u0259lumat yay\u0131b.<\/p>\n<p>Bildirilib ki, bu g\u00fcn saat 10:00-dan ba\u015flamaqla Qarada\u011f rayonu, Bak\u0131-Salyan \u015fosesinin 70-ci km-d\u0259 Bak\u0131-\u018fl\u0259t yolunun sa\u011f t\u0259r\u0259find\u0259 yerl\u0259\u015f\u0259n v\u0259 X\u0259z\u0259r rayonu, Bak\u0131-M\u0259rd\u0259kan-Qala yol ay\u0131r\u0131c\u0131n\u0131n c\u0259nub q\u0259rb hiss\u0259sind\u0259 yerl\u0259\u015f\u0259n yanacaq doldurma m\u0259nt\u0259q\u0259l\u0259ri \u00fc\u00e7\u00fcn \u00e7\u0259kilmi\u015f qaz x\u0259tl\u0259ri m\u0259nb\u0259y\u0259 birl\u0259\u015fdiril\u0259c\u0259k. Bu m\u00fcdd\u0259t \u0259rzind\u0259 Qarada\u011f rayonu \u018fl\u0259t q\u0259s\u0259b\u0259si, K\u00f6t\u0259l \u015e\u0131xlar ya\u015fay\u0131\u015f massivi, X\u0259z\u0259r rayonu \u201cStansiya Qala\u201d v\u0259 M\u0259rd\u0259kan ba\u011flar\u0131 ya\u015fay\u0131\u015f m\u0259nt\u0259q\u0259l\u0259rinin qaz t\u0259chizat\u0131nda fasil\u0259l\u0259r yaranacaq.<\/p>\n","protected":false},"excerpt":{"rendered":"<p>Oktyabr\u0131n 18-d\u0259 s\u0259h\u0259r saat 10:00-dan i\u015fl\u0259r ba\u015fa \u00e7atanad\u0259k a\u015fkarlanan qaz s\u0131zmalar\u0131n\u0131n l\u0259\u011fvi icra olunark\u0259n N\u0259rimanov rayonu, \u00c7ermet q\u0259s\u0259b\u0259si, Z.B\u00fcnyatov, Azadl\u0131q, Atat\u00fcrk prospektl\u0259rind\u0259, \u018f.Qay\u0131bov, M.\u018flizad\u0259, X.\u015eu\u015finski, S.R\u0259hman, M.S\u0259nani v\u0259 akademik H\u0259s\u0259n \u018fliyev k\u00fc\u00e7\u0259l\u0259rind\u0259 qaz t\u0259minat\u0131nda fasil\u0259l\u0259r yaranacaq. Saat 10:00-dan 16:00-d\u0259k is\u0259 t\u0259mir i\u015fl\u0259rinin apar\u0131lmas\u0131na g\u00f6r\u0259 L\u0259nk\u0259ran rayonunun bir ne\u00e7\u0259 ya\u015fay\u0131\u015f m\u0259nt\u0259q\u0259sind\u0259 qaz t\u0259chizat\u0131nda m\u00fcv\u0259qq\u0259ti dayand\u0131rmalar olacaq. Bu bar\u0259d\u0259 \u201cAz\u0259riqaz\u201d \u0130stehsalat Birliyi m\u0259lumat yay\u0131b. Bildirilib ki, bu g\u00fcn saat 10:00-dan ba\u015flamaqla Qarada\u011f rayonu, Bak\u0131-Salyan \u015fosesinin 70-ci km-d\u0259 Bak\u0131-\u018fl\u0259t yolunun sa\u011f t\u0259r\u0259find\u0259 yerl\u0259\u015f\u0259n v\u0259 X\u0259z\u0259r rayonu, Bak\u0131-M\u0259rd\u0259kan-Qala yol ay\u0131r\u0131c\u0131n\u0131n c\u0259nub q\u0259rb hiss\u0259sind\u0259 yerl\u0259\u015f\u0259n&hellip;<\/p>\n","protected":false},"author":2,"featured_media":86875,"comment_status":"closed","ping_status":"closed","sticky":false,"template":"","format":"standard","meta":{"om_disable_all_campaigns":false,"_monsterinsights_skip_tracking":false,"_monsterinsights_sitenote_active":false,"_monsterinsights_sitenote_note":"","_monsterinsights_sitenote_category":0},"categories":[1],"tags":[],"aioseo_notices":[],"gutentor_comment":0,"rttpg_featured_image_url":{"full":["https:\/\/arantv.az\/wp-content\/uploads\/2019\/10\/6aa0862a-0e3e-4f91-87e0-2a953b26c39a_930.jpg",620,419,false],"landscape":["https:\/\/arantv.az\/wp-content\/uploads\/2019\/10\/6aa0862a-0e3e-4f91-87e0-2a953b26c39a_930.jpg",620,419,false],"portraits":["https:\/\/arantv.az\/wp-content\/uploads\/2019\/10\/6aa0862a-0e3e-4f91-87e0-2a953b26c39a_930.jpg",620,419,false],"thumbnail":["https:\/\/arantv.az\/wp-content\/uploads\/2019\/10\/6aa0862a-0e3e-4f91-87e0-2a953b26c39a_930-150x150.jpg",150,150,true],"medium":["https:\/\/arantv.az\/wp-content\/uploads\/2019\/10\/6aa0862a-0e3e-4f91-87e0-2a953b26c39a_930-300x203.jpg",300,203,true],"large":["https:\/\/arantv.az\/wp-content\/uploads\/2019\/10\/6aa0862a-0e3e-4f91-87e0-2a953b26c39a_930.jpg",620,419,false],"1536x1536":["https:\/\/arantv.az\/wp-content\/uploads\/2019\/10\/6aa0862a-0e3e-4f91-87e0-2a953b26c39a_930.jpg",620,419,false],"2048x2048":["https:\/\/arantv.az\/wp-content\/uploads\/2019\/10\/6aa0862a-0e3e-4f91-87e0-2a953b26c39a_930.jpg",620,419,false],"post-thumbnail":["https:\/\/arantv.az\/wp-content\/uploads\/2019\/10\/6aa0862a-0e3e-4f91-87e0-2a953b26c39a_930-240x172.jpg",240,172,true],"advps-thumb-one":["https:\/\/arantv.az\/wp-content\/uploads\/2019\/10\/6aa0862a-0e3e-4f91-87e0-2a953b26c39a_930.jpg",620,419,false]},"rttpg_author":{"display_name":"V\u00fcsal Rafiqo\u011flu","author_link":"https:\/\/arantv.az\/?author=2"},"rttpg_comment":0,"rttpg_category":"<a href=\"https:\/\/arantv.az\/?cat=1\" rel=\"category\">C\u0259miyy\u0259t<\/a>","rttpg_excerpt":"Oktyabr\u0131n 18-d\u0259 s\u0259h\u0259r saat 10:00-dan i\u015fl\u0259r ba\u015fa \u00e7atanad\u0259k a\u015fkarlanan qaz s\u0131zmalar\u0131n\u0131n l\u0259\u011fvi icra olunark\u0259n N\u0259rimanov rayonu, \u00c7ermet q\u0259s\u0259b\u0259si, Z.B\u00fcnyatov, Azadl\u0131q, Atat\u00fcrk prospektl\u0259rind\u0259, \u018f.Qay\u0131bov, M.\u018flizad\u0259, X.\u015eu\u015finski, S.R\u0259hman, M.S\u0259nani v\u0259 akademik H\u0259s\u0259n \u018fliyev k\u00fc\u00e7\u0259l\u0259rind\u0259 qaz t\u0259minat\u0131nda fasil\u0259l\u0259r yaranacaq. Saat 10:00-dan 16:00-d\u0259k is\u0259 t\u0259mir i\u015fl\u0259rinin apar\u0131lmas\u0131na g\u00f6r\u0259 L\u0259nk\u0259ran rayonunun bir ne\u00e7\u0259 ya\u015fay\u0131\u015f m\u0259nt\u0259q\u0259sind\u0259 qaz t\u0259chizat\u0131nda m\u00fcv\u0259qq\u0259ti dayand\u0131rmalar olacaq.&hellip;","_links":{"self":[{"href":"https:\/\/arantv.az\/index.php?rest_route=\/wp\/v2\/posts\/86874"}],"collection":[{"href":"https:\/\/arantv.az\/index.php?rest_route=\/wp\/v2\/posts"}],"about":[{"href":"https:\/\/arantv.az\/index.php?rest_route=\/wp\/v2\/types\/post"}],"author":[{"embeddable":true,"href":"https:\/\/arantv.az\/index.php?rest_route=\/wp\/v2\/users\/2"}],"replies":[{"embeddable":true,"href":"https:\/\/arantv.az\/index.php?rest_route=%2Fwp%2Fv2%2Fcomments&post=86874"}],"version-history":[{"count":0,"href":"https:\/\/arantv.az\/index.php?rest_route=\/wp\/v2\/posts\/86874\/revisions"}],"wp:featuredmedia":[{"embeddable":true,"href":"https:\/\/arantv.az\/index.php?rest_route=\/wp\/v2\/media\/86875"}],"wp:attachment":[{"href":"https:\/\/arantv.az\/index.php?rest_route=%2Fwp%2Fv2%2Fmedia&parent=86874"}],"wp:term":[{"taxonomy":"category","embeddable":true,"href":"https:\/\/arantv.az\/index.php?rest_route=%2Fwp%2Fv2%2Fcategories&post=86874"},{"taxonomy":"post_tag","embeddable":true,"href":"https:\/\/arantv.az\/index.php?rest_route=%2Fwp%2Fv2%2Ftags&post=86874"}],"curies":[{"name":"wp","href":"https:\/\/api.w.org\/{rel}","templated":true}]}}