{"id":86878,"date":"2019-10-18T09:23:35","date_gmt":"2019-10-18T06:23:35","guid":{"rendered":"http:\/\/arantv.az\/?p=86878"},"modified":"2019-10-18T09:23:35","modified_gmt":"2019-10-18T06:23:35","slug":"%c9%99r-uc-usaq-anasini-k%c9%99m%c9%99rl%c9%99-bogub-oldurdu-t%c9%99f%c9%99rruat","status":"publish","type":"post","link":"https:\/\/arantv.az\/?p=86878","title":{"rendered":"\u018fr \u00fc\u00e7 u\u015faq anas\u0131n\u0131 k\u0259m\u0259rl\u0259 bo\u011fub \u00f6ld\u00fcrd\u00fc &#8211; T\u018fF\u018fRR\u00dcAT"},"content":{"rendered":"<p>G\u00fcrc\u00fcstan\u0131n Bolnisi rayonunun Faxral\u0131 k\u0259ndind\u0259 q\u0259tl t\u00f6r\u0259dilib.<\/p>\n<p><b>ARANTV.AZ\u00a0<\/b> teleqraf.com-a istinad\u0259n bildirir ki, ki\u015fi q\u0131sqancl\u0131q z\u0259mnind\u0259 \u00fc\u00e7 u\u015faq anas\u0131 olan h\u0259yat yolda\u015f\u0131n\u0131 k\u0259m\u0259rl\u0259 bo\u011faraq q\u0259tl\u0259 yetirib.<\/p>\n<p>Qad\u0131n\u0131n 25 ya\u015f\u0131 olub.<\/p>\n<div id=\"AdviadNativeVideo0\" class=\"AdviadNativeVideo\"><\/div>\n<p>O, Bak\u0131dan \u00f6t\u0259n g\u00fcn qay\u0131d\u0131b. Qon\u015fular bildiribl\u0259r ki, c\u00fctl\u00fck son \u00fc\u00e7 ay\u0131 Bak\u0131da ya\u015fay\u0131b v\u0259 aralar\u0131nda tez-tez m\u00fcbahis\u0259l\u0259r olub.<\/p>\n<p>Q\u0259tli t\u00f6r\u0259d\u0259nd\u0259n sonra ki\u015fi polis b\u00f6lm\u0259sin\u0259 ged\u0259r\u0259k cinay\u0259t \u0259m\u0259li bar\u0259d\u0259 m\u0259lumat verib.<\/p>\n<p>Ki\u015fi psixi poz\u011funluqdan \u0259ziyy\u0259t \u00e7\u0259kib.<\/p>\n<p>Q\u0259tl\u0259 yetiril\u0259n qad\u0131n\u0131n meyiti Bak\u0131ya g\u00f6nd\u0259rilib.<\/p>\n","protected":false},"excerpt":{"rendered":"<p>G\u00fcrc\u00fcstan\u0131n Bolnisi rayonunun Faxral\u0131 k\u0259ndind\u0259 q\u0259tl t\u00f6r\u0259dilib. ARANTV.AZ\u00a0 teleqraf.com-a istinad\u0259n bildirir ki, ki\u015fi q\u0131sqancl\u0131q z\u0259mnind\u0259 \u00fc\u00e7 u\u015faq anas\u0131 olan h\u0259yat yolda\u015f\u0131n\u0131 k\u0259m\u0259rl\u0259 bo\u011faraq q\u0259tl\u0259 yetirib. Qad\u0131n\u0131n 25 ya\u015f\u0131 olub. O, Bak\u0131dan \u00f6t\u0259n g\u00fcn qay\u0131d\u0131b. Qon\u015fular bildiribl\u0259r ki, c\u00fctl\u00fck son \u00fc\u00e7 ay\u0131 Bak\u0131da ya\u015fay\u0131b v\u0259 aralar\u0131nda tez-tez m\u00fcbahis\u0259l\u0259r olub. Q\u0259tli t\u00f6r\u0259d\u0259nd\u0259n sonra ki\u015fi polis b\u00f6lm\u0259sin\u0259 ged\u0259r\u0259k cinay\u0259t \u0259m\u0259li bar\u0259d\u0259 m\u0259lumat verib. Ki\u015fi psixi poz\u011funluqdan \u0259ziyy\u0259t \u00e7\u0259kib. Q\u0259tl\u0259 yetiril\u0259n qad\u0131n\u0131n meyiti Bak\u0131ya g\u00f6nd\u0259rilib.<\/p>\n","protected":false},"author":2,"featured_media":86879,"comment_status":"closed","ping_status":"closed","sticky":false,"template":"","format":"standard","meta":{"om_disable_all_campaigns":false,"_monsterinsights_skip_tracking":false,"_monsterinsights_sitenote_active":false,"_monsterinsights_sitenote_note":"","_monsterinsights_sitenote_category":0},"categories":[3],"tags":[],"aioseo_notices":[],"gutentor_comment":0,"rttpg_featured_image_url":{"full":["https:\/\/arantv.az\/wp-content\/uploads\/2019\/10\/1_91571379663.jpg",600,400,false],"landscape":["https:\/\/arantv.az\/wp-content\/uploads\/2019\/10\/1_91571379663.jpg",600,400,false],"portraits":["https:\/\/arantv.az\/wp-content\/uploads\/2019\/10\/1_91571379663.jpg",600,400,false],"thumbnail":["https:\/\/arantv.az\/wp-content\/uploads\/2019\/10\/1_91571379663-150x150.jpg",150,150,true],"medium":["https:\/\/arantv.az\/wp-content\/uploads\/2019\/10\/1_91571379663-300x200.jpg",300,200,true],"large":["https:\/\/arantv.az\/wp-content\/uploads\/2019\/10\/1_91571379663.jpg",600,400,false],"1536x1536":["https:\/\/arantv.az\/wp-content\/uploads\/2019\/10\/1_91571379663.jpg",600,400,false],"2048x2048":["https:\/\/arantv.az\/wp-content\/uploads\/2019\/10\/1_91571379663.jpg",600,400,false],"post-thumbnail":["https:\/\/arantv.az\/wp-content\/uploads\/2019\/10\/1_91571379663-240x172.jpg",240,172,true],"advps-thumb-one":["https:\/\/arantv.az\/wp-content\/uploads\/2019\/10\/1_91571379663.jpg",600,400,false]},"rttpg_author":{"display_name":"V\u00fcsal Rafiqo\u011flu","author_link":"https:\/\/arantv.az\/?author=2"},"rttpg_comment":0,"rttpg_category":"<a href=\"https:\/\/arantv.az\/?cat=3\" rel=\"category\">Kriminal<\/a>","rttpg_excerpt":"G\u00fcrc\u00fcstan\u0131n Bolnisi rayonunun Faxral\u0131 k\u0259ndind\u0259 q\u0259tl t\u00f6r\u0259dilib. ARANTV.AZ\u00a0 teleqraf.com-a istinad\u0259n bildirir ki, ki\u015fi q\u0131sqancl\u0131q z\u0259mnind\u0259 \u00fc\u00e7 u\u015faq anas\u0131 olan h\u0259yat yolda\u015f\u0131n\u0131 k\u0259m\u0259rl\u0259 bo\u011faraq q\u0259tl\u0259 yetirib. Qad\u0131n\u0131n 25 ya\u015f\u0131 olub. O, Bak\u0131dan \u00f6t\u0259n g\u00fcn qay\u0131d\u0131b. Qon\u015fular bildiribl\u0259r ki, c\u00fctl\u00fck son \u00fc\u00e7 ay\u0131 Bak\u0131da ya\u015fay\u0131b v\u0259 aralar\u0131nda tez-tez m\u00fcbahis\u0259l\u0259r olub. Q\u0259tli t\u00f6r\u0259d\u0259nd\u0259n sonra ki\u015fi polis b\u00f6lm\u0259sin\u0259 ged\u0259r\u0259k&hellip;","_links":{"self":[{"href":"https:\/\/arantv.az\/index.php?rest_route=\/wp\/v2\/posts\/86878"}],"collection":[{"href":"https:\/\/arantv.az\/index.php?rest_route=\/wp\/v2\/posts"}],"about":[{"href":"https:\/\/arantv.az\/index.php?rest_route=\/wp\/v2\/types\/post"}],"author":[{"embeddable":true,"href":"https:\/\/arantv.az\/index.php?rest_route=\/wp\/v2\/users\/2"}],"replies":[{"embeddable":true,"href":"https:\/\/arantv.az\/index.php?rest_route=%2Fwp%2Fv2%2Fcomments&post=86878"}],"version-history":[{"count":0,"href":"https:\/\/arantv.az\/index.php?rest_route=\/wp\/v2\/posts\/86878\/revisions"}],"wp:featuredmedia":[{"embeddable":true,"href":"https:\/\/arantv.az\/index.php?rest_route=\/wp\/v2\/media\/86879"}],"wp:attachment":[{"href":"https:\/\/arantv.az\/index.php?rest_route=%2Fwp%2Fv2%2Fmedia&parent=86878"}],"wp:term":[{"taxonomy":"category","embeddable":true,"href":"https:\/\/arantv.az\/index.php?rest_route=%2Fwp%2Fv2%2Fcategories&post=86878"},{"taxonomy":"post_tag","embeddable":true,"href":"https:\/\/arantv.az\/index.php?rest_route=%2Fwp%2Fv2%2Ftags&post=86878"}],"curies":[{"name":"wp","href":"https:\/\/api.w.org\/{rel}","templated":true}]}}