{"id":86886,"date":"2019-10-18T09:37:03","date_gmt":"2019-10-18T06:37:03","guid":{"rendered":"http:\/\/arantv.az\/?p=86886"},"modified":"2019-10-18T09:37:03","modified_gmt":"2019-10-18T06:37:03","slug":"az%c9%99rbaycanda-daha-bir-qiz-qacirildi","status":"publish","type":"post","link":"https:\/\/arantv.az\/?p=86886","title":{"rendered":"Az\u0259rbaycanda daha bir q\u0131z qa\u00e7\u0131r\u0131ld\u0131"},"content":{"rendered":"<p>Tovuz rayonunda 18 ya\u015fl\u0131 q\u0131z qa\u00e7\u0131r\u0131l\u0131b.<\/p>\n<p><strong>ARANTV.AZ\u00a0<\/strong>\u00a0x\u0259b\u0259r verir ki, hadis\u0259 rayonun \u018fhm\u0259dabad k\u0259ndind\u0259 qeyd\u0259 al\u0131n\u0131b.<\/p>\n<p>Bel\u0259 ki, Abdal k\u0259nd sakinl\u0259ri \u2013 27 ya\u015fl\u0131 Tural Zeynalov tan\u0131\u015flar\u0131 25 ya\u015fl\u0131 Mehman Qas\u0131mov v\u0259 23 ya\u015fl\u0131 P\u0259rviz Musayevl\u0259 birlikd\u0259 evl\u0259nm\u0259k m\u0259qs\u0259di il\u0259 q\u0131z qa\u00e7\u0131r\u0131b.<\/p>\n<div id=\"AdviadNativeVideo0\" class=\"AdviadNativeVideo\"><\/div>\n<p>\u018fhm\u0259dabad k\u0259ndin\u0259 g\u0259l\u0259n dostlar k\u0259nd sakini \u015e\u0259bn\u0259m M\u0259mm\u0259dovan\u0131 zorla ma\u015f\u0131na mindir\u0259r\u0259k G\u0259d\u0259b\u0259y rayonunun T\u0259rsyer k\u0259ndin\u0259 apar\u0131blar.<\/p>\n<p>Q\u0131z\u0131n yax\u0131nlar\u0131n\u0131n \u015fikay\u0259ti \u0259sas\u0131nda polis hadis\u0259ni t\u00f6r\u0259d\u0259n T.Zeynalovu, M.Qas\u0131movu v\u0259 P.Musayevi \u015f\u00fcbh\u0259li \u015f\u0259xs qismind\u0259 saxlay\u0131b.<\/p>\n<p>Fakt ara\u015fd\u0131r\u0131l\u0131r.oxu.az<\/p>\n","protected":false},"excerpt":{"rendered":"<p>Tovuz rayonunda 18 ya\u015fl\u0131 q\u0131z qa\u00e7\u0131r\u0131l\u0131b. ARANTV.AZ\u00a0\u00a0x\u0259b\u0259r verir ki, hadis\u0259 rayonun \u018fhm\u0259dabad k\u0259ndind\u0259 qeyd\u0259 al\u0131n\u0131b. Bel\u0259 ki, Abdal k\u0259nd sakinl\u0259ri \u2013 27 ya\u015fl\u0131 Tural Zeynalov tan\u0131\u015flar\u0131 25 ya\u015fl\u0131 Mehman Qas\u0131mov v\u0259 23 ya\u015fl\u0131 P\u0259rviz Musayevl\u0259 birlikd\u0259 evl\u0259nm\u0259k m\u0259qs\u0259di il\u0259 q\u0131z qa\u00e7\u0131r\u0131b. \u018fhm\u0259dabad k\u0259ndin\u0259 g\u0259l\u0259n dostlar k\u0259nd sakini \u015e\u0259bn\u0259m M\u0259mm\u0259dovan\u0131 zorla ma\u015f\u0131na mindir\u0259r\u0259k G\u0259d\u0259b\u0259y rayonunun T\u0259rsyer k\u0259ndin\u0259 apar\u0131blar. Q\u0131z\u0131n yax\u0131nlar\u0131n\u0131n \u015fikay\u0259ti \u0259sas\u0131nda polis hadis\u0259ni t\u00f6r\u0259d\u0259n T.Zeynalovu, M.Qas\u0131movu v\u0259 P.Musayevi \u015f\u00fcbh\u0259li \u015f\u0259xs qismind\u0259 saxlay\u0131b. Fakt ara\u015fd\u0131r\u0131l\u0131r.oxu.az<\/p>\n","protected":false},"author":2,"featured_media":86887,"comment_status":"closed","ping_status":"closed","sticky":false,"template":"","format":"standard","meta":{"om_disable_all_campaigns":false,"_monsterinsights_skip_tracking":false,"_monsterinsights_sitenote_active":false,"_monsterinsights_sitenote_note":"","_monsterinsights_sitenote_category":0},"categories":[1],"tags":[],"aioseo_notices":[],"gutentor_comment":0,"rttpg_featured_image_url":{"full":["https:\/\/arantv.az\/wp-content\/uploads\/2019\/10\/1557565290_0001.jpg",620,413,false],"landscape":["https:\/\/arantv.az\/wp-content\/uploads\/2019\/10\/1557565290_0001.jpg",620,413,false],"portraits":["https:\/\/arantv.az\/wp-content\/uploads\/2019\/10\/1557565290_0001.jpg",620,413,false],"thumbnail":["https:\/\/arantv.az\/wp-content\/uploads\/2019\/10\/1557565290_0001-150x150.jpg",150,150,true],"medium":["https:\/\/arantv.az\/wp-content\/uploads\/2019\/10\/1557565290_0001-300x200.jpg",300,200,true],"large":["https:\/\/arantv.az\/wp-content\/uploads\/2019\/10\/1557565290_0001.jpg",620,413,false],"1536x1536":["https:\/\/arantv.az\/wp-content\/uploads\/2019\/10\/1557565290_0001.jpg",620,413,false],"2048x2048":["https:\/\/arantv.az\/wp-content\/uploads\/2019\/10\/1557565290_0001.jpg",620,413,false],"post-thumbnail":["https:\/\/arantv.az\/wp-content\/uploads\/2019\/10\/1557565290_0001-240x172.jpg",240,172,true],"advps-thumb-one":["https:\/\/arantv.az\/wp-content\/uploads\/2019\/10\/1557565290_0001.jpg",620,413,false]},"rttpg_author":{"display_name":"V\u00fcsal Rafiqo\u011flu","author_link":"https:\/\/arantv.az\/?author=2"},"rttpg_comment":0,"rttpg_category":"<a href=\"https:\/\/arantv.az\/?cat=1\" rel=\"category\">C\u0259miyy\u0259t<\/a>","rttpg_excerpt":"Tovuz rayonunda 18 ya\u015fl\u0131 q\u0131z qa\u00e7\u0131r\u0131l\u0131b. ARANTV.AZ\u00a0\u00a0x\u0259b\u0259r verir ki, hadis\u0259 rayonun \u018fhm\u0259dabad k\u0259ndind\u0259 qeyd\u0259 al\u0131n\u0131b. Bel\u0259 ki, Abdal k\u0259nd sakinl\u0259ri \u2013 27 ya\u015fl\u0131 Tural Zeynalov tan\u0131\u015flar\u0131 25 ya\u015fl\u0131 Mehman Qas\u0131mov v\u0259 23 ya\u015fl\u0131 P\u0259rviz Musayevl\u0259 birlikd\u0259 evl\u0259nm\u0259k m\u0259qs\u0259di il\u0259 q\u0131z qa\u00e7\u0131r\u0131b. \u018fhm\u0259dabad k\u0259ndin\u0259 g\u0259l\u0259n dostlar k\u0259nd sakini \u015e\u0259bn\u0259m M\u0259mm\u0259dovan\u0131 zorla ma\u015f\u0131na mindir\u0259r\u0259k G\u0259d\u0259b\u0259y rayonunun T\u0259rsyer&hellip;","_links":{"self":[{"href":"https:\/\/arantv.az\/index.php?rest_route=\/wp\/v2\/posts\/86886"}],"collection":[{"href":"https:\/\/arantv.az\/index.php?rest_route=\/wp\/v2\/posts"}],"about":[{"href":"https:\/\/arantv.az\/index.php?rest_route=\/wp\/v2\/types\/post"}],"author":[{"embeddable":true,"href":"https:\/\/arantv.az\/index.php?rest_route=\/wp\/v2\/users\/2"}],"replies":[{"embeddable":true,"href":"https:\/\/arantv.az\/index.php?rest_route=%2Fwp%2Fv2%2Fcomments&post=86886"}],"version-history":[{"count":0,"href":"https:\/\/arantv.az\/index.php?rest_route=\/wp\/v2\/posts\/86886\/revisions"}],"wp:featuredmedia":[{"embeddable":true,"href":"https:\/\/arantv.az\/index.php?rest_route=\/wp\/v2\/media\/86887"}],"wp:attachment":[{"href":"https:\/\/arantv.az\/index.php?rest_route=%2Fwp%2Fv2%2Fmedia&parent=86886"}],"wp:term":[{"taxonomy":"category","embeddable":true,"href":"https:\/\/arantv.az\/index.php?rest_route=%2Fwp%2Fv2%2Fcategories&post=86886"},{"taxonomy":"post_tag","embeddable":true,"href":"https:\/\/arantv.az\/index.php?rest_route=%2Fwp%2Fv2%2Ftags&post=86886"}],"curies":[{"name":"wp","href":"https:\/\/api.w.org\/{rel}","templated":true}]}}