{"id":86918,"date":"2019-10-18T09:58:45","date_gmt":"2019-10-18T06:58:45","guid":{"rendered":"http:\/\/arantv.az\/?p=86918"},"modified":"2019-10-18T09:58:45","modified_gmt":"2019-10-18T06:58:45","slug":"isg%c9%99nc%c9%99l%c9%99r%c9%99-qarsi-komit%c9%99-azyaslinin-it-disl%c9%99m%c9%99sind%c9%99n-olumun%c9%99-munasib%c9%99t-bildirib","status":"publish","type":"post","link":"https:\/\/arantv.az\/?p=86918","title":{"rendered":"\u0130\u015fg\u0259nc\u0259l\u0259r\u0259 Qar\u015f\u0131 Komit\u0259 azya\u015fl\u0131n\u0131n it di\u015fl\u0259m\u0259sind\u0259n \u00f6l\u00fcm\u00fcn\u0259 m\u00fcnasib\u0259t bildirib"},"content":{"rendered":"<p><strong>\u0130\u015fg\u0259nc\u0259l\u0259r\u0259 Qar\u015f\u0131 Az\u0259rbaycan Komit\u0259sinin s\u0259dri, h\u00fcquq m\u00fcdafi\u0259\u00e7isi Tural H\u00fcseynov Masall\u0131 rayonunda 4 ya\u015fl\u0131 u\u015fa\u011f\u0131n \u00f6lm\u0259si il\u0259 ba\u011fl\u0131 hadis\u0259y\u0259 m\u00fcnasib\u0259t bildirib.<\/strong><\/p>\n<p><strong>ARANTV.AZ<\/strong>\u00a0\u00a0<a href=\"http:\/\/az.trend.az\/\" target=\"_blank\" rel=\"noopener\">Trend<\/a>-\u0259 istinad\u0259n bildirir ki, komit\u0259 s\u0259dri azya\u015fl\u0131n\u0131n \u00f6l\u00fcm\u00fcnd\u0259n t\u0259\u0259ss\u00fcfl\u0259ndiyini bildirib v\u0259 aidiyy\u0259ti qurumlar\u0131 bu m\u0259s\u0259l\u0259d\u0259 diqq\u0259tli olma\u011fa \u00e7a\u011f\u0131r\u0131b:<\/p>\n<p>&#8220;H\u00f6rm\u0259tli h\u00fcquq m\u00fcdafi\u0259cil\u0259ri, aidiyy\u0259ti qurum r\u0259hb\u0259rl\u0259ri. Ba\u015f vermi\u015f hadis\u0259 \u00e7ox \u00fcr\u0259ka\u011fr\u0131dan hald\u0131r. Sahibsiz it bir ail\u0259y\u0259 faci\u0259 g\u0259tirib. M\u0259n bu m\u0259s\u0259l\u0259d\u0259 aidiyy\u0259ti qurumlarla yana\u015f\u0131, ictimaiyy\u0259t\u0259 d\u0259 s\u0259sl\u0259nm\u0259k ist\u0259yir\u0259m. K\u00fc\u00e7\u0259l\u0259rd\u0259 sahibsiz itl\u0259r\u0259 daha ciddi n\u0259zar\u0259t olunmal\u0131d\u0131r ki, bu c\u00fcr faci\u0259l\u0259rin qar\u015f\u0131s\u0131 al\u0131ns\u0131n. Bu i\u015fd\u0259 h\u0259r bir v\u0259t\u0259nda\u015f f\u0259al olmal\u0131d\u0131r. K\u00fc\u00e7\u0259l\u0259rd\u0259 sahibsiz it g\u00f6r\u0259rk\u0259n aidiyy\u0259ti qurumlara, c\u0259miyy\u0259tl\u0259r\u0259 m\u0259lumat ver\u0259k, \u00f6z\u00fcm\u00fcz\u00fc v\u0259 ail\u0259 \u00fczvl\u0259rimizi qoruyaq. Sahibsiz itl\u0259rin insanlara h\u00fccumuna bigan\u0259 yana\u015fmayaq&#8221;.<\/p>\n<p>T.H\u00fcseynov qeyd edib ki, bu c\u00fcr xo\u015fag\u0259lm\u0259z hallar paytaxtdak\u0131 g\u0259zinti park v\u0259 istirah\u0259t yerl\u0259rind\u0259 d\u0259 ba\u015f verir: &#8220;\u0130stirah\u0259t parklar\u0131nda, g\u0259zinti yerl\u0259rind\u0259 a\u011fz\u0131 q\u0259f\u0259ssiz itl\u0259r g\u0259zdirilir v\u0259 bu da h\u0259min \u0259razil\u0259rd\u0259 xo\u015fag\u0259lm\u0259z hallarla n\u0259tic\u0259l\u0259nir. Aidiyy\u0259ti qurumlar bu c\u00fcr hallar\u0131n qar\u015f\u0131s\u0131n\u0131 almal\u0131d\u0131r&#8221;.<\/p>\n<div>\n<div id=\"AdviadNativeVideo0\" class=\"AdviadNativeVideo\"><\/div>\n<\/div>\n<p>Xat\u0131rladaq ki, Masall\u0131 rayon sakini, 2015-ci il t\u0259v\u0259ll\u00fcdl\u00fc \u018fliheyd\u0259r Xam\u0131yevi it di\u015fl\u0259yib. U\u015faq a\u011f\u0131r v\u0259ziyy\u0259td\u0259 x\u0259st\u0259xanaya yerl\u0259\u015fdirilib v\u0259 orada d\u00fcnyas\u0131n\u0131 d\u0259yi\u015fib.<\/p>\n","protected":false},"excerpt":{"rendered":"<p>\u0130\u015fg\u0259nc\u0259l\u0259r\u0259 Qar\u015f\u0131 Az\u0259rbaycan Komit\u0259sinin s\u0259dri, h\u00fcquq m\u00fcdafi\u0259\u00e7isi Tural H\u00fcseynov Masall\u0131 rayonunda 4 ya\u015fl\u0131 u\u015fa\u011f\u0131n \u00f6lm\u0259si il\u0259 ba\u011fl\u0131 hadis\u0259y\u0259 m\u00fcnasib\u0259t bildirib. ARANTV.AZ\u00a0\u00a0Trend-\u0259 istinad\u0259n bildirir ki, komit\u0259 s\u0259dri azya\u015fl\u0131n\u0131n \u00f6l\u00fcm\u00fcnd\u0259n t\u0259\u0259ss\u00fcfl\u0259ndiyini bildirib v\u0259 aidiyy\u0259ti qurumlar\u0131 bu m\u0259s\u0259l\u0259d\u0259 diqq\u0259tli olma\u011fa \u00e7a\u011f\u0131r\u0131b: &#8220;H\u00f6rm\u0259tli h\u00fcquq m\u00fcdafi\u0259cil\u0259ri, aidiyy\u0259ti qurum r\u0259hb\u0259rl\u0259ri. Ba\u015f vermi\u015f hadis\u0259 \u00e7ox \u00fcr\u0259ka\u011fr\u0131dan hald\u0131r. Sahibsiz it bir ail\u0259y\u0259 faci\u0259 g\u0259tirib. M\u0259n bu m\u0259s\u0259l\u0259d\u0259 aidiyy\u0259ti qurumlarla yana\u015f\u0131, ictimaiyy\u0259t\u0259 d\u0259 s\u0259sl\u0259nm\u0259k ist\u0259yir\u0259m. K\u00fc\u00e7\u0259l\u0259rd\u0259 sahibsiz itl\u0259r\u0259 daha ciddi n\u0259zar\u0259t olunmal\u0131d\u0131r ki, bu c\u00fcr faci\u0259l\u0259rin qar\u015f\u0131s\u0131 al\u0131ns\u0131n. Bu i\u015fd\u0259 h\u0259r bir v\u0259t\u0259nda\u015f f\u0259al olmal\u0131d\u0131r. K\u00fc\u00e7\u0259l\u0259rd\u0259 sahibsiz it g\u00f6r\u0259rk\u0259n&hellip;<\/p>\n","protected":false},"author":2,"featured_media":86919,"comment_status":"closed","ping_status":"closed","sticky":false,"template":"","format":"standard","meta":{"om_disable_all_campaigns":false,"_monsterinsights_skip_tracking":false,"_monsterinsights_sitenote_active":false,"_monsterinsights_sitenote_note":"","_monsterinsights_sitenote_category":0},"categories":[1],"tags":[],"aioseo_notices":[],"gutentor_comment":0,"rttpg_featured_image_url":{"full":["https:\/\/arantv.az\/wp-content\/uploads\/2019\/10\/795183.jpg",800,600,false],"landscape":["https:\/\/arantv.az\/wp-content\/uploads\/2019\/10\/795183.jpg",800,600,false],"portraits":["https:\/\/arantv.az\/wp-content\/uploads\/2019\/10\/795183.jpg",800,600,false],"thumbnail":["https:\/\/arantv.az\/wp-content\/uploads\/2019\/10\/795183-150x150.jpg",150,150,true],"medium":["https:\/\/arantv.az\/wp-content\/uploads\/2019\/10\/795183-300x225.jpg",300,225,true],"large":["https:\/\/arantv.az\/wp-content\/uploads\/2019\/10\/795183.jpg",640,480,false],"1536x1536":["https:\/\/arantv.az\/wp-content\/uploads\/2019\/10\/795183.jpg",800,600,false],"2048x2048":["https:\/\/arantv.az\/wp-content\/uploads\/2019\/10\/795183.jpg",800,600,false],"post-thumbnail":["https:\/\/arantv.az\/wp-content\/uploads\/2019\/10\/795183-240x172.jpg",240,172,true],"advps-thumb-one":["https:\/\/arantv.az\/wp-content\/uploads\/2019\/10\/795183.jpg",800,600,false]},"rttpg_author":{"display_name":"V\u00fcsal Rafiqo\u011flu","author_link":"https:\/\/arantv.az\/?author=2"},"rttpg_comment":0,"rttpg_category":"<a href=\"https:\/\/arantv.az\/?cat=1\" rel=\"category\">C\u0259miyy\u0259t<\/a>","rttpg_excerpt":"\u0130\u015fg\u0259nc\u0259l\u0259r\u0259 Qar\u015f\u0131 Az\u0259rbaycan Komit\u0259sinin s\u0259dri, h\u00fcquq m\u00fcdafi\u0259\u00e7isi Tural H\u00fcseynov Masall\u0131 rayonunda 4 ya\u015fl\u0131 u\u015fa\u011f\u0131n \u00f6lm\u0259si il\u0259 ba\u011fl\u0131 hadis\u0259y\u0259 m\u00fcnasib\u0259t bildirib. ARANTV.AZ\u00a0\u00a0Trend-\u0259 istinad\u0259n bildirir ki, komit\u0259 s\u0259dri azya\u015fl\u0131n\u0131n \u00f6l\u00fcm\u00fcnd\u0259n t\u0259\u0259ss\u00fcfl\u0259ndiyini bildirib v\u0259 aidiyy\u0259ti qurumlar\u0131 bu m\u0259s\u0259l\u0259d\u0259 diqq\u0259tli olma\u011fa \u00e7a\u011f\u0131r\u0131b: &#8220;H\u00f6rm\u0259tli h\u00fcquq m\u00fcdafi\u0259cil\u0259ri, aidiyy\u0259ti qurum r\u0259hb\u0259rl\u0259ri. Ba\u015f vermi\u015f hadis\u0259 \u00e7ox \u00fcr\u0259ka\u011fr\u0131dan hald\u0131r. Sahibsiz it bir ail\u0259y\u0259 faci\u0259&hellip;","_links":{"self":[{"href":"https:\/\/arantv.az\/index.php?rest_route=\/wp\/v2\/posts\/86918"}],"collection":[{"href":"https:\/\/arantv.az\/index.php?rest_route=\/wp\/v2\/posts"}],"about":[{"href":"https:\/\/arantv.az\/index.php?rest_route=\/wp\/v2\/types\/post"}],"author":[{"embeddable":true,"href":"https:\/\/arantv.az\/index.php?rest_route=\/wp\/v2\/users\/2"}],"replies":[{"embeddable":true,"href":"https:\/\/arantv.az\/index.php?rest_route=%2Fwp%2Fv2%2Fcomments&post=86918"}],"version-history":[{"count":0,"href":"https:\/\/arantv.az\/index.php?rest_route=\/wp\/v2\/posts\/86918\/revisions"}],"wp:featuredmedia":[{"embeddable":true,"href":"https:\/\/arantv.az\/index.php?rest_route=\/wp\/v2\/media\/86919"}],"wp:attachment":[{"href":"https:\/\/arantv.az\/index.php?rest_route=%2Fwp%2Fv2%2Fmedia&parent=86918"}],"wp:term":[{"taxonomy":"category","embeddable":true,"href":"https:\/\/arantv.az\/index.php?rest_route=%2Fwp%2Fv2%2Fcategories&post=86918"},{"taxonomy":"post_tag","embeddable":true,"href":"https:\/\/arantv.az\/index.php?rest_route=%2Fwp%2Fv2%2Ftags&post=86918"}],"curies":[{"name":"wp","href":"https:\/\/api.w.org\/{rel}","templated":true}]}}