{"id":86938,"date":"2019-10-18T10:28:28","date_gmt":"2019-10-18T07:28:28","guid":{"rendered":"http:\/\/arantv.az\/?p=86938"},"modified":"2019-10-18T10:28:28","modified_gmt":"2019-10-18T07:28:28","slug":"bakida-surucunun-c%c9%99rim%c9%99l%c9%99nm%c9%99sinin-sok-s%c9%99b%c9%99bi","status":"publish","type":"post","link":"https:\/\/arantv.az\/?p=86938","title":{"rendered":"Bak\u0131da s\u00fcr\u00fcc\u00fcn\u00fcn c\u0259rim\u0259l\u0259nm\u0259sinin \u015eOK S\u018fB\u018fB\u0130"},"content":{"rendered":"<p>Bak\u0131 \u015f\u0259h\u0259rind\u0259 t\u0259cili tibbi yard\u0131m avtomobilin\u0259 yol verm\u0259k \u00fc\u00e7\u00fcn i\u015f\u0131qfroun q\u0131rm\u0131z\u0131 i\u015f\u0131\u011f\u0131n\u0131n t\u0259l\u0259bini pozan v\u0259 bir ne\u00e7\u0259 metr qar\u015f\u0131y ged\u0259n avtomobilin s\u00fcr\u00fcc\u00fcs\u00fc c\u0259rim\u0259l\u0259nib.<\/p>\n<p><b>ARANTV.AZ<\/b>-\u0131n News24.az-a istinad\u0259n m\u0259lumat\u0131na g\u00f6r\u0259, hadis\u0259 Bab\u0259k prospektind\u0259 ba\u015f verib.<\/p>\n<div id=\"AdviadNativeVideo0\" class=\"AdviadNativeVideo\"><\/div>\n<p>S\u00fcr\u00fcc\u00fc bildirib ki, arxadan t\u0259cili tibbi yard\u0131m briqadas\u0131n\u0131n &#8220;Mercedes&#8221; markal\u0131 operativ n\u0259qliyyat vasit\u0259sinin g\u0259ldiyini g\u00f6r\u0259r\u0259k i\u015f\u0131qforun q\u0131rm\u0131z\u0131 i\u015f\u0131\u011f\u0131nda bir ne\u00e7\u0259 metr ir\u0259li ged\u0259r\u0259k dayan\u0131b v\u0259 h\u0259r\u0259k\u0259tini davam etdirm\u0259yib. Lakin kamera g\u00f6r\u00fcnt\u00fcl\u0259ri \u0259sas\u0131nda ona protokol t\u0259rtib edilib.<\/p>\n<p>S\u00fcr\u00fcc\u00fc protokolun l\u0259\u011fv edilm\u0259si \u00fc\u00e7\u00fcn m\u00fcraci\u0259t etdiyini qeyd edib.<\/p>\n","protected":false},"excerpt":{"rendered":"<p>Bak\u0131 \u015f\u0259h\u0259rind\u0259 t\u0259cili tibbi yard\u0131m avtomobilin\u0259 yol verm\u0259k \u00fc\u00e7\u00fcn i\u015f\u0131qfroun q\u0131rm\u0131z\u0131 i\u015f\u0131\u011f\u0131n\u0131n t\u0259l\u0259bini pozan v\u0259 bir ne\u00e7\u0259 metr qar\u015f\u0131y ged\u0259n avtomobilin s\u00fcr\u00fcc\u00fcs\u00fc c\u0259rim\u0259l\u0259nib. ARANTV.AZ-\u0131n News24.az-a istinad\u0259n m\u0259lumat\u0131na g\u00f6r\u0259, hadis\u0259 Bab\u0259k prospektind\u0259 ba\u015f verib. S\u00fcr\u00fcc\u00fc bildirib ki, arxadan t\u0259cili tibbi yard\u0131m briqadas\u0131n\u0131n &#8220;Mercedes&#8221; markal\u0131 operativ n\u0259qliyyat vasit\u0259sinin g\u0259ldiyini g\u00f6r\u0259r\u0259k i\u015f\u0131qforun q\u0131rm\u0131z\u0131 i\u015f\u0131\u011f\u0131nda bir ne\u00e7\u0259 metr ir\u0259li ged\u0259r\u0259k dayan\u0131b v\u0259 h\u0259r\u0259k\u0259tini davam etdirm\u0259yib. Lakin kamera g\u00f6r\u00fcnt\u00fcl\u0259ri \u0259sas\u0131nda ona protokol t\u0259rtib edilib. S\u00fcr\u00fcc\u00fc protokolun l\u0259\u011fv edilm\u0259si \u00fc\u00e7\u00fcn m\u00fcraci\u0259t etdiyini qeyd edib.<\/p>\n","protected":false},"author":2,"featured_media":86939,"comment_status":"closed","ping_status":"closed","sticky":false,"template":"","format":"standard","meta":{"om_disable_all_campaigns":false,"_monsterinsights_skip_tracking":false,"_monsterinsights_sitenote_active":false,"_monsterinsights_sitenote_note":"","_monsterinsights_sitenote_category":0},"categories":[1],"tags":[],"aioseo_notices":[],"gutentor_comment":0,"rttpg_featured_image_url":{"full":["https:\/\/arantv.az\/wp-content\/uploads\/2019\/10\/1571380449_whatsapp-image-2019-10-18-at-10_01_06.jpg",549,475,false],"landscape":["https:\/\/arantv.az\/wp-content\/uploads\/2019\/10\/1571380449_whatsapp-image-2019-10-18-at-10_01_06.jpg",549,475,false],"portraits":["https:\/\/arantv.az\/wp-content\/uploads\/2019\/10\/1571380449_whatsapp-image-2019-10-18-at-10_01_06.jpg",549,475,false],"thumbnail":["https:\/\/arantv.az\/wp-content\/uploads\/2019\/10\/1571380449_whatsapp-image-2019-10-18-at-10_01_06-150x150.jpg",150,150,true],"medium":["https:\/\/arantv.az\/wp-content\/uploads\/2019\/10\/1571380449_whatsapp-image-2019-10-18-at-10_01_06-300x260.jpg",300,260,true],"large":["https:\/\/arantv.az\/wp-content\/uploads\/2019\/10\/1571380449_whatsapp-image-2019-10-18-at-10_01_06.jpg",549,475,false],"1536x1536":["https:\/\/arantv.az\/wp-content\/uploads\/2019\/10\/1571380449_whatsapp-image-2019-10-18-at-10_01_06.jpg",549,475,false],"2048x2048":["https:\/\/arantv.az\/wp-content\/uploads\/2019\/10\/1571380449_whatsapp-image-2019-10-18-at-10_01_06.jpg",549,475,false],"post-thumbnail":["https:\/\/arantv.az\/wp-content\/uploads\/2019\/10\/1571380449_whatsapp-image-2019-10-18-at-10_01_06-240x172.jpg",240,172,true],"advps-thumb-one":["https:\/\/arantv.az\/wp-content\/uploads\/2019\/10\/1571380449_whatsapp-image-2019-10-18-at-10_01_06.jpg",549,475,false]},"rttpg_author":{"display_name":"V\u00fcsal Rafiqo\u011flu","author_link":"https:\/\/arantv.az\/?author=2"},"rttpg_comment":0,"rttpg_category":"<a href=\"https:\/\/arantv.az\/?cat=1\" rel=\"category\">C\u0259miyy\u0259t<\/a>","rttpg_excerpt":"Bak\u0131 \u015f\u0259h\u0259rind\u0259 t\u0259cili tibbi yard\u0131m avtomobilin\u0259 yol verm\u0259k \u00fc\u00e7\u00fcn i\u015f\u0131qfroun q\u0131rm\u0131z\u0131 i\u015f\u0131\u011f\u0131n\u0131n t\u0259l\u0259bini pozan v\u0259 bir ne\u00e7\u0259 metr qar\u015f\u0131y ged\u0259n avtomobilin s\u00fcr\u00fcc\u00fcs\u00fc c\u0259rim\u0259l\u0259nib. ARANTV.AZ-\u0131n News24.az-a istinad\u0259n m\u0259lumat\u0131na g\u00f6r\u0259, hadis\u0259 Bab\u0259k prospektind\u0259 ba\u015f verib. S\u00fcr\u00fcc\u00fc bildirib ki, arxadan t\u0259cili tibbi yard\u0131m briqadas\u0131n\u0131n &#8220;Mercedes&#8221; markal\u0131 operativ n\u0259qliyyat vasit\u0259sinin g\u0259ldiyini g\u00f6r\u0259r\u0259k i\u015f\u0131qforun q\u0131rm\u0131z\u0131 i\u015f\u0131\u011f\u0131nda bir ne\u00e7\u0259 metr ir\u0259li&hellip;","_links":{"self":[{"href":"https:\/\/arantv.az\/index.php?rest_route=\/wp\/v2\/posts\/86938"}],"collection":[{"href":"https:\/\/arantv.az\/index.php?rest_route=\/wp\/v2\/posts"}],"about":[{"href":"https:\/\/arantv.az\/index.php?rest_route=\/wp\/v2\/types\/post"}],"author":[{"embeddable":true,"href":"https:\/\/arantv.az\/index.php?rest_route=\/wp\/v2\/users\/2"}],"replies":[{"embeddable":true,"href":"https:\/\/arantv.az\/index.php?rest_route=%2Fwp%2Fv2%2Fcomments&post=86938"}],"version-history":[{"count":0,"href":"https:\/\/arantv.az\/index.php?rest_route=\/wp\/v2\/posts\/86938\/revisions"}],"wp:featuredmedia":[{"embeddable":true,"href":"https:\/\/arantv.az\/index.php?rest_route=\/wp\/v2\/media\/86939"}],"wp:attachment":[{"href":"https:\/\/arantv.az\/index.php?rest_route=%2Fwp%2Fv2%2Fmedia&parent=86938"}],"wp:term":[{"taxonomy":"category","embeddable":true,"href":"https:\/\/arantv.az\/index.php?rest_route=%2Fwp%2Fv2%2Fcategories&post=86938"},{"taxonomy":"post_tag","embeddable":true,"href":"https:\/\/arantv.az\/index.php?rest_route=%2Fwp%2Fv2%2Ftags&post=86938"}],"curies":[{"name":"wp","href":"https:\/\/api.w.org\/{rel}","templated":true}]}}