{"id":86946,"date":"2019-10-18T11:12:41","date_gmt":"2019-10-18T08:12:41","guid":{"rendered":"http:\/\/arantv.az\/?p=86946"},"modified":"2019-10-18T11:12:41","modified_gmt":"2019-10-18T08:12:41","slug":"abs-s%c9%99firliyind%c9%99n-az%c9%99rbaycanin-must%c9%99qillik-gunu-il%c9%99-bagli-paylasim","status":"publish","type":"post","link":"https:\/\/arantv.az\/?p=86946","title":{"rendered":"AB\u015e s\u0259firliyind\u0259n Az\u0259rbaycan\u0131n M\u00fcst\u0259qillik G\u00fcn\u00fc il\u0259 ba\u011fl\u0131 payla\u015f\u0131m"},"content":{"rendered":"<p>AB\u015e-\u0131n Az\u0259rbaycandak\u0131 S\u0259firliyi 18 oktyabr D\u00f6vl\u0259t M\u00fcst\u0259qilliyi G\u00fcn\u00fc m\u00fcnasib\u0259til\u0259 Az\u0259rbaycan xalq\u0131n\u0131 t\u0259brik edib.<\/p>\n<p><b>ARANTV.AZ\u00a0<\/b>x\u0259b\u0259r verir ki, bununla \u0259laq\u0259dar AB\u015e-\u0131n Az\u0259rbaycandak\u0131 S\u0259firliyinin \u201cFacebook\u201d hesab\u0131nda payla\u015f\u0131m edib:<\/p>\n<div id=\"AdviadNativeVideo0\" class=\"AdviadNativeVideo\"><\/div>\n<p>\u201cYenid\u0259n \u0259ld\u0259 olunmu\u015f m\u00fcst\u0259qilliyin 28-ci il d\u00f6n\u00fcm\u00fc il\u0259 \u0259laq\u0259d\u0259r Az\u0259rbaycan xalq\u0131n\u0131 t\u0259brik edirik. Bu m\u00fcnasib\u0259tl\u0259 amerikal\u0131lar az\u0259rbaycanl\u0131lara \u0259n xo\u015f arzular\u0131n\u0131n\u0131 \u00e7atd\u0131r\u0131rlar\u201d.<\/p>\n<div><iframe loading=\"lazy\" src=\"https:\/\/www.facebook.com\/plugins\/post.php?href=https%3A%2F%2Fwww.facebook.com%2Fbaku.usembassy%2Fposts%2F3313414835343071&amp;width=500\" width=\"500\" height=\"502\" frameborder=\"0\" scrolling=\"no\" data-mce-fragment=\"1\"><\/iframe><\/div>\n<p>oxu.az<\/p>\n","protected":false},"excerpt":{"rendered":"<p>AB\u015e-\u0131n Az\u0259rbaycandak\u0131 S\u0259firliyi 18 oktyabr D\u00f6vl\u0259t M\u00fcst\u0259qilliyi G\u00fcn\u00fc m\u00fcnasib\u0259til\u0259 Az\u0259rbaycan xalq\u0131n\u0131 t\u0259brik edib. ARANTV.AZ\u00a0x\u0259b\u0259r verir ki, bununla \u0259laq\u0259dar AB\u015e-\u0131n Az\u0259rbaycandak\u0131 S\u0259firliyinin \u201cFacebook\u201d hesab\u0131nda payla\u015f\u0131m edib: \u201cYenid\u0259n \u0259ld\u0259 olunmu\u015f m\u00fcst\u0259qilliyin 28-ci il d\u00f6n\u00fcm\u00fc il\u0259 \u0259laq\u0259d\u0259r Az\u0259rbaycan xalq\u0131n\u0131 t\u0259brik edirik. Bu m\u00fcnasib\u0259tl\u0259 amerikal\u0131lar az\u0259rbaycanl\u0131lara \u0259n xo\u015f arzular\u0131n\u0131n\u0131 \u00e7atd\u0131r\u0131rlar\u201d. oxu.az<\/p>\n","protected":false},"author":2,"featured_media":86947,"comment_status":"closed","ping_status":"closed","sticky":false,"template":"","format":"standard","meta":{"om_disable_all_campaigns":false,"_monsterinsights_skip_tracking":false,"_monsterinsights_sitenote_active":false,"_monsterinsights_sitenote_note":"","_monsterinsights_sitenote_category":0},"categories":[4],"tags":[],"aioseo_notices":[],"gutentor_comment":0,"rttpg_featured_image_url":{"full":["https:\/\/arantv.az\/wp-content\/uploads\/2019\/10\/1480066379_16.jpg",620,413,false],"landscape":["https:\/\/arantv.az\/wp-content\/uploads\/2019\/10\/1480066379_16.jpg",620,413,false],"portraits":["https:\/\/arantv.az\/wp-content\/uploads\/2019\/10\/1480066379_16.jpg",620,413,false],"thumbnail":["https:\/\/arantv.az\/wp-content\/uploads\/2019\/10\/1480066379_16-150x150.jpg",150,150,true],"medium":["https:\/\/arantv.az\/wp-content\/uploads\/2019\/10\/1480066379_16-300x200.jpg",300,200,true],"large":["https:\/\/arantv.az\/wp-content\/uploads\/2019\/10\/1480066379_16.jpg",620,413,false],"1536x1536":["https:\/\/arantv.az\/wp-content\/uploads\/2019\/10\/1480066379_16.jpg",620,413,false],"2048x2048":["https:\/\/arantv.az\/wp-content\/uploads\/2019\/10\/1480066379_16.jpg",620,413,false],"post-thumbnail":["https:\/\/arantv.az\/wp-content\/uploads\/2019\/10\/1480066379_16-240x172.jpg",240,172,true],"advps-thumb-one":["https:\/\/arantv.az\/wp-content\/uploads\/2019\/10\/1480066379_16.jpg",620,413,false]},"rttpg_author":{"display_name":"V\u00fcsal Rafiqo\u011flu","author_link":"https:\/\/arantv.az\/?author=2"},"rttpg_comment":0,"rttpg_category":"<a href=\"https:\/\/arantv.az\/?cat=4\" rel=\"category\">Siyas\u0259t<\/a>","rttpg_excerpt":"AB\u015e-\u0131n Az\u0259rbaycandak\u0131 S\u0259firliyi 18 oktyabr D\u00f6vl\u0259t M\u00fcst\u0259qilliyi G\u00fcn\u00fc m\u00fcnasib\u0259til\u0259 Az\u0259rbaycan xalq\u0131n\u0131 t\u0259brik edib. ARANTV.AZ\u00a0x\u0259b\u0259r verir ki, bununla \u0259laq\u0259dar AB\u015e-\u0131n Az\u0259rbaycandak\u0131 S\u0259firliyinin \u201cFacebook\u201d hesab\u0131nda payla\u015f\u0131m edib: \u201cYenid\u0259n \u0259ld\u0259 olunmu\u015f m\u00fcst\u0259qilliyin 28-ci il d\u00f6n\u00fcm\u00fc il\u0259 \u0259laq\u0259d\u0259r Az\u0259rbaycan xalq\u0131n\u0131 t\u0259brik edirik. Bu m\u00fcnasib\u0259tl\u0259 amerikal\u0131lar az\u0259rbaycanl\u0131lara \u0259n xo\u015f arzular\u0131n\u0131n\u0131 \u00e7atd\u0131r\u0131rlar\u201d. oxu.az","_links":{"self":[{"href":"https:\/\/arantv.az\/index.php?rest_route=\/wp\/v2\/posts\/86946"}],"collection":[{"href":"https:\/\/arantv.az\/index.php?rest_route=\/wp\/v2\/posts"}],"about":[{"href":"https:\/\/arantv.az\/index.php?rest_route=\/wp\/v2\/types\/post"}],"author":[{"embeddable":true,"href":"https:\/\/arantv.az\/index.php?rest_route=\/wp\/v2\/users\/2"}],"replies":[{"embeddable":true,"href":"https:\/\/arantv.az\/index.php?rest_route=%2Fwp%2Fv2%2Fcomments&post=86946"}],"version-history":[{"count":0,"href":"https:\/\/arantv.az\/index.php?rest_route=\/wp\/v2\/posts\/86946\/revisions"}],"wp:featuredmedia":[{"embeddable":true,"href":"https:\/\/arantv.az\/index.php?rest_route=\/wp\/v2\/media\/86947"}],"wp:attachment":[{"href":"https:\/\/arantv.az\/index.php?rest_route=%2Fwp%2Fv2%2Fmedia&parent=86946"}],"wp:term":[{"taxonomy":"category","embeddable":true,"href":"https:\/\/arantv.az\/index.php?rest_route=%2Fwp%2Fv2%2Fcategories&post=86946"},{"taxonomy":"post_tag","embeddable":true,"href":"https:\/\/arantv.az\/index.php?rest_route=%2Fwp%2Fv2%2Ftags&post=86946"}],"curies":[{"name":"wp","href":"https:\/\/api.w.org\/{rel}","templated":true}]}}