{"id":87299,"date":"2019-10-19T12:07:48","date_gmt":"2019-10-19T09:07:48","guid":{"rendered":"http:\/\/arantv.az\/?p=87299"},"modified":"2019-10-19T12:07:48","modified_gmt":"2019-10-19T09:07:48","slug":"turk-surasi-dunyada-vacib-guc-m%c9%99rk%c9%99zin%c9%99-cevril%c9%99c%c9%99k","status":"publish","type":"post","link":"https:\/\/arantv.az\/?p=87299","title":{"rendered":"T\u00fcrk \u015euras\u0131 d\u00fcnyada vacib g\u00fcc m\u0259rk\u0259zin\u0259 \u00e7evril\u0259c\u0259k"},"content":{"rendered":"<blockquote><p><em><strong>T\u00fcrkdilli D\u00f6vl\u0259tl\u0259rin \u018fm\u0259kda\u015fl\u0131q \u015euras\u0131 (T\u00fcrk \u015euras\u0131) yax\u0131n zamanlarda m\u00f6hk\u0259ml\u0259n\u0259c\u0259k v\u0259 d\u00fcnyada vacib g\u00fcc m\u0259rk\u0259zin\u0259 \u00e7evril\u0259c\u0259k.<\/strong><\/em><\/p><\/blockquote>\n<p><strong>ARANTV.AZ<\/strong>\u00a0 x\u0259b\u0259r verir ki, bunu\u00a0<a href=\"https:\/\/az.trend.az\/\" target=\"_blank\" rel=\"noopener\">Trend<\/a>-\u0259 Br\u00fcssel Avropa Ara\u015fd\u0131rmalar\u0131 M\u0259rk\u0259zinin r\u0259hb\u0259ri Naciye Selin \u015eenocak deyib.<\/p>\n<p>Onun s\u00f6zl\u0259rin\u0259 g\u00f6r\u0259, \u00d6zb\u0259kistan\u0131n T\u00fcrk \u015euras\u0131na qo\u015fulmas\u0131, el\u0259c\u0259 d\u0259 Macar\u0131standa \u015euran\u0131n n\u00fcmay\u0259nd\u0259liyinin a\u00e7\u0131lmas\u0131 bu strukturun vacibliyi v\u0259 artan rolunu g\u00f6st\u0259rir:<\/p>\n<p>&#8220;\u0130dar\u0259etm\u0259 oxunun Asiyaya ke\u00e7diyi yeni d\u00fcnya d\u00fcz\u0259nind\u0259 T\u00fcrk \u015euras\u0131 vacib rol oynayacaq&#8221;.<\/p>\n<p>M\u0259rk\u0259zin r\u0259hb\u0259ri \u0259lav\u0259 edib ki, T\u00fcrk \u015euras\u0131n\u0131n f\u0259aliyy\u0259ti g\u0259l\u0259c\u0259kd\u0259 d\u0259 &#8220;Bir k\u0259m\u0259r, bir yol&#8221; layih\u0259sinin k\u00f6m\u0259yi il\u0259 iqtisadi, siyasi v\u0259 sosial bax\u0131mdan inki\u015faf ed\u0259c\u0259k v\u0259 d\u0259rinl\u0259\u015f\u0259c\u0259k.<\/p>\n<p>O qeyd edib ki, Bak\u0131da ke\u00e7iril\u0259n sammit zaman\u0131 T\u00fcrk \u015euras\u0131 T\u00fcrkiy\u0259nin Suriyan\u0131n \u015fimal\u0131ndak\u0131 h\u0259rbi \u0259m\u0259liyyatlar\u0131na ciddi d\u0259st\u0259k ver\u0259c\u0259k v\u0259 bununla birlik bar\u0259d\u0259 g\u00fccl\u00fc ismar\u0131c \u00e7atd\u0131racaq.<\/p>\n","protected":false},"excerpt":{"rendered":"<p>T\u00fcrkdilli D\u00f6vl\u0259tl\u0259rin \u018fm\u0259kda\u015fl\u0131q \u015euras\u0131 (T\u00fcrk \u015euras\u0131) yax\u0131n zamanlarda m\u00f6hk\u0259ml\u0259n\u0259c\u0259k v\u0259 d\u00fcnyada vacib g\u00fcc m\u0259rk\u0259zin\u0259 \u00e7evril\u0259c\u0259k. ARANTV.AZ\u00a0 x\u0259b\u0259r verir ki, bunu\u00a0Trend-\u0259 Br\u00fcssel Avropa Ara\u015fd\u0131rmalar\u0131 M\u0259rk\u0259zinin r\u0259hb\u0259ri Naciye Selin \u015eenocak deyib. Onun s\u00f6zl\u0259rin\u0259 g\u00f6r\u0259, \u00d6zb\u0259kistan\u0131n T\u00fcrk \u015euras\u0131na qo\u015fulmas\u0131, el\u0259c\u0259 d\u0259 Macar\u0131standa \u015euran\u0131n n\u00fcmay\u0259nd\u0259liyinin a\u00e7\u0131lmas\u0131 bu strukturun vacibliyi v\u0259 artan rolunu g\u00f6st\u0259rir: &#8220;\u0130dar\u0259etm\u0259 oxunun Asiyaya ke\u00e7diyi yeni d\u00fcnya d\u00fcz\u0259nind\u0259 T\u00fcrk \u015euras\u0131 vacib rol oynayacaq&#8221;. M\u0259rk\u0259zin r\u0259hb\u0259ri \u0259lav\u0259 edib ki, T\u00fcrk \u015euras\u0131n\u0131n f\u0259aliyy\u0259ti g\u0259l\u0259c\u0259kd\u0259 d\u0259 &#8220;Bir k\u0259m\u0259r, bir yol&#8221; layih\u0259sinin k\u00f6m\u0259yi il\u0259 iqtisadi, siyasi v\u0259 sosial bax\u0131mdan inki\u015faf ed\u0259c\u0259k v\u0259 d\u0259rinl\u0259\u015f\u0259c\u0259k. O qeyd edib&hellip;<\/p>\n","protected":false},"author":2,"featured_media":87300,"comment_status":"closed","ping_status":"closed","sticky":false,"template":"","format":"standard","meta":{"om_disable_all_campaigns":false,"_monsterinsights_skip_tracking":false,"_monsterinsights_sitenote_active":false,"_monsterinsights_sitenote_note":"","_monsterinsights_sitenote_category":0},"categories":[4],"tags":[],"aioseo_notices":[],"gutentor_comment":0,"rttpg_featured_image_url":{"full":["https:\/\/arantv.az\/wp-content\/uploads\/2019\/10\/795492.jpg",800,600,false],"landscape":["https:\/\/arantv.az\/wp-content\/uploads\/2019\/10\/795492.jpg",800,600,false],"portraits":["https:\/\/arantv.az\/wp-content\/uploads\/2019\/10\/795492.jpg",800,600,false],"thumbnail":["https:\/\/arantv.az\/wp-content\/uploads\/2019\/10\/795492-150x150.jpg",150,150,true],"medium":["https:\/\/arantv.az\/wp-content\/uploads\/2019\/10\/795492-300x225.jpg",300,225,true],"large":["https:\/\/arantv.az\/wp-content\/uploads\/2019\/10\/795492.jpg",640,480,false],"1536x1536":["https:\/\/arantv.az\/wp-content\/uploads\/2019\/10\/795492.jpg",800,600,false],"2048x2048":["https:\/\/arantv.az\/wp-content\/uploads\/2019\/10\/795492.jpg",800,600,false],"post-thumbnail":["https:\/\/arantv.az\/wp-content\/uploads\/2019\/10\/795492-240x172.jpg",240,172,true],"advps-thumb-one":["https:\/\/arantv.az\/wp-content\/uploads\/2019\/10\/795492.jpg",800,600,false]},"rttpg_author":{"display_name":"V\u00fcsal Rafiqo\u011flu","author_link":"https:\/\/arantv.az\/?author=2"},"rttpg_comment":0,"rttpg_category":"<a href=\"https:\/\/arantv.az\/?cat=4\" rel=\"category\">Siyas\u0259t<\/a>","rttpg_excerpt":"T\u00fcrkdilli D\u00f6vl\u0259tl\u0259rin \u018fm\u0259kda\u015fl\u0131q \u015euras\u0131 (T\u00fcrk \u015euras\u0131) yax\u0131n zamanlarda m\u00f6hk\u0259ml\u0259n\u0259c\u0259k v\u0259 d\u00fcnyada vacib g\u00fcc m\u0259rk\u0259zin\u0259 \u00e7evril\u0259c\u0259k. ARANTV.AZ\u00a0 x\u0259b\u0259r verir ki, bunu\u00a0Trend-\u0259 Br\u00fcssel Avropa Ara\u015fd\u0131rmalar\u0131 M\u0259rk\u0259zinin r\u0259hb\u0259ri Naciye Selin \u015eenocak deyib. Onun s\u00f6zl\u0259rin\u0259 g\u00f6r\u0259, \u00d6zb\u0259kistan\u0131n T\u00fcrk \u015euras\u0131na qo\u015fulmas\u0131, el\u0259c\u0259 d\u0259 Macar\u0131standa \u015euran\u0131n n\u00fcmay\u0259nd\u0259liyinin a\u00e7\u0131lmas\u0131 bu strukturun vacibliyi v\u0259 artan rolunu g\u00f6st\u0259rir: &#8220;\u0130dar\u0259etm\u0259 oxunun Asiyaya ke\u00e7diyi yeni d\u00fcnya&hellip;","_links":{"self":[{"href":"https:\/\/arantv.az\/index.php?rest_route=\/wp\/v2\/posts\/87299"}],"collection":[{"href":"https:\/\/arantv.az\/index.php?rest_route=\/wp\/v2\/posts"}],"about":[{"href":"https:\/\/arantv.az\/index.php?rest_route=\/wp\/v2\/types\/post"}],"author":[{"embeddable":true,"href":"https:\/\/arantv.az\/index.php?rest_route=\/wp\/v2\/users\/2"}],"replies":[{"embeddable":true,"href":"https:\/\/arantv.az\/index.php?rest_route=%2Fwp%2Fv2%2Fcomments&post=87299"}],"version-history":[{"count":0,"href":"https:\/\/arantv.az\/index.php?rest_route=\/wp\/v2\/posts\/87299\/revisions"}],"wp:featuredmedia":[{"embeddable":true,"href":"https:\/\/arantv.az\/index.php?rest_route=\/wp\/v2\/media\/87300"}],"wp:attachment":[{"href":"https:\/\/arantv.az\/index.php?rest_route=%2Fwp%2Fv2%2Fmedia&parent=87299"}],"wp:term":[{"taxonomy":"category","embeddable":true,"href":"https:\/\/arantv.az\/index.php?rest_route=%2Fwp%2Fv2%2Fcategories&post=87299"},{"taxonomy":"post_tag","embeddable":true,"href":"https:\/\/arantv.az\/index.php?rest_route=%2Fwp%2Fv2%2Ftags&post=87299"}],"curies":[{"name":"wp","href":"https:\/\/api.w.org\/{rel}","templated":true}]}}