{"id":87311,"date":"2019-10-19T16:17:39","date_gmt":"2019-10-19T13:17:39","guid":{"rendered":"http:\/\/arantv.az\/?p=87311"},"modified":"2019-10-19T16:17:39","modified_gmt":"2019-10-19T13:17:39","slug":"bsbpi-nin-idar%c9%99-r%c9%99isi-qanunsuz-aksiya-c%c9%99hdinin-qarsisi-alinib-saxlanilanlar-var","status":"publish","type":"post","link":"https:\/\/arantv.az\/?p=87311","title":{"rendered":"B\u015eBP\u0130-nin \u0130dar\u0259 r\u0259isi: Qanunsuz aksiya c\u0259hdinin qar\u015f\u0131s\u0131 al\u0131n\u0131b, saxlan\u0131lanlar var"},"content":{"rendered":"<p>\u201c\u0130ki g\u00fcn \u00f6nc\u0259 televiziya vasit\u0259sil\u0259 d\u0259 t\u0259r\u0259fimd\u0259n m\u00fcraci\u0259t olunmu\u015fdu ki, Bak\u0131 \u015f\u0259h\u0259ri \u201c28 May\u201d metrostansiyas\u0131n\u0131n qar\u015f\u0131s\u0131nda he\u00e7 bir aksiya ke\u00e7irilm\u0259y\u0259c\u0259k. Bir daha xat\u0131rlad\u0131ram ki, metronun m\u00fchafiz\u0259 zonas\u0131na daxil olan he\u00e7 bir yerd\u0259 he\u00e7 bir aksiya ke\u00e7iril\u0259 bilm\u0259z.<\/p>\n<p>Bununla ba\u011fl\u0131 \u00e7\u0131x\u0131\u015f el\u0259dim v\u0259 ictimaiyy\u0259ti m\u0259lumatland\u0131rd\u0131m\u201d.<\/p>\n<div id=\"AdviadNativeVideo0\" class=\"AdviadNativeVideo\"><\/div>\n<p><strong>ARANTV.AZ<\/strong>-\u0131n m\u0259lumat\u0131na g\u00f6r\u0259, bunu Bak\u0131 \u015e\u0259h\u0259r Ba\u015f Polis \u0130dar\u0259sinin \u0130ctimai T\u0259hl\u00fck\u0259sizlik \u0130dar\u0259sinin r\u0259isi, polis polkovniki Nurullah M\u0259mm\u0259dxanl\u0131 deyib.<\/p>\n<p>\u0130dar\u0259 r\u0259isinin s\u00f6zl\u0259rin\u0259 g\u00f6r\u0259, qanunsuz aksiyaya c\u0259hd ed\u0259n insanlar olub, onlar\u0131n da qar\u015f\u0131s\u0131 polis t\u0259r\u0259find\u0259n q\u0259tiyy\u0259tl\u0259 al\u0131n\u0131b: \u201cSaxlan\u0131lanlar var, onlar\u0131n haqq\u0131nda da t\u0259dbir g\u00f6r\u00fcl\u0259c\u0259k. Onlar t\u0259xribat t\u00f6r\u0259tm\u0259k m\u0259qs\u0259dil\u0259 ictimai asayi\u015fi pozma\u011fa c\u0259hd etdil\u0259r, qar\u015f\u0131lar\u0131 da q\u0259tiyy\u0259tl\u0259 al\u0131nd\u0131. Hesab edir\u0259m ki, mitinq ke\u00e7irm\u0259k ist\u0259yirl\u0259rs\u0259, onlar \u00fc\u00e7\u00fcn \u00e7ox yax\u015f\u0131, m\u00fcnasib yer ayr\u0131lm\u0131\u015fd\u0131\u201d.apa<\/p>\n","protected":false},"excerpt":{"rendered":"<p>\u201c\u0130ki g\u00fcn \u00f6nc\u0259 televiziya vasit\u0259sil\u0259 d\u0259 t\u0259r\u0259fimd\u0259n m\u00fcraci\u0259t olunmu\u015fdu ki, Bak\u0131 \u015f\u0259h\u0259ri \u201c28 May\u201d metrostansiyas\u0131n\u0131n qar\u015f\u0131s\u0131nda he\u00e7 bir aksiya ke\u00e7irilm\u0259y\u0259c\u0259k. Bir daha xat\u0131rlad\u0131ram ki, metronun m\u00fchafiz\u0259 zonas\u0131na daxil olan he\u00e7 bir yerd\u0259 he\u00e7 bir aksiya ke\u00e7iril\u0259 bilm\u0259z. Bununla ba\u011fl\u0131 \u00e7\u0131x\u0131\u015f el\u0259dim v\u0259 ictimaiyy\u0259ti m\u0259lumatland\u0131rd\u0131m\u201d. ARANTV.AZ-\u0131n m\u0259lumat\u0131na g\u00f6r\u0259, bunu Bak\u0131 \u015e\u0259h\u0259r Ba\u015f Polis \u0130dar\u0259sinin \u0130ctimai T\u0259hl\u00fck\u0259sizlik \u0130dar\u0259sinin r\u0259isi, polis polkovniki Nurullah M\u0259mm\u0259dxanl\u0131 deyib. \u0130dar\u0259 r\u0259isinin s\u00f6zl\u0259rin\u0259 g\u00f6r\u0259, qanunsuz aksiyaya c\u0259hd ed\u0259n insanlar olub, onlar\u0131n da qar\u015f\u0131s\u0131 polis t\u0259r\u0259find\u0259n q\u0259tiyy\u0259tl\u0259 al\u0131n\u0131b: \u201cSaxlan\u0131lanlar var, onlar\u0131n haqq\u0131nda da t\u0259dbir g\u00f6r\u00fcl\u0259c\u0259k. Onlar t\u0259xribat t\u00f6r\u0259tm\u0259k m\u0259qs\u0259dil\u0259&hellip;<\/p>\n","protected":false},"author":2,"featured_media":87312,"comment_status":"closed","ping_status":"closed","sticky":false,"template":"","format":"standard","meta":{"om_disable_all_campaigns":false,"_monsterinsights_skip_tracking":false,"_monsterinsights_sitenote_active":false,"_monsterinsights_sitenote_note":"","_monsterinsights_sitenote_category":0},"categories":[1],"tags":[],"aioseo_notices":[],"gutentor_comment":0,"rttpg_featured_image_url":{"full":["https:\/\/arantv.az\/wp-content\/uploads\/2019\/10\/465daaff5483c86.jpg",620,413,false],"landscape":["https:\/\/arantv.az\/wp-content\/uploads\/2019\/10\/465daaff5483c86.jpg",620,413,false],"portraits":["https:\/\/arantv.az\/wp-content\/uploads\/2019\/10\/465daaff5483c86.jpg",620,413,false],"thumbnail":["https:\/\/arantv.az\/wp-content\/uploads\/2019\/10\/465daaff5483c86-150x150.jpg",150,150,true],"medium":["https:\/\/arantv.az\/wp-content\/uploads\/2019\/10\/465daaff5483c86-300x200.jpg",300,200,true],"large":["https:\/\/arantv.az\/wp-content\/uploads\/2019\/10\/465daaff5483c86.jpg",620,413,false],"1536x1536":["https:\/\/arantv.az\/wp-content\/uploads\/2019\/10\/465daaff5483c86.jpg",620,413,false],"2048x2048":["https:\/\/arantv.az\/wp-content\/uploads\/2019\/10\/465daaff5483c86.jpg",620,413,false],"post-thumbnail":["https:\/\/arantv.az\/wp-content\/uploads\/2019\/10\/465daaff5483c86-240x172.jpg",240,172,true],"advps-thumb-one":["https:\/\/arantv.az\/wp-content\/uploads\/2019\/10\/465daaff5483c86.jpg",620,413,false]},"rttpg_author":{"display_name":"V\u00fcsal Rafiqo\u011flu","author_link":"https:\/\/arantv.az\/?author=2"},"rttpg_comment":0,"rttpg_category":"<a href=\"https:\/\/arantv.az\/?cat=1\" rel=\"category\">C\u0259miyy\u0259t<\/a>","rttpg_excerpt":"\u201c\u0130ki g\u00fcn \u00f6nc\u0259 televiziya vasit\u0259sil\u0259 d\u0259 t\u0259r\u0259fimd\u0259n m\u00fcraci\u0259t olunmu\u015fdu ki, Bak\u0131 \u015f\u0259h\u0259ri \u201c28 May\u201d metrostansiyas\u0131n\u0131n qar\u015f\u0131s\u0131nda he\u00e7 bir aksiya ke\u00e7irilm\u0259y\u0259c\u0259k. Bir daha xat\u0131rlad\u0131ram ki, metronun m\u00fchafiz\u0259 zonas\u0131na daxil olan he\u00e7 bir yerd\u0259 he\u00e7 bir aksiya ke\u00e7iril\u0259 bilm\u0259z. Bununla ba\u011fl\u0131 \u00e7\u0131x\u0131\u015f el\u0259dim v\u0259 ictimaiyy\u0259ti m\u0259lumatland\u0131rd\u0131m\u201d. ARANTV.AZ-\u0131n m\u0259lumat\u0131na g\u00f6r\u0259, bunu Bak\u0131 \u015e\u0259h\u0259r Ba\u015f Polis \u0130dar\u0259sinin \u0130ctimai T\u0259hl\u00fck\u0259sizlik&hellip;","_links":{"self":[{"href":"https:\/\/arantv.az\/index.php?rest_route=\/wp\/v2\/posts\/87311"}],"collection":[{"href":"https:\/\/arantv.az\/index.php?rest_route=\/wp\/v2\/posts"}],"about":[{"href":"https:\/\/arantv.az\/index.php?rest_route=\/wp\/v2\/types\/post"}],"author":[{"embeddable":true,"href":"https:\/\/arantv.az\/index.php?rest_route=\/wp\/v2\/users\/2"}],"replies":[{"embeddable":true,"href":"https:\/\/arantv.az\/index.php?rest_route=%2Fwp%2Fv2%2Fcomments&post=87311"}],"version-history":[{"count":0,"href":"https:\/\/arantv.az\/index.php?rest_route=\/wp\/v2\/posts\/87311\/revisions"}],"wp:featuredmedia":[{"embeddable":true,"href":"https:\/\/arantv.az\/index.php?rest_route=\/wp\/v2\/media\/87312"}],"wp:attachment":[{"href":"https:\/\/arantv.az\/index.php?rest_route=%2Fwp%2Fv2%2Fmedia&parent=87311"}],"wp:term":[{"taxonomy":"category","embeddable":true,"href":"https:\/\/arantv.az\/index.php?rest_route=%2Fwp%2Fv2%2Fcategories&post=87311"},{"taxonomy":"post_tag","embeddable":true,"href":"https:\/\/arantv.az\/index.php?rest_route=%2Fwp%2Fv2%2Ftags&post=87311"}],"curies":[{"name":"wp","href":"https:\/\/api.w.org\/{rel}","templated":true}]}}