{"id":87328,"date":"2019-10-19T16:25:35","date_gmt":"2019-10-19T13:25:35","guid":{"rendered":"http:\/\/arantv.az\/?p=87328"},"modified":"2019-10-19T16:25:35","modified_gmt":"2019-10-19T13:25:35","slug":"axcp-v%c9%99-milli-sura-adli-t%c9%99skilatlarin-m%c9%99qs%c9%99di-aksiya-deyil-olk%c9%99d%c9%99-caxnasma-yaratmaq-t%c9%99xribat-tor%c9%99tm%c9%99kdir-deputat","status":"publish","type":"post","link":"https:\/\/arantv.az\/?p=87328","title":{"rendered":"&#8220;AXCP v\u0259 &#8220;Milli \u015eura&#8221; adl\u0131 t\u0259\u015fkilatlar\u0131n m\u0259qs\u0259di aksiya deyil, \u00f6lk\u0259d\u0259 \u00e7axna\u015fma yaratmaq, t\u0259xribat t\u00f6r\u0259tm\u0259kdir&#8221; &#8211; Deputat"},"content":{"rendered":"<blockquote><p><em><strong>&#8220;Milli \u015eura&#8221;n\u0131n bu g\u00fcn t\u0259\u015fkil etdiyi qanunsuz y\u0131\u011f\u0131ncaq c\u0259hdi bir daha onlar\u0131n i\u00e7 \u00fcz\u00fcn\u00fc ortaya qoydu.<\/strong><\/em><\/p><\/blockquote>\n<p><strong>ARANTV.AZ<\/strong>\u00a0 bildirir ki, bunu\u00a0<a href=\"http:\/\/az.trend.az\/\" target=\"_blank\" rel=\"noopener\">Trend<\/a>-\u0259 a\u00e7\u0131qlamas\u0131nda mill\u0259t v\u0259kili Elman M\u0259mm\u0259dov deyib.<\/p>\n<p>Deputat qeyd edib ki, AXCP s\u0259dri \u018fli K\u0259rimli v\u0259 onu a\u011f\u0131lda olan bir qrupun &#8220;inqilab&#8221; c\u0259hdi bir daha s\u00fcbuta yetirdi ki, xalq bu yalan\u00e7\u0131lara inanm\u0131r v\u0259 \u00f6lk\u0259d\u0259 mitinq\u0259 ehtiyac yoxdur:<\/p>\n<p>&#8220;Bu c\u0259hd bir daha g\u00f6st\u0259rdi ki, Az\u0259rbaycanda etiraz aksiyas\u0131 ke\u00e7irm\u0259y\u0259 ehtiyac yoxdur. Xalq art\u0131q onlar\u0131n yalanlar\u0131na, x\u00fclyalar\u0131na inanm\u0131r. \u00c7\u00fcnki, xalq \u00f6z lideri \u0259traf\u0131nda birl\u0259\u015fib, se\u00e7imini edib. Art\u0131q d\u0259f\u0259l\u0259rl\u0259 t\u0259stiqini tap\u0131b ki, AXCP normal \u015f\u0259kild\u0259 aksiya t\u0259\u015fkil etm\u0259k iqtidar\u0131nda deyil. \u018fli K\u0259rimlinin sosial \u015f\u0259b\u0259k\u0259l\u0259rd\u0259 v\u0259t\u0259nda\u015flar\u0131 aksiyaya \u00e7a\u011f\u0131rmas\u0131, \u015f\u0259h\u0259rin m\u0259rk\u0259zind\u0259 ita\u0259tsizlik m\u00fchiti v\u0259 h\u0259tta m\u00fcmk\u00fcn olaca\u011f\u0131 t\u0259qdird\u0259 qar\u015f\u0131durma yaratmaq, \u00f6z\u00fcn\u00fc m\u00fcxalif\u0259td\u0259 real g\u00fcc m\u0259rk\u0259zi kimi t\u0259qdim etm\u0259k v\u0259 m\u00fcvafiq piar kampaniya aparmaq m\u0259qs\u0259di da\u015f\u0131y\u0131b. N\u0259tic\u0259 is\u0259 g\u00f6z qaba\u011f\u0131nda oldu. Art\u0131q xalq d\u0259rk edir ki, \u018fli K\u0259rimli v\u0259 onunkimil\u0259rin populist b\u0259yanatlar\u0131 yalandan ba\u015fqa bir \u015fey deyil. Bu \u015f\u0259xsl\u0259rin m\u0259qs\u0259di he\u00e7 d\u0259 \u015f\u0259h\u0259rd\u0259 dinc aksiya ke\u00e7irm\u0259k deyil, piketi mitinq\u0259 \u00e7evirm\u0259k, \u015f\u0259h\u0259rin m\u0259rk\u0259zind\u0259 qar\u015f\u0131durma yaratmaq, \u00e7axna\u015fma salmaqd\u0131r. \u018fg\u0259r \u018fli K\u0259rimli h\u0259qiq\u0259t\u0259n t\u0259r\u0259fdarlar\u0131na g\u00fcv\u0259nib mitinq etm\u0259k ist\u0259yirdis\u0259, Bak\u0131 \u015f\u0259h\u0259r \u0130cra Hakimiyy\u0259ti onlara normal yer t\u0259klif etdi v\u0259 orada ist\u0259dikl\u0259ri q\u0259d\u0259r toplanma\u011fa icaz\u0259 vermi\u015fdi. Lakin, \u00f6z t\u0259r\u0259fdarlar\u0131na arxay\u0131n olmayan \u018fli K\u0259rimli v\u0259 onun be\u015f-on n\u0259f\u0259rlik \u0259traf\u0131 mitinqin m\u00fc\u0259yy\u0259n edildiyi \u0259raziy\u0259 he\u00e7 kimin g\u0259lm\u0259y\u0259c\u0259yini bilib h\u0259min \u0259razid\u0259n imtina etdil\u0259r. N\u0259tic\u0259d\u0259 onlar insanlar\u0131n \u0259n gur olan \u0259razisind\u0259 topla\u015fmaq q\u0259rar\u0131 verdil\u0259r ki, \u0259trafdak\u0131 insanlar\u0131n diqq\u0259tini hay-k\u00fcy salmaqla c\u0259lb ed\u0259 bilsinl\u0259r. Sonra da dey\u0259c\u0259kl\u0259r ki, h\u0259min \u015f\u0259xsl\u0259r etiraz aksiyas\u0131na g\u0259lmi\u015fdil\u0259r. Bunu art\u0131q xalq da \u00e7ox g\u00f6z\u0259l anlay\u0131r. Az\u0259rbaycan ictimaiyy\u0259ti d\u0259rk edir ki, AXCP v\u0259 &#8220;Milli \u015eura&#8221; ad\u0131 alt\u0131nda olan t\u0259\u015fkilat\u0131n m\u0259qs\u0259di dinc aksiya ke\u00e7irm\u0259k deyil. Onlar \u015f\u0259h\u0259rin m\u0259rk\u0259zind\u0259, insanlar\u0131n intensiv h\u0259r\u0259k\u0259t etdiyi yerl\u0259rd\u0259 \u00e7axna\u015fma yaratmaq, t\u0259xribat t\u00f6r\u0259tm\u0259k, bu m\u0259qs\u0259dl\u0259 g\u00fcnd\u0259md\u0259 qalmaqd\u0131r&#8221;.<\/p>\n<p>E.M\u0259mm\u0259dov bildirib ki, h\u0259min \u015f\u0259xsl\u0259r 90-c\u0131 ill\u0259rin psixologiyas\u0131 il\u0259 ya\u015famaqla m\u00fc\u0259yy\u0259n yollarla qanuna tabe olmayaraq, sad\u0259c\u0259 olaraq k\u00fc\u00e7\u0259d\u0259 polis\u0259 m\u00fcqavim\u0259t g\u00f6st\u0259rm\u0259k, t\u0259hqiramiz ifad\u0259l\u0259r i\u015fl\u0259tm\u0259kl\u0259 \u00e7axna\u015fma yaratmaq, yolu ba\u011flamaqla insanlar\u0131 narahat etm\u0259k ist\u0259dil\u0259r.<\/p>\n","protected":false},"excerpt":{"rendered":"<p>&#8220;Milli \u015eura&#8221;n\u0131n bu g\u00fcn t\u0259\u015fkil etdiyi qanunsuz y\u0131\u011f\u0131ncaq c\u0259hdi bir daha onlar\u0131n i\u00e7 \u00fcz\u00fcn\u00fc ortaya qoydu. ARANTV.AZ\u00a0 bildirir ki, bunu\u00a0Trend-\u0259 a\u00e7\u0131qlamas\u0131nda mill\u0259t v\u0259kili Elman M\u0259mm\u0259dov deyib. Deputat qeyd edib ki, AXCP s\u0259dri \u018fli K\u0259rimli v\u0259 onu a\u011f\u0131lda olan bir qrupun &#8220;inqilab&#8221; c\u0259hdi bir daha s\u00fcbuta yetirdi ki, xalq bu yalan\u00e7\u0131lara inanm\u0131r v\u0259 \u00f6lk\u0259d\u0259 mitinq\u0259 ehtiyac yoxdur: &#8220;Bu c\u0259hd bir daha g\u00f6st\u0259rdi ki, Az\u0259rbaycanda etiraz aksiyas\u0131 ke\u00e7irm\u0259y\u0259 ehtiyac yoxdur. Xalq art\u0131q onlar\u0131n yalanlar\u0131na, x\u00fclyalar\u0131na inanm\u0131r. \u00c7\u00fcnki, xalq \u00f6z lideri \u0259traf\u0131nda birl\u0259\u015fib, se\u00e7imini edib. Art\u0131q d\u0259f\u0259l\u0259rl\u0259 t\u0259stiqini tap\u0131b ki, AXCP normal \u015f\u0259kild\u0259&hellip;<\/p>\n","protected":false},"author":2,"featured_media":87329,"comment_status":"closed","ping_status":"closed","sticky":false,"template":"","format":"standard","meta":{"om_disable_all_campaigns":false,"_monsterinsights_skip_tracking":false,"_monsterinsights_sitenote_active":false,"_monsterinsights_sitenote_note":"","_monsterinsights_sitenote_category":0},"categories":[4],"tags":[],"aioseo_notices":[],"gutentor_comment":0,"rttpg_featured_image_url":{"full":["https:\/\/arantv.az\/wp-content\/uploads\/2019\/10\/elman_memmedov_0258.jpg",800,600,false],"landscape":["https:\/\/arantv.az\/wp-content\/uploads\/2019\/10\/elman_memmedov_0258.jpg",800,600,false],"portraits":["https:\/\/arantv.az\/wp-content\/uploads\/2019\/10\/elman_memmedov_0258.jpg",800,600,false],"thumbnail":["https:\/\/arantv.az\/wp-content\/uploads\/2019\/10\/elman_memmedov_0258-150x150.jpg",150,150,true],"medium":["https:\/\/arantv.az\/wp-content\/uploads\/2019\/10\/elman_memmedov_0258-300x225.jpg",300,225,true],"large":["https:\/\/arantv.az\/wp-content\/uploads\/2019\/10\/elman_memmedov_0258.jpg",640,480,false],"1536x1536":["https:\/\/arantv.az\/wp-content\/uploads\/2019\/10\/elman_memmedov_0258.jpg",800,600,false],"2048x2048":["https:\/\/arantv.az\/wp-content\/uploads\/2019\/10\/elman_memmedov_0258.jpg",800,600,false],"post-thumbnail":["https:\/\/arantv.az\/wp-content\/uploads\/2019\/10\/elman_memmedov_0258-240x172.jpg",240,172,true],"advps-thumb-one":["https:\/\/arantv.az\/wp-content\/uploads\/2019\/10\/elman_memmedov_0258.jpg",800,600,false]},"rttpg_author":{"display_name":"V\u00fcsal Rafiqo\u011flu","author_link":"https:\/\/arantv.az\/?author=2"},"rttpg_comment":0,"rttpg_category":"<a href=\"https:\/\/arantv.az\/?cat=4\" rel=\"category\">Siyas\u0259t<\/a>","rttpg_excerpt":"&#8220;Milli \u015eura&#8221;n\u0131n bu g\u00fcn t\u0259\u015fkil etdiyi qanunsuz y\u0131\u011f\u0131ncaq c\u0259hdi bir daha onlar\u0131n i\u00e7 \u00fcz\u00fcn\u00fc ortaya qoydu. ARANTV.AZ\u00a0 bildirir ki, bunu\u00a0Trend-\u0259 a\u00e7\u0131qlamas\u0131nda mill\u0259t v\u0259kili Elman M\u0259mm\u0259dov deyib. Deputat qeyd edib ki, AXCP s\u0259dri \u018fli K\u0259rimli v\u0259 onu a\u011f\u0131lda olan bir qrupun &#8220;inqilab&#8221; c\u0259hdi bir daha s\u00fcbuta yetirdi ki, xalq bu yalan\u00e7\u0131lara inanm\u0131r v\u0259 \u00f6lk\u0259d\u0259 mitinq\u0259 ehtiyac&hellip;","_links":{"self":[{"href":"https:\/\/arantv.az\/index.php?rest_route=\/wp\/v2\/posts\/87328"}],"collection":[{"href":"https:\/\/arantv.az\/index.php?rest_route=\/wp\/v2\/posts"}],"about":[{"href":"https:\/\/arantv.az\/index.php?rest_route=\/wp\/v2\/types\/post"}],"author":[{"embeddable":true,"href":"https:\/\/arantv.az\/index.php?rest_route=\/wp\/v2\/users\/2"}],"replies":[{"embeddable":true,"href":"https:\/\/arantv.az\/index.php?rest_route=%2Fwp%2Fv2%2Fcomments&post=87328"}],"version-history":[{"count":0,"href":"https:\/\/arantv.az\/index.php?rest_route=\/wp\/v2\/posts\/87328\/revisions"}],"wp:featuredmedia":[{"embeddable":true,"href":"https:\/\/arantv.az\/index.php?rest_route=\/wp\/v2\/media\/87329"}],"wp:attachment":[{"href":"https:\/\/arantv.az\/index.php?rest_route=%2Fwp%2Fv2%2Fmedia&parent=87328"}],"wp:term":[{"taxonomy":"category","embeddable":true,"href":"https:\/\/arantv.az\/index.php?rest_route=%2Fwp%2Fv2%2Fcategories&post=87328"},{"taxonomy":"post_tag","embeddable":true,"href":"https:\/\/arantv.az\/index.php?rest_route=%2Fwp%2Fv2%2Ftags&post=87328"}],"curies":[{"name":"wp","href":"https:\/\/api.w.org\/{rel}","templated":true}]}}