{"id":87348,"date":"2019-10-19T16:50:34","date_gmt":"2019-10-19T13:50:34","guid":{"rendered":"http:\/\/arantv.az\/?p=87348"},"modified":"2019-10-19T16:50:34","modified_gmt":"2019-10-19T13:50:34","slug":"qanunsuz-aksiya-ictimaiyy%c9%99td%c9%99n-hec-bir-d%c9%99st%c9%99k-almadigina-gor%c9%99-paytaxt-sakinl%c9%99rinin-gozu-qarsisinda-tam-fiaskoya-ugradi-siyasi-ekspert","status":"publish","type":"post","link":"https:\/\/arantv.az\/?p=87348","title":{"rendered":"&#8220;Qanunsuz aksiya ictimaiyy\u0259td\u0259n he\u00e7 bir d\u0259st\u0259k almad\u0131\u011f\u0131na g\u00f6r\u0259 paytaxt sakinl\u0259rinin g\u00f6z\u00fc qar\u015f\u0131s\u0131nda tam fiaskoya u\u011frad\u0131&#8221; &#8211; Siyasi ekspert"},"content":{"rendered":"<blockquote><p><em><strong>Milli \u015eura adl\u0131 radikal m\u00fcxalif qurumun n\u00f6vb\u0259ti d\u0259f\u0259 qanunazidd \u00fcsullarla h\u0259r\u0259k\u0259t ed\u0259r\u0259k Bak\u0131n\u0131n m\u0259rk\u0259zind\u0259 xaos, qar\u015f\u0131durma v\u0259 v\u0259t\u0259nda\u015f ita\u0259tsizliyi yaratmaq c\u0259hdinin qar\u015f\u0131s\u0131 al\u0131nd\u0131.<\/strong><\/em><\/p><\/blockquote>\n<p><strong>ARANTV.AZ<\/strong> bildirir ki, bunu\u00a0<a href=\"http:\/\/az.trend.az\/\" target=\"_blank\" rel=\"noopener\">Trend<\/a>-\u0259 a\u00e7\u0131qlamas\u0131nda &#8220;Bak\u0131 x\u0259b\u0259r&#8221; q\u0259zetinin ba\u015f redaktoru, ekspert Ayd\u0131n Quliyev deyib.<\/p>\n<p>Onun s\u00f6zl\u0259rin\u0259 g\u00f6r\u0259, Bak\u0131 \u015f\u0259h\u0259r icra hakimiyy\u0259ti L\u00f6kbatan q\u0259s\u0259b\u0259sind\u0259 aksiya ke\u00e7irm\u0259y\u0259 qanuni icaz\u0259 verdiyi halda, Milli \u015euran\u0131n \u0259halinin gur h\u0259r\u0259k\u0259t v\u0259 al\u0131\u015f-veri\u015f etdiyi \u015f\u0259h\u0259r m\u0259rk\u0259zind\u0259 qanunsuz aksiya ke\u00e7irm\u0259k ist\u0259yinin fiaskoya u\u011frayaca\u011f\u0131 \u0259vv\u0259ld\u0259n m\u0259lum idi:<\/p>\n<p>&#8220;Milli \u015eura paytaxt\u0131n m\u0259rk\u0259zi hiss\u0259l\u0259rind\u0259 mitinq kimi toplant\u0131lar ke\u00e7ir\u0259r\u0259k h\u0259m bel\u0259 radikal aksiyalara xalq\u0131n he\u00e7 bir r\u0259\u011fb\u0259t b\u0259sl\u0259m\u0259diyini, c\u0259miyy\u0259t i\u00e7ind\u0259 k\u00fctl\u0259vi t\u0259r\u0259fdarlar\u0131n\u0131n olmad\u0131\u011f\u0131n\u0131 \u00f6rt-basd\u0131r etm\u0259kl\u0259, h\u0259m d\u0259 s\u00fcni g\u0259rginlik v\u0259 qar\u015f\u0131durma s\u0259hn\u0259l\u0259ri yaratmaqla beyn\u0259lxalq dair\u0259l\u0259rin diqq\u0259tini c\u0259lb etm\u0259k ist\u0259yirdi. Planla\u015fd\u0131r\u0131lan qanunsuz aksiya ba\u015f tutmad\u0131\u011f\u0131na v\u0259 ictimaiyy\u0259td\u0259n he\u00e7 bir d\u0259st\u0259k almad\u0131\u011f\u0131na g\u00f6r\u0259 tam siyasi fiasko paytaxt sakinl\u0259rinin v\u0259 qonaqlar\u0131n g\u00f6zl\u0259ri qar\u015f\u0131s\u0131nda ba\u015f verdi. Radikal aksiyalarla siyasi m\u0259qs\u0259dl\u0259r\u0259 yeti\u015fm\u0259yin Az\u0259rbaycan praktikas\u0131nda 25-30 il \u0259vv\u0259ll\u0259rd\u0259 qald\u0131\u011f\u0131n\u0131 c\u0259miyy\u0259timiz Milli \u015euraya bir daha g\u00f6st\u0259rdi. S\u00fcbut olundu ki, qanunsuz siyasi davran\u0131\u015flar \u00fcz\u0259rind\u0259 inadkarl\u0131q etdikc\u0259 Milli \u015eura \u00f6z\u00fcn\u00fc c\u0259miyy\u0259td\u0259n bir o q\u0259d\u0259r uzaqla\u015fd\u0131r\u0131r&#8221;.<\/p>\n<p>Ekspert deyib ki, radikal m\u00fcxalif\u0259tin 19 oktyabrdak\u0131 fiaskosunun ba\u015fqa bir \u00f6z\u0259lliyi onu \u0259vv\u0259lki u\u011fursuzluqlardan bir q\u0259d\u0259r f\u0259rql\u0259ndirir:<\/p>\n<p>&#8220;Bel\u0259 ki, radikallar indiy\u0259 q\u0259d\u0259rki aksiyalar\u0131 \u0259sas\u0259n se\u00e7ki-siyasi t\u0259l\u0259bl\u0259r \u00fcz\u0259rind\u0259 ke\u00e7irirdil\u0259r. C\u0259miyy\u0259t indiy\u0259d\u0259k onlar\u0131n siyasi niyy\u0259tl\u0259rin\u0259 he\u00e7 bir d\u0259st\u0259k verm\u0259diyini a\u00e7\u0131q g\u00f6st\u0259rs\u0259 d\u0259 ambisiyalar onlara do\u011fru n\u0259tic\u0259 \u00e7\u0131xarma\u011fa imkan verm\u0259di. Oktyabr\u0131n 19-da radikal m\u00fcxalif\u0259t\u00e7il\u0259r sosial \u015f\u00fcarlarla xalq\u0131n diqq\u0259tini \u00e7\u0259km\u0259y\u0259 \u00fcmid ets\u0259l\u0259r d\u0259 bu yen\u0259 u\u011fursuz oldu. Bu ilin yanvar\u0131ndan indiy\u0259d\u0259k radikal qruplar\u0131n k\u00fctl\u0259vi aksiyalar ke\u00e7irm\u0259k sah\u0259sind\u0259 dalbadal fiaskoya u\u011framalar\u0131 birm\u0259nal\u0131 s\u00fcbut edir ki, c\u0259miyy\u0259t onlar\u0131n sosial v\u0259 siyasi t\u0259l\u0259bl\u0259rini adi populizm n\u00fcmun\u0259si say\u0131r, ciddi q\u0259bul etmir. M\u00fcxalif\u0259tin sosial t\u0259l\u0259bl\u0259rl\u0259 aksiya ke\u00e7irm\u0259k kimi taktika d\u0259yi\u015fikliyi d\u0259 n\u0259tic\u0259 verm\u0259di. Radikallar\u0131n sosial aksiya ke\u00e7irm\u0259k c\u0259hdinin iflasa u\u011framas\u0131 ba\u015fqa bir c\u0259h\u0259td\u0259n d\u0259 diqq\u0259t c\u0259lb ed\u0259n hadis\u0259dir. B\u0259llidir ki, bu ilin \u0259vv\u0259lind\u0259n hakimiyy\u0259t iki b\u00f6y\u00fck m\u0259rh\u0259l\u0259d\u0259n ibar\u0259t sosial islahatlar paketi h\u0259yata ke\u00e7irib v\u0259 prosesin davam etdirilm\u0259sin\u0259 y\u00f6n\u0259lik m\u00f6hk\u0259m irad\u0259 var. 4 milyon 200 mind\u0259n art\u0131q Az\u0259rbaycan v\u0259t\u0259nda\u015f\u0131 bu paketl\u0259rin birba\u015fa faydas\u0131n\u0131 g\u00f6r\u00fcr. M\u00fcxalif\u0259tin 19 oktyabrda sosial aksiyas\u0131n\u0131n iflas\u0131 h\u0259m d\u0259 hakimiyy\u0259tin sosial islahatlar siyas\u0259tin\u0259 c\u0259miyy\u0259tin inand\u0131\u011f\u0131n\u0131 v\u0259 buna alternativ tan\u0131mad\u0131\u011f\u0131n\u0131 n\u00fcmayi\u015f etdirdi&#8221;.<\/p>\n","protected":false},"excerpt":{"rendered":"<p>Milli \u015eura adl\u0131 radikal m\u00fcxalif qurumun n\u00f6vb\u0259ti d\u0259f\u0259 qanunazidd \u00fcsullarla h\u0259r\u0259k\u0259t ed\u0259r\u0259k Bak\u0131n\u0131n m\u0259rk\u0259zind\u0259 xaos, qar\u015f\u0131durma v\u0259 v\u0259t\u0259nda\u015f ita\u0259tsizliyi yaratmaq c\u0259hdinin qar\u015f\u0131s\u0131 al\u0131nd\u0131. ARANTV.AZ bildirir ki, bunu\u00a0Trend-\u0259 a\u00e7\u0131qlamas\u0131nda &#8220;Bak\u0131 x\u0259b\u0259r&#8221; q\u0259zetinin ba\u015f redaktoru, ekspert Ayd\u0131n Quliyev deyib. Onun s\u00f6zl\u0259rin\u0259 g\u00f6r\u0259, Bak\u0131 \u015f\u0259h\u0259r icra hakimiyy\u0259ti L\u00f6kbatan q\u0259s\u0259b\u0259sind\u0259 aksiya ke\u00e7irm\u0259y\u0259 qanuni icaz\u0259 verdiyi halda, Milli \u015euran\u0131n \u0259halinin gur h\u0259r\u0259k\u0259t v\u0259 al\u0131\u015f-veri\u015f etdiyi \u015f\u0259h\u0259r m\u0259rk\u0259zind\u0259 qanunsuz aksiya ke\u00e7irm\u0259k ist\u0259yinin fiaskoya u\u011frayaca\u011f\u0131 \u0259vv\u0259ld\u0259n m\u0259lum idi: &#8220;Milli \u015eura paytaxt\u0131n m\u0259rk\u0259zi hiss\u0259l\u0259rind\u0259 mitinq kimi toplant\u0131lar ke\u00e7ir\u0259r\u0259k h\u0259m bel\u0259 radikal aksiyalara xalq\u0131n he\u00e7 bir r\u0259\u011fb\u0259t b\u0259sl\u0259m\u0259diyini, c\u0259miyy\u0259t&hellip;<\/p>\n","protected":false},"author":2,"featured_media":87349,"comment_status":"closed","ping_status":"closed","sticky":false,"template":"","format":"standard","meta":{"om_disable_all_campaigns":false,"_monsterinsights_skip_tracking":false,"_monsterinsights_sitenote_active":false,"_monsterinsights_sitenote_note":"","_monsterinsights_sitenote_category":0},"categories":[4],"tags":[],"aioseo_notices":[],"gutentor_comment":0,"rttpg_featured_image_url":{"full":["https:\/\/arantv.az\/wp-content\/uploads\/2019\/10\/aydin_quliyev_0582.jpg",800,600,false],"landscape":["https:\/\/arantv.az\/wp-content\/uploads\/2019\/10\/aydin_quliyev_0582.jpg",800,600,false],"portraits":["https:\/\/arantv.az\/wp-content\/uploads\/2019\/10\/aydin_quliyev_0582.jpg",800,600,false],"thumbnail":["https:\/\/arantv.az\/wp-content\/uploads\/2019\/10\/aydin_quliyev_0582-150x150.jpg",150,150,true],"medium":["https:\/\/arantv.az\/wp-content\/uploads\/2019\/10\/aydin_quliyev_0582-300x225.jpg",300,225,true],"large":["https:\/\/arantv.az\/wp-content\/uploads\/2019\/10\/aydin_quliyev_0582.jpg",640,480,false],"1536x1536":["https:\/\/arantv.az\/wp-content\/uploads\/2019\/10\/aydin_quliyev_0582.jpg",800,600,false],"2048x2048":["https:\/\/arantv.az\/wp-content\/uploads\/2019\/10\/aydin_quliyev_0582.jpg",800,600,false],"post-thumbnail":["https:\/\/arantv.az\/wp-content\/uploads\/2019\/10\/aydin_quliyev_0582-240x172.jpg",240,172,true],"advps-thumb-one":["https:\/\/arantv.az\/wp-content\/uploads\/2019\/10\/aydin_quliyev_0582.jpg",800,600,false]},"rttpg_author":{"display_name":"V\u00fcsal Rafiqo\u011flu","author_link":"https:\/\/arantv.az\/?author=2"},"rttpg_comment":0,"rttpg_category":"<a href=\"https:\/\/arantv.az\/?cat=4\" rel=\"category\">Siyas\u0259t<\/a>","rttpg_excerpt":"Milli \u015eura adl\u0131 radikal m\u00fcxalif qurumun n\u00f6vb\u0259ti d\u0259f\u0259 qanunazidd \u00fcsullarla h\u0259r\u0259k\u0259t ed\u0259r\u0259k Bak\u0131n\u0131n m\u0259rk\u0259zind\u0259 xaos, qar\u015f\u0131durma v\u0259 v\u0259t\u0259nda\u015f ita\u0259tsizliyi yaratmaq c\u0259hdinin qar\u015f\u0131s\u0131 al\u0131nd\u0131. ARANTV.AZ bildirir ki, bunu\u00a0Trend-\u0259 a\u00e7\u0131qlamas\u0131nda &#8220;Bak\u0131 x\u0259b\u0259r&#8221; q\u0259zetinin ba\u015f redaktoru, ekspert Ayd\u0131n Quliyev deyib. Onun s\u00f6zl\u0259rin\u0259 g\u00f6r\u0259, Bak\u0131 \u015f\u0259h\u0259r icra hakimiyy\u0259ti L\u00f6kbatan q\u0259s\u0259b\u0259sind\u0259 aksiya ke\u00e7irm\u0259y\u0259 qanuni icaz\u0259 verdiyi halda, Milli \u015euran\u0131n \u0259halinin&hellip;","_links":{"self":[{"href":"https:\/\/arantv.az\/index.php?rest_route=\/wp\/v2\/posts\/87348"}],"collection":[{"href":"https:\/\/arantv.az\/index.php?rest_route=\/wp\/v2\/posts"}],"about":[{"href":"https:\/\/arantv.az\/index.php?rest_route=\/wp\/v2\/types\/post"}],"author":[{"embeddable":true,"href":"https:\/\/arantv.az\/index.php?rest_route=\/wp\/v2\/users\/2"}],"replies":[{"embeddable":true,"href":"https:\/\/arantv.az\/index.php?rest_route=%2Fwp%2Fv2%2Fcomments&post=87348"}],"version-history":[{"count":0,"href":"https:\/\/arantv.az\/index.php?rest_route=\/wp\/v2\/posts\/87348\/revisions"}],"wp:featuredmedia":[{"embeddable":true,"href":"https:\/\/arantv.az\/index.php?rest_route=\/wp\/v2\/media\/87349"}],"wp:attachment":[{"href":"https:\/\/arantv.az\/index.php?rest_route=%2Fwp%2Fv2%2Fmedia&parent=87348"}],"wp:term":[{"taxonomy":"category","embeddable":true,"href":"https:\/\/arantv.az\/index.php?rest_route=%2Fwp%2Fv2%2Fcategories&post=87348"},{"taxonomy":"post_tag","embeddable":true,"href":"https:\/\/arantv.az\/index.php?rest_route=%2Fwp%2Fv2%2Ftags&post=87348"}],"curies":[{"name":"wp","href":"https:\/\/api.w.org\/{rel}","templated":true}]}}