{"id":87360,"date":"2019-10-21T07:48:33","date_gmt":"2019-10-21T04:48:33","guid":{"rendered":"http:\/\/arantv.az\/?p=87360"},"modified":"2019-10-21T07:48:33","modified_gmt":"2019-10-21T04:48:33","slug":"az%c9%99rbaycanda-21-yasli-hamil%c9%99-qadindan-sok-%c9%99m%c9%99l","status":"publish","type":"post","link":"https:\/\/arantv.az\/?p=87360","title":{"rendered":"Az\u0259rbaycanda 21 ya\u015fl\u0131 hamil\u0259 qad\u0131ndan \u015eOK \u018fM\u018fL"},"content":{"rendered":"<p><strong>G\u0259d\u0259b\u0259y rayonunda hamil\u0259 qad\u0131n intihar etm\u0259k ist\u0259yib.<\/strong><\/p>\n<p>Hadis\u0259 G\u0259d\u0259b\u0259y rayonu Qarav\u0259lil\u0259r k\u0259ndind\u0259 qeyd\u0259 al\u0131n\u0131b. 1998-ci il t\u0259v\u0259ll\u00fcdl\u00fc k\u0259nd sakini Pa\u015fayeva H\u0259mid\u0259 \u0130lham q\u0131z\u0131 sirk\u0259 i\u00e7\u0259r\u0259k intihara c\u0259hd edib.<\/p>\n<p>21 ya\u015fl\u0131 H.Pa\u015fayeva ail\u0259 \u00fczvl\u0259rinin k\u00f6m\u0259kliyi il\u0259 G\u0259d\u0259b\u0259y rayon M\u0259rk\u0259zi X\u0259st\u0259xanas\u0131na \u00e7atd\u0131r\u0131l\u0131b. H\u0259kiml\u0259r onun v\u0259ziyy\u0259tinin a\u011f\u0131r oldu\u011funu bildiribl\u0259r.(Qafqazinfo.az)<\/p>\n","protected":false},"excerpt":{"rendered":"<p>G\u0259d\u0259b\u0259y rayonunda hamil\u0259 qad\u0131n intihar etm\u0259k ist\u0259yib. Hadis\u0259 G\u0259d\u0259b\u0259y rayonu Qarav\u0259lil\u0259r k\u0259ndind\u0259 qeyd\u0259 al\u0131n\u0131b. 1998-ci il t\u0259v\u0259ll\u00fcdl\u00fc k\u0259nd sakini Pa\u015fayeva H\u0259mid\u0259 \u0130lham q\u0131z\u0131 sirk\u0259 i\u00e7\u0259r\u0259k intihara c\u0259hd edib. 21 ya\u015fl\u0131 H.Pa\u015fayeva ail\u0259 \u00fczvl\u0259rinin k\u00f6m\u0259kliyi il\u0259 G\u0259d\u0259b\u0259y rayon M\u0259rk\u0259zi X\u0259st\u0259xanas\u0131na \u00e7atd\u0131r\u0131l\u0131b. H\u0259kiml\u0259r onun v\u0259ziyy\u0259tinin a\u011f\u0131r oldu\u011funu bildiribl\u0259r.(Qafqazinfo.az)<\/p>\n","protected":false},"author":2,"featured_media":87361,"comment_status":"closed","ping_status":"closed","sticky":false,"template":"","format":"standard","meta":{"om_disable_all_campaigns":false,"_monsterinsights_skip_tracking":false,"_monsterinsights_sitenote_active":false,"_monsterinsights_sitenote_note":"","_monsterinsights_sitenote_category":0},"categories":[5],"tags":[],"aioseo_notices":[],"gutentor_comment":0,"rttpg_featured_image_url":{"full":["https:\/\/arantv.az\/wp-content\/uploads\/2019\/10\/xestexana.jpg",800,450,false],"landscape":["https:\/\/arantv.az\/wp-content\/uploads\/2019\/10\/xestexana.jpg",800,450,false],"portraits":["https:\/\/arantv.az\/wp-content\/uploads\/2019\/10\/xestexana.jpg",800,450,false],"thumbnail":["https:\/\/arantv.az\/wp-content\/uploads\/2019\/10\/xestexana-150x150.jpg",150,150,true],"medium":["https:\/\/arantv.az\/wp-content\/uploads\/2019\/10\/xestexana-300x169.jpg",300,169,true],"large":["https:\/\/arantv.az\/wp-content\/uploads\/2019\/10\/xestexana.jpg",640,360,false],"1536x1536":["https:\/\/arantv.az\/wp-content\/uploads\/2019\/10\/xestexana.jpg",800,450,false],"2048x2048":["https:\/\/arantv.az\/wp-content\/uploads\/2019\/10\/xestexana.jpg",800,450,false],"post-thumbnail":["https:\/\/arantv.az\/wp-content\/uploads\/2019\/10\/xestexana-240x172.jpg",240,172,true],"advps-thumb-one":["https:\/\/arantv.az\/wp-content\/uploads\/2019\/10\/xestexana.jpg",800,450,false]},"rttpg_author":{"display_name":"V\u00fcsal Rafiqo\u011flu","author_link":"https:\/\/arantv.az\/?author=2"},"rttpg_comment":0,"rttpg_category":"<a href=\"https:\/\/arantv.az\/?cat=5\" rel=\"category\">Hadis\u0259<\/a>","rttpg_excerpt":"G\u0259d\u0259b\u0259y rayonunda hamil\u0259 qad\u0131n intihar etm\u0259k ist\u0259yib. Hadis\u0259 G\u0259d\u0259b\u0259y rayonu Qarav\u0259lil\u0259r k\u0259ndind\u0259 qeyd\u0259 al\u0131n\u0131b. 1998-ci il t\u0259v\u0259ll\u00fcdl\u00fc k\u0259nd sakini Pa\u015fayeva H\u0259mid\u0259 \u0130lham q\u0131z\u0131 sirk\u0259 i\u00e7\u0259r\u0259k intihara c\u0259hd edib. 21 ya\u015fl\u0131 H.Pa\u015fayeva ail\u0259 \u00fczvl\u0259rinin k\u00f6m\u0259kliyi il\u0259 G\u0259d\u0259b\u0259y rayon M\u0259rk\u0259zi X\u0259st\u0259xanas\u0131na \u00e7atd\u0131r\u0131l\u0131b. H\u0259kiml\u0259r onun v\u0259ziyy\u0259tinin a\u011f\u0131r oldu\u011funu bildiribl\u0259r.(Qafqazinfo.az)","_links":{"self":[{"href":"https:\/\/arantv.az\/index.php?rest_route=\/wp\/v2\/posts\/87360"}],"collection":[{"href":"https:\/\/arantv.az\/index.php?rest_route=\/wp\/v2\/posts"}],"about":[{"href":"https:\/\/arantv.az\/index.php?rest_route=\/wp\/v2\/types\/post"}],"author":[{"embeddable":true,"href":"https:\/\/arantv.az\/index.php?rest_route=\/wp\/v2\/users\/2"}],"replies":[{"embeddable":true,"href":"https:\/\/arantv.az\/index.php?rest_route=%2Fwp%2Fv2%2Fcomments&post=87360"}],"version-history":[{"count":0,"href":"https:\/\/arantv.az\/index.php?rest_route=\/wp\/v2\/posts\/87360\/revisions"}],"wp:featuredmedia":[{"embeddable":true,"href":"https:\/\/arantv.az\/index.php?rest_route=\/wp\/v2\/media\/87361"}],"wp:attachment":[{"href":"https:\/\/arantv.az\/index.php?rest_route=%2Fwp%2Fv2%2Fmedia&parent=87360"}],"wp:term":[{"taxonomy":"category","embeddable":true,"href":"https:\/\/arantv.az\/index.php?rest_route=%2Fwp%2Fv2%2Fcategories&post=87360"},{"taxonomy":"post_tag","embeddable":true,"href":"https:\/\/arantv.az\/index.php?rest_route=%2Fwp%2Fv2%2Ftags&post=87360"}],"curies":[{"name":"wp","href":"https:\/\/api.w.org\/{rel}","templated":true}]}}