{"id":87375,"date":"2019-10-21T08:02:29","date_gmt":"2019-10-21T05:02:29","guid":{"rendered":"http:\/\/arantv.az\/?p=87375"},"modified":"2019-10-21T08:02:29","modified_gmt":"2019-10-21T05:02:29","slug":"m%c9%99shurlar-az%c9%99rbaycana-gor%c9%99-bir-araya-g%c9%99ldil%c9%99r-video","status":"publish","type":"post","link":"https:\/\/arantv.az\/?p=87375","title":{"rendered":"M\u0259\u015fhurlar \u201cAz\u0259rbaycan\u201dA g\u00f6r\u0259 bir araya G\u018fLD\u0130L\u018fR \u2013 V\u0130DEO"},"content":{"rendered":"<p>Xalq artisti Emin A\u011falarov Az\u0259rbaycan\u0131n m\u00fcst\u0259qilliyinin 101 illiyi m\u00fcnasib\u0259til\u0259 layih\u0259 haz\u0131rlay\u0131b. <strong>ARANTV.AZ<\/strong>-\u0131n m\u0259lumat\u0131na g\u00f6r\u0259, layih\u0259 \u00e7\u0259r\u00e7iv\u0259sind\u0259 \u201cAz\u0259rbaycan 101\u201d adl\u0131 mahn\u0131 haz\u0131rlan\u0131b v\u0259 klip \u00e7\u0259kilib. B\u0259st\u0259nin s\u00f6zl\u0259ri Heyd\u0259r \u018fliyev Fondunun vitse-prezidenti Leyla \u018fliyeva, musiqisi Ruslan A\u011fababayev\u0259 m\u0259xsusdur. Az\u0259rbaycan Respublikas\u0131n\u0131n M\u00fcst\u0259qillik G\u00fcn\u00fcn\u0259 h\u0259sr edil\u0259n mahn\u0131n\u0131 Eminl\u0259 yana\u015f\u0131 Xalq artistl\u0259ri Ayg\u00fcn Kaz\u0131mova, Z\u00fclfiyy\u0259 Xanbabayeva, Faiq A\u011fayev, \u018fm\u0259kdar artistl\u0259r T\u00fcnzal\u0259 A\u011fayeva, \u018fdal\u0259t \u015e\u00fck\u00fcrov, Sevda \u018fl\u0259kb\u0259rzad\u0259, Manana, Abbas Ba\u011f\u0131rov, m\u00fc\u011f\u0259nnil\u0259r S\u0259mra R\u0259himli, X\u0259yyam Nisanov, Elnur H\u00fcseynov v\u0259 ba\u015fqalar\u0131 oxuyublar. Qeyd ed\u0259k ki, Az\u0259rbaycan D\u00f6vl\u0259t Akademik Filarmoniyas\u0131nda \u00e7\u0259kil\u0259n ekran i\u015finin rejissorlu\u011fu Emin Muradova h\u0259val\u0259 edilib.<\/p>\n<p><iframe loading=\"lazy\" width=\"640\" height=\"360\" src=\"https:\/\/www.youtube.com\/embed\/Xj7Qza1Agfw?feature=oembed\" frameborder=\"0\" allow=\"accelerometer; autoplay; encrypted-media; gyroscope; picture-in-picture\" allowfullscreen><\/iframe><\/p>\n","protected":false},"excerpt":{"rendered":"<p>Xalq artisti Emin A\u011falarov Az\u0259rbaycan\u0131n m\u00fcst\u0259qilliyinin 101 illiyi m\u00fcnasib\u0259til\u0259 layih\u0259 haz\u0131rlay\u0131b. ARANTV.AZ-\u0131n m\u0259lumat\u0131na g\u00f6r\u0259, layih\u0259 \u00e7\u0259r\u00e7iv\u0259sind\u0259 \u201cAz\u0259rbaycan 101\u201d adl\u0131 mahn\u0131 haz\u0131rlan\u0131b v\u0259 klip \u00e7\u0259kilib. B\u0259st\u0259nin s\u00f6zl\u0259ri Heyd\u0259r \u018fliyev Fondunun vitse-prezidenti Leyla \u018fliyeva, musiqisi Ruslan A\u011fababayev\u0259 m\u0259xsusdur. Az\u0259rbaycan Respublikas\u0131n\u0131n M\u00fcst\u0259qillik G\u00fcn\u00fcn\u0259 h\u0259sr edil\u0259n mahn\u0131n\u0131 Eminl\u0259 yana\u015f\u0131 Xalq artistl\u0259ri Ayg\u00fcn Kaz\u0131mova, Z\u00fclfiyy\u0259 Xanbabayeva, Faiq A\u011fayev, \u018fm\u0259kdar artistl\u0259r T\u00fcnzal\u0259 A\u011fayeva, \u018fdal\u0259t \u015e\u00fck\u00fcrov, Sevda \u018fl\u0259kb\u0259rzad\u0259, Manana, Abbas Ba\u011f\u0131rov, m\u00fc\u011f\u0259nnil\u0259r S\u0259mra R\u0259himli, X\u0259yyam Nisanov, Elnur H\u00fcseynov v\u0259 ba\u015fqalar\u0131 oxuyublar. Qeyd ed\u0259k ki, Az\u0259rbaycan D\u00f6vl\u0259t Akademik Filarmoniyas\u0131nda \u00e7\u0259kil\u0259n ekran i\u015finin rejissorlu\u011fu Emin Muradova h\u0259val\u0259 edilib.<\/p>\n","protected":false},"author":2,"featured_media":87376,"comment_status":"closed","ping_status":"closed","sticky":false,"template":"","format":"standard","meta":{"om_disable_all_campaigns":false,"_monsterinsights_skip_tracking":false,"_monsterinsights_sitenote_active":false,"_monsterinsights_sitenote_note":"","_monsterinsights_sitenote_category":0},"categories":[20],"tags":[],"aioseo_notices":[],"gutentor_comment":0,"rttpg_featured_image_url":{"full":["https:\/\/arantv.az\/wp-content\/uploads\/2019\/10\/72666282_2386783791570485_3803704607356485632_n.jpg",880,450,false],"landscape":["https:\/\/arantv.az\/wp-content\/uploads\/2019\/10\/72666282_2386783791570485_3803704607356485632_n.jpg",880,450,false],"portraits":["https:\/\/arantv.az\/wp-content\/uploads\/2019\/10\/72666282_2386783791570485_3803704607356485632_n.jpg",880,450,false],"thumbnail":["https:\/\/arantv.az\/wp-content\/uploads\/2019\/10\/72666282_2386783791570485_3803704607356485632_n-150x150.jpg",150,150,true],"medium":["https:\/\/arantv.az\/wp-content\/uploads\/2019\/10\/72666282_2386783791570485_3803704607356485632_n-300x153.jpg",300,153,true],"large":["https:\/\/arantv.az\/wp-content\/uploads\/2019\/10\/72666282_2386783791570485_3803704607356485632_n.jpg",640,327,false],"1536x1536":["https:\/\/arantv.az\/wp-content\/uploads\/2019\/10\/72666282_2386783791570485_3803704607356485632_n.jpg",880,450,false],"2048x2048":["https:\/\/arantv.az\/wp-content\/uploads\/2019\/10\/72666282_2386783791570485_3803704607356485632_n.jpg",880,450,false],"post-thumbnail":["https:\/\/arantv.az\/wp-content\/uploads\/2019\/10\/72666282_2386783791570485_3803704607356485632_n-240x172.jpg",240,172,true],"advps-thumb-one":["https:\/\/arantv.az\/wp-content\/uploads\/2019\/10\/72666282_2386783791570485_3803704607356485632_n.jpg",880,450,false]},"rttpg_author":{"display_name":"V\u00fcsal Rafiqo\u011flu","author_link":"https:\/\/arantv.az\/?author=2"},"rttpg_comment":0,"rttpg_category":"<a href=\"https:\/\/arantv.az\/?cat=20\" rel=\"category\">\u015eou biznes<\/a>","rttpg_excerpt":"Xalq artisti Emin A\u011falarov Az\u0259rbaycan\u0131n m\u00fcst\u0259qilliyinin 101 illiyi m\u00fcnasib\u0259til\u0259 layih\u0259 haz\u0131rlay\u0131b. ARANTV.AZ-\u0131n m\u0259lumat\u0131na g\u00f6r\u0259, layih\u0259 \u00e7\u0259r\u00e7iv\u0259sind\u0259 \u201cAz\u0259rbaycan 101\u201d adl\u0131 mahn\u0131 haz\u0131rlan\u0131b v\u0259 klip \u00e7\u0259kilib. B\u0259st\u0259nin s\u00f6zl\u0259ri Heyd\u0259r \u018fliyev Fondunun vitse-prezidenti Leyla \u018fliyeva, musiqisi Ruslan A\u011fababayev\u0259 m\u0259xsusdur. Az\u0259rbaycan Respublikas\u0131n\u0131n M\u00fcst\u0259qillik G\u00fcn\u00fcn\u0259 h\u0259sr edil\u0259n mahn\u0131n\u0131 Eminl\u0259 yana\u015f\u0131 Xalq artistl\u0259ri Ayg\u00fcn Kaz\u0131mova, Z\u00fclfiyy\u0259 Xanbabayeva, Faiq A\u011fayev, \u018fm\u0259kdar artistl\u0259r&hellip;","_links":{"self":[{"href":"https:\/\/arantv.az\/index.php?rest_route=\/wp\/v2\/posts\/87375"}],"collection":[{"href":"https:\/\/arantv.az\/index.php?rest_route=\/wp\/v2\/posts"}],"about":[{"href":"https:\/\/arantv.az\/index.php?rest_route=\/wp\/v2\/types\/post"}],"author":[{"embeddable":true,"href":"https:\/\/arantv.az\/index.php?rest_route=\/wp\/v2\/users\/2"}],"replies":[{"embeddable":true,"href":"https:\/\/arantv.az\/index.php?rest_route=%2Fwp%2Fv2%2Fcomments&post=87375"}],"version-history":[{"count":0,"href":"https:\/\/arantv.az\/index.php?rest_route=\/wp\/v2\/posts\/87375\/revisions"}],"wp:featuredmedia":[{"embeddable":true,"href":"https:\/\/arantv.az\/index.php?rest_route=\/wp\/v2\/media\/87376"}],"wp:attachment":[{"href":"https:\/\/arantv.az\/index.php?rest_route=%2Fwp%2Fv2%2Fmedia&parent=87375"}],"wp:term":[{"taxonomy":"category","embeddable":true,"href":"https:\/\/arantv.az\/index.php?rest_route=%2Fwp%2Fv2%2Fcategories&post=87375"},{"taxonomy":"post_tag","embeddable":true,"href":"https:\/\/arantv.az\/index.php?rest_route=%2Fwp%2Fv2%2Ftags&post=87375"}],"curies":[{"name":"wp","href":"https:\/\/api.w.org\/{rel}","templated":true}]}}