{"id":87380,"date":"2019-10-21T08:05:17","date_gmt":"2019-10-21T05:05:17","guid":{"rendered":"http:\/\/arantv.az\/?p=87380"},"modified":"2019-10-21T08:05:17","modified_gmt":"2019-10-21T05:05:17","slug":"tanri-qadini-muk%c9%99mm%c9%99l-yaradib-fotosessiya","status":"publish","type":"post","link":"https:\/\/arantv.az\/?p=87380","title":{"rendered":"Tanr\u0131 qad\u0131n\u0131 m\u00fck\u0259mm\u0259l yarad\u0131b &#8211; fotosessiya"},"content":{"rendered":"<p>M\u00fc\u011f\u0259nni N\u00fc\u015fab\u0259 Musayevan\u0131n yeni fotosessiyas\u0131 i\u015f\u0131q \u00f6z\u00fc g\u00f6r\u00fcb. <strong>ARANTV.AZ<\/strong> x\u0259b\u0259r verir ki, N\u00fc\u015fab\u0259 bu \u015f\u0259kill\u0259rd\u0259 &#8220;G\u00fccl\u00fc qad\u0131n&#8221; obraz\u0131nda etdirib. &#8221; Tanr\u0131 qad\u0131n\u0131 m\u00fck\u0259mm\u0259l yaratd\u0131. Ona \u0259n \u00e7ox yara\u015fan q\u0131rm\u0131z\u0131n\u0131 da unutmad\u0131. Q\u0131rm\u0131z\u0131, d\u0259lisov r\u0259ngdir. E\u015fq q\u0131rm\u0131z\u0131n\u0131 sev\u0259r, q\u0131rm\u0131z\u0131 da qad\u0131n\u0131&#8230;&#8221;, &#8211; N\u00fc\u015fab\u0259 bildirib. Onun \u015f\u0259kill\u0259rinin m\u00fc\u0259llifi is\u0259 fotoqraf S\u0259buhi \u0130mansoydur.<\/p>\n<p><img loading=\"lazy\" class=\"alignnone size-medium wp-image-87381\" src=\"https:\/\/arantv.az\/wp-content\/uploads\/2019\/10\/72681248_2409235662623330_5446293928925986816_n-200x300.jpg\" alt=\"\" width=\"200\" height=\"300\" \/><img loading=\"lazy\" class=\"alignnone size-medium wp-image-87382\" src=\"https:\/\/arantv.az\/wp-content\/uploads\/2019\/10\/73076112_972800906409084_4450509437840392192_n-200x300.jpg\" alt=\"\" width=\"200\" height=\"300\" \/><\/p>\n","protected":false},"excerpt":{"rendered":"<p>M\u00fc\u011f\u0259nni N\u00fc\u015fab\u0259 Musayevan\u0131n yeni fotosessiyas\u0131 i\u015f\u0131q \u00f6z\u00fc g\u00f6r\u00fcb. ARANTV.AZ x\u0259b\u0259r verir ki, N\u00fc\u015fab\u0259 bu \u015f\u0259kill\u0259rd\u0259 &#8220;G\u00fccl\u00fc qad\u0131n&#8221; obraz\u0131nda etdirib. &#8221; Tanr\u0131 qad\u0131n\u0131 m\u00fck\u0259mm\u0259l yaratd\u0131. Ona \u0259n \u00e7ox yara\u015fan q\u0131rm\u0131z\u0131n\u0131 da unutmad\u0131. Q\u0131rm\u0131z\u0131, d\u0259lisov r\u0259ngdir. E\u015fq q\u0131rm\u0131z\u0131n\u0131 sev\u0259r, q\u0131rm\u0131z\u0131 da qad\u0131n\u0131&#8230;&#8221;, &#8211; N\u00fc\u015fab\u0259 bildirib. Onun \u015f\u0259kill\u0259rinin m\u00fc\u0259llifi is\u0259 fotoqraf S\u0259buhi \u0130mansoydur.<\/p>\n","protected":false},"author":2,"featured_media":87383,"comment_status":"closed","ping_status":"closed","sticky":false,"template":"","format":"standard","meta":{"om_disable_all_campaigns":false,"_monsterinsights_skip_tracking":false,"_monsterinsights_sitenote_active":false,"_monsterinsights_sitenote_note":"","_monsterinsights_sitenote_category":0},"categories":[20],"tags":[],"aioseo_notices":[],"gutentor_comment":0,"rttpg_featured_image_url":{"full":["https:\/\/arantv.az\/wp-content\/uploads\/2019\/10\/73546679_255839138674782_7466536160009912320_n.jpg",960,641,false],"landscape":["https:\/\/arantv.az\/wp-content\/uploads\/2019\/10\/73546679_255839138674782_7466536160009912320_n.jpg",960,641,false],"portraits":["https:\/\/arantv.az\/wp-content\/uploads\/2019\/10\/73546679_255839138674782_7466536160009912320_n.jpg",960,641,false],"thumbnail":["https:\/\/arantv.az\/wp-content\/uploads\/2019\/10\/73546679_255839138674782_7466536160009912320_n-150x150.jpg",150,150,true],"medium":["https:\/\/arantv.az\/wp-content\/uploads\/2019\/10\/73546679_255839138674782_7466536160009912320_n-300x200.jpg",300,200,true],"large":["https:\/\/arantv.az\/wp-content\/uploads\/2019\/10\/73546679_255839138674782_7466536160009912320_n.jpg",640,427,false],"1536x1536":["https:\/\/arantv.az\/wp-content\/uploads\/2019\/10\/73546679_255839138674782_7466536160009912320_n.jpg",960,641,false],"2048x2048":["https:\/\/arantv.az\/wp-content\/uploads\/2019\/10\/73546679_255839138674782_7466536160009912320_n.jpg",960,641,false],"post-thumbnail":["https:\/\/arantv.az\/wp-content\/uploads\/2019\/10\/73546679_255839138674782_7466536160009912320_n-240x172.jpg",240,172,true],"advps-thumb-one":["https:\/\/arantv.az\/wp-content\/uploads\/2019\/10\/73546679_255839138674782_7466536160009912320_n-960x620.jpg",960,620,true]},"rttpg_author":{"display_name":"V\u00fcsal Rafiqo\u011flu","author_link":"https:\/\/arantv.az\/?author=2"},"rttpg_comment":0,"rttpg_category":"<a href=\"https:\/\/arantv.az\/?cat=20\" rel=\"category\">\u015eou biznes<\/a>","rttpg_excerpt":"M\u00fc\u011f\u0259nni N\u00fc\u015fab\u0259 Musayevan\u0131n yeni fotosessiyas\u0131 i\u015f\u0131q \u00f6z\u00fc g\u00f6r\u00fcb. ARANTV.AZ x\u0259b\u0259r verir ki, N\u00fc\u015fab\u0259 bu \u015f\u0259kill\u0259rd\u0259 &#8220;G\u00fccl\u00fc qad\u0131n&#8221; obraz\u0131nda etdirib. &#8221; Tanr\u0131 qad\u0131n\u0131 m\u00fck\u0259mm\u0259l yaratd\u0131. Ona \u0259n \u00e7ox yara\u015fan q\u0131rm\u0131z\u0131n\u0131 da unutmad\u0131. Q\u0131rm\u0131z\u0131, d\u0259lisov r\u0259ngdir. E\u015fq q\u0131rm\u0131z\u0131n\u0131 sev\u0259r, q\u0131rm\u0131z\u0131 da qad\u0131n\u0131&#8230;&#8221;, &#8211; N\u00fc\u015fab\u0259 bildirib. Onun \u015f\u0259kill\u0259rinin m\u00fc\u0259llifi is\u0259 fotoqraf S\u0259buhi \u0130mansoydur.","_links":{"self":[{"href":"https:\/\/arantv.az\/index.php?rest_route=\/wp\/v2\/posts\/87380"}],"collection":[{"href":"https:\/\/arantv.az\/index.php?rest_route=\/wp\/v2\/posts"}],"about":[{"href":"https:\/\/arantv.az\/index.php?rest_route=\/wp\/v2\/types\/post"}],"author":[{"embeddable":true,"href":"https:\/\/arantv.az\/index.php?rest_route=\/wp\/v2\/users\/2"}],"replies":[{"embeddable":true,"href":"https:\/\/arantv.az\/index.php?rest_route=%2Fwp%2Fv2%2Fcomments&post=87380"}],"version-history":[{"count":0,"href":"https:\/\/arantv.az\/index.php?rest_route=\/wp\/v2\/posts\/87380\/revisions"}],"wp:featuredmedia":[{"embeddable":true,"href":"https:\/\/arantv.az\/index.php?rest_route=\/wp\/v2\/media\/87383"}],"wp:attachment":[{"href":"https:\/\/arantv.az\/index.php?rest_route=%2Fwp%2Fv2%2Fmedia&parent=87380"}],"wp:term":[{"taxonomy":"category","embeddable":true,"href":"https:\/\/arantv.az\/index.php?rest_route=%2Fwp%2Fv2%2Fcategories&post=87380"},{"taxonomy":"post_tag","embeddable":true,"href":"https:\/\/arantv.az\/index.php?rest_route=%2Fwp%2Fv2%2Ftags&post=87380"}],"curies":[{"name":"wp","href":"https:\/\/api.w.org\/{rel}","templated":true}]}}