{"id":87409,"date":"2019-10-21T09:35:14","date_gmt":"2019-10-21T06:35:14","guid":{"rendered":"http:\/\/arantv.az\/?p=87409"},"modified":"2019-10-21T09:35:14","modified_gmt":"2019-10-21T06:35:14","slug":"az%c9%99rbaycanda-l%c9%99gv-edilmis-dovl%c9%99t-qurumunun-r%c9%99hb%c9%99rin%c9%99-yeni-v%c9%99zif%c9%99-verildi","status":"publish","type":"post","link":"https:\/\/arantv.az\/?p=87409","title":{"rendered":"Az\u0259rbaycanda l\u0259\u011fv edilmi\u015f d\u00f6vl\u0259t qurumunun r\u0259hb\u0259rin\u0259 YEN\u0130 V\u018fZ\u0130F\u018f VER\u0130LD\u0130"},"content":{"rendered":"<p><strong>\u201cAz\u0259rtelekom\u201d MMC-d\u0259 strategiya \u00fczr\u0259 m\u00fc\u015favir v\u0259zif\u0259sin\u0259 t\u0259yinat olub.<\/strong><\/p>\n<p>Bu v\u0259zif\u0259 Az\u0259r Bayramova h\u0259val\u0259 edilib.<\/p>\n<p>O, bundan \u0259vv\u0259l N\u0259qliyyat, Rabit\u0259 v\u0259 Y\u00fcks\u0259k Texnologiyalar Nazirliyinin l\u0259\u011fv edilmi\u015f \u0130nformasiya Texnologiyalar\u0131n\u0131n \u0130nki\u015faf\u0131 D\u00f6vl\u0259t Fondunun icra\u00e7\u0131 direktoru v\u0259zif\u0259sind\u0259 \u00e7al\u0131\u015f\u0131b.<\/p>\n<p>Xat\u0131rladaq ki, &#8220;Az\u0259rtelekom&#8221; 2008-ci ild\u0259 yarad\u0131l\u0131b, Az\u0259rbaycan\u0131n apar\u0131c\u0131 telekommunikasiya operatorudur. Onun nizamnam\u0259 kapital\u0131\u00a0<strong>5 231 578<\/strong>\u00a0manatd\u0131r.<\/p>\n","protected":false},"excerpt":{"rendered":"<p>\u201cAz\u0259rtelekom\u201d MMC-d\u0259 strategiya \u00fczr\u0259 m\u00fc\u015favir v\u0259zif\u0259sin\u0259 t\u0259yinat olub. Bu v\u0259zif\u0259 Az\u0259r Bayramova h\u0259val\u0259 edilib. O, bundan \u0259vv\u0259l N\u0259qliyyat, Rabit\u0259 v\u0259 Y\u00fcks\u0259k Texnologiyalar Nazirliyinin l\u0259\u011fv edilmi\u015f \u0130nformasiya Texnologiyalar\u0131n\u0131n \u0130nki\u015faf\u0131 D\u00f6vl\u0259t Fondunun icra\u00e7\u0131 direktoru v\u0259zif\u0259sind\u0259 \u00e7al\u0131\u015f\u0131b. Xat\u0131rladaq ki, &#8220;Az\u0259rtelekom&#8221; 2008-ci ild\u0259 yarad\u0131l\u0131b, Az\u0259rbaycan\u0131n apar\u0131c\u0131 telekommunikasiya operatorudur. Onun nizamnam\u0259 kapital\u0131\u00a05 231 578\u00a0manatd\u0131r.<\/p>\n","protected":false},"author":2,"featured_media":87410,"comment_status":"closed","ping_status":"closed","sticky":false,"template":"","format":"standard","meta":{"om_disable_all_campaigns":false,"_monsterinsights_skip_tracking":false,"_monsterinsights_sitenote_active":false,"_monsterinsights_sitenote_note":"","_monsterinsights_sitenote_category":0},"categories":[1],"tags":[],"aioseo_notices":[],"gutentor_comment":0,"rttpg_featured_image_url":{"full":["https:\/\/arantv.az\/wp-content\/uploads\/2019\/10\/kreslo_201214.jpg",800,450,false],"landscape":["https:\/\/arantv.az\/wp-content\/uploads\/2019\/10\/kreslo_201214.jpg",800,450,false],"portraits":["https:\/\/arantv.az\/wp-content\/uploads\/2019\/10\/kreslo_201214.jpg",800,450,false],"thumbnail":["https:\/\/arantv.az\/wp-content\/uploads\/2019\/10\/kreslo_201214-150x150.jpg",150,150,true],"medium":["https:\/\/arantv.az\/wp-content\/uploads\/2019\/10\/kreslo_201214-300x169.jpg",300,169,true],"large":["https:\/\/arantv.az\/wp-content\/uploads\/2019\/10\/kreslo_201214.jpg",640,360,false],"1536x1536":["https:\/\/arantv.az\/wp-content\/uploads\/2019\/10\/kreslo_201214.jpg",800,450,false],"2048x2048":["https:\/\/arantv.az\/wp-content\/uploads\/2019\/10\/kreslo_201214.jpg",800,450,false],"post-thumbnail":["https:\/\/arantv.az\/wp-content\/uploads\/2019\/10\/kreslo_201214-240x172.jpg",240,172,true],"advps-thumb-one":["https:\/\/arantv.az\/wp-content\/uploads\/2019\/10\/kreslo_201214.jpg",800,450,false]},"rttpg_author":{"display_name":"V\u00fcsal Rafiqo\u011flu","author_link":"https:\/\/arantv.az\/?author=2"},"rttpg_comment":0,"rttpg_category":"<a href=\"https:\/\/arantv.az\/?cat=1\" rel=\"category\">C\u0259miyy\u0259t<\/a>","rttpg_excerpt":"\u201cAz\u0259rtelekom\u201d MMC-d\u0259 strategiya \u00fczr\u0259 m\u00fc\u015favir v\u0259zif\u0259sin\u0259 t\u0259yinat olub. Bu v\u0259zif\u0259 Az\u0259r Bayramova h\u0259val\u0259 edilib. O, bundan \u0259vv\u0259l N\u0259qliyyat, Rabit\u0259 v\u0259 Y\u00fcks\u0259k Texnologiyalar Nazirliyinin l\u0259\u011fv edilmi\u015f \u0130nformasiya Texnologiyalar\u0131n\u0131n \u0130nki\u015faf\u0131 D\u00f6vl\u0259t Fondunun icra\u00e7\u0131 direktoru v\u0259zif\u0259sind\u0259 \u00e7al\u0131\u015f\u0131b. Xat\u0131rladaq ki, &#8220;Az\u0259rtelekom&#8221; 2008-ci ild\u0259 yarad\u0131l\u0131b, Az\u0259rbaycan\u0131n apar\u0131c\u0131 telekommunikasiya operatorudur. Onun nizamnam\u0259 kapital\u0131\u00a05 231 578\u00a0manatd\u0131r.","_links":{"self":[{"href":"https:\/\/arantv.az\/index.php?rest_route=\/wp\/v2\/posts\/87409"}],"collection":[{"href":"https:\/\/arantv.az\/index.php?rest_route=\/wp\/v2\/posts"}],"about":[{"href":"https:\/\/arantv.az\/index.php?rest_route=\/wp\/v2\/types\/post"}],"author":[{"embeddable":true,"href":"https:\/\/arantv.az\/index.php?rest_route=\/wp\/v2\/users\/2"}],"replies":[{"embeddable":true,"href":"https:\/\/arantv.az\/index.php?rest_route=%2Fwp%2Fv2%2Fcomments&post=87409"}],"version-history":[{"count":0,"href":"https:\/\/arantv.az\/index.php?rest_route=\/wp\/v2\/posts\/87409\/revisions"}],"wp:featuredmedia":[{"embeddable":true,"href":"https:\/\/arantv.az\/index.php?rest_route=\/wp\/v2\/media\/87410"}],"wp:attachment":[{"href":"https:\/\/arantv.az\/index.php?rest_route=%2Fwp%2Fv2%2Fmedia&parent=87409"}],"wp:term":[{"taxonomy":"category","embeddable":true,"href":"https:\/\/arantv.az\/index.php?rest_route=%2Fwp%2Fv2%2Fcategories&post=87409"},{"taxonomy":"post_tag","embeddable":true,"href":"https:\/\/arantv.az\/index.php?rest_route=%2Fwp%2Fv2%2Ftags&post=87409"}],"curies":[{"name":"wp","href":"https:\/\/api.w.org\/{rel}","templated":true}]}}