{"id":87435,"date":"2019-10-21T09:57:31","date_gmt":"2019-10-21T06:57:31","guid":{"rendered":"http:\/\/arantv.az\/?p=87435"},"modified":"2019-10-21T09:57:31","modified_gmt":"2019-10-21T06:57:31","slug":"kuba-prezidenti-az%c9%99rbaycana-g%c9%99lir","status":"publish","type":"post","link":"https:\/\/arantv.az\/?p=87435","title":{"rendered":"Kuba prezidenti Az\u0259rbaycana g\u0259lir"},"content":{"rendered":"<p>Kuba Prezidenti Migel Dias-Kanel Az\u0259rbaycana s\u0259f\u0259r ed\u0259c\u0259k.<\/p>\n<p><strong>ARANTV.AZ<\/strong>-\u0131n m\u0259lumat\u0131na g\u00f6r\u0259, o, Bak\u0131da ke\u00e7iril\u0259c\u0259k Qo\u015fulmama H\u0259r\u0259kat\u0131n\u0131n sammitind\u0259 i\u015ftirak ed\u0259c\u0259k.<\/p>\n<div id=\"AdviadNativeVideo0\" class=\"AdviadNativeVideo\">\n<div class=\"adviad-inboard\">\n<div>\n<div id=\"teads0\" class=\"adviad-player\"><\/div>\n<\/div>\n<\/div>\n<\/div>\n<p>Bundan sonra, Dias-Kanel Rusiyaya s\u0259f\u0259r ed\u0259c\u0259k v\u0259 Rusiya Prezidenti Vladimir Putinl\u0259 g\u00f6r\u00fc\u015f\u0259c\u0259k.oxu.az<\/p>\n","protected":false},"excerpt":{"rendered":"<p>Kuba Prezidenti Migel Dias-Kanel Az\u0259rbaycana s\u0259f\u0259r ed\u0259c\u0259k. ARANTV.AZ-\u0131n m\u0259lumat\u0131na g\u00f6r\u0259, o, Bak\u0131da ke\u00e7iril\u0259c\u0259k Qo\u015fulmama H\u0259r\u0259kat\u0131n\u0131n sammitind\u0259 i\u015ftirak ed\u0259c\u0259k. Bundan sonra, Dias-Kanel Rusiyaya s\u0259f\u0259r ed\u0259c\u0259k v\u0259 Rusiya Prezidenti Vladimir Putinl\u0259 g\u00f6r\u00fc\u015f\u0259c\u0259k.oxu.az<\/p>\n","protected":false},"author":2,"featured_media":87436,"comment_status":"closed","ping_status":"closed","sticky":false,"template":"","format":"standard","meta":{"om_disable_all_campaigns":false,"_monsterinsights_skip_tracking":false,"_monsterinsights_sitenote_active":false,"_monsterinsights_sitenote_note":"","_monsterinsights_sitenote_category":0},"categories":[4],"tags":[],"aioseo_notices":[],"gutentor_comment":0,"rttpg_featured_image_url":{"full":["https:\/\/arantv.az\/wp-content\/uploads\/2019\/10\/12fcf981f1092b6d57c7d3fab7a9fbf68c71cd9799f9000d5e9877e71e650656.jpg",620,413,false],"landscape":["https:\/\/arantv.az\/wp-content\/uploads\/2019\/10\/12fcf981f1092b6d57c7d3fab7a9fbf68c71cd9799f9000d5e9877e71e650656.jpg",620,413,false],"portraits":["https:\/\/arantv.az\/wp-content\/uploads\/2019\/10\/12fcf981f1092b6d57c7d3fab7a9fbf68c71cd9799f9000d5e9877e71e650656.jpg",620,413,false],"thumbnail":["https:\/\/arantv.az\/wp-content\/uploads\/2019\/10\/12fcf981f1092b6d57c7d3fab7a9fbf68c71cd9799f9000d5e9877e71e650656-150x150.jpg",150,150,true],"medium":["https:\/\/arantv.az\/wp-content\/uploads\/2019\/10\/12fcf981f1092b6d57c7d3fab7a9fbf68c71cd9799f9000d5e9877e71e650656-300x200.jpg",300,200,true],"large":["https:\/\/arantv.az\/wp-content\/uploads\/2019\/10\/12fcf981f1092b6d57c7d3fab7a9fbf68c71cd9799f9000d5e9877e71e650656.jpg",620,413,false],"1536x1536":["https:\/\/arantv.az\/wp-content\/uploads\/2019\/10\/12fcf981f1092b6d57c7d3fab7a9fbf68c71cd9799f9000d5e9877e71e650656.jpg",620,413,false],"2048x2048":["https:\/\/arantv.az\/wp-content\/uploads\/2019\/10\/12fcf981f1092b6d57c7d3fab7a9fbf68c71cd9799f9000d5e9877e71e650656.jpg",620,413,false],"post-thumbnail":["https:\/\/arantv.az\/wp-content\/uploads\/2019\/10\/12fcf981f1092b6d57c7d3fab7a9fbf68c71cd9799f9000d5e9877e71e650656-240x172.jpg",240,172,true],"advps-thumb-one":["https:\/\/arantv.az\/wp-content\/uploads\/2019\/10\/12fcf981f1092b6d57c7d3fab7a9fbf68c71cd9799f9000d5e9877e71e650656.jpg",620,413,false]},"rttpg_author":{"display_name":"V\u00fcsal Rafiqo\u011flu","author_link":"https:\/\/arantv.az\/?author=2"},"rttpg_comment":0,"rttpg_category":"<a href=\"https:\/\/arantv.az\/?cat=4\" rel=\"category\">Siyas\u0259t<\/a>","rttpg_excerpt":"Kuba Prezidenti Migel Dias-Kanel Az\u0259rbaycana s\u0259f\u0259r ed\u0259c\u0259k. ARANTV.AZ-\u0131n m\u0259lumat\u0131na g\u00f6r\u0259, o, Bak\u0131da ke\u00e7iril\u0259c\u0259k Qo\u015fulmama H\u0259r\u0259kat\u0131n\u0131n sammitind\u0259 i\u015ftirak ed\u0259c\u0259k. Bundan sonra, Dias-Kanel Rusiyaya s\u0259f\u0259r ed\u0259c\u0259k v\u0259 Rusiya Prezidenti Vladimir Putinl\u0259 g\u00f6r\u00fc\u015f\u0259c\u0259k.oxu.az","_links":{"self":[{"href":"https:\/\/arantv.az\/index.php?rest_route=\/wp\/v2\/posts\/87435"}],"collection":[{"href":"https:\/\/arantv.az\/index.php?rest_route=\/wp\/v2\/posts"}],"about":[{"href":"https:\/\/arantv.az\/index.php?rest_route=\/wp\/v2\/types\/post"}],"author":[{"embeddable":true,"href":"https:\/\/arantv.az\/index.php?rest_route=\/wp\/v2\/users\/2"}],"replies":[{"embeddable":true,"href":"https:\/\/arantv.az\/index.php?rest_route=%2Fwp%2Fv2%2Fcomments&post=87435"}],"version-history":[{"count":0,"href":"https:\/\/arantv.az\/index.php?rest_route=\/wp\/v2\/posts\/87435\/revisions"}],"wp:featuredmedia":[{"embeddable":true,"href":"https:\/\/arantv.az\/index.php?rest_route=\/wp\/v2\/media\/87436"}],"wp:attachment":[{"href":"https:\/\/arantv.az\/index.php?rest_route=%2Fwp%2Fv2%2Fmedia&parent=87435"}],"wp:term":[{"taxonomy":"category","embeddable":true,"href":"https:\/\/arantv.az\/index.php?rest_route=%2Fwp%2Fv2%2Fcategories&post=87435"},{"taxonomy":"post_tag","embeddable":true,"href":"https:\/\/arantv.az\/index.php?rest_route=%2Fwp%2Fv2%2Ftags&post=87435"}],"curies":[{"name":"wp","href":"https:\/\/api.w.org\/{rel}","templated":true}]}}